{"id":33576,"date":"2025-08-11T09:13:17","date_gmt":"2025-08-11T12:13:17","guid":{"rendered":"https:\/\/minutobahia24h.com.br\/?p=33576"},"modified":"2025-08-11T09:13:19","modified_gmt":"2025-08-11T12:13:19","slug":"isolamento-de-bolsonaro-na-prisao-embaralha-articulacao-da-direita-para-2026","status":"publish","type":"post","link":"https:\/\/minutobahia24h.com.br\/?p=33576","title":{"rendered":"Isolamento de Bolsonaro na pris\u00e3o embaralha articula\u00e7\u00e3o da direita para 2026"},"content":{"rendered":"<div class=\"wp-block-image\">\n<figure class=\"aligncenter size-large\"><img data-recalc-dims=\"1\" fetchpriority=\"high\" decoding=\"async\" width=\"800\" height=\"420\" src=\"https:\/\/i0.wp.com\/minutobahia24h.com.br\/wp-content\/uploads\/2025\/08\/Sem-titulo-138-1024x538.jpg?resize=800%2C420&#038;ssl=1\" alt=\"\" class=\"wp-image-33577\" srcset=\"https:\/\/i0.wp.com\/minutobahia24h.com.br\/wp-content\/uploads\/2025\/08\/Sem-titulo-138.jpg?resize=1024%2C538&amp;ssl=1 1024w, https:\/\/i0.wp.com\/minutobahia24h.com.br\/wp-content\/uploads\/2025\/08\/Sem-titulo-138.jpg?resize=300%2C158&amp;ssl=1 300w, https:\/\/i0.wp.com\/minutobahia24h.com.br\/wp-content\/uploads\/2025\/08\/Sem-titulo-138.jpg?resize=768%2C403&amp;ssl=1 768w, https:\/\/i0.wp.com\/minutobahia24h.com.br\/wp-content\/uploads\/2025\/08\/Sem-titulo-138.jpg?resize=750%2C394&amp;ssl=1 750w, https:\/\/i0.wp.com\/minutobahia24h.com.br\/wp-content\/uploads\/2025\/08\/Sem-titulo-138.jpg?resize=1140%2C599&amp;ssl=1 1140w, https:\/\/i0.wp.com\/minutobahia24h.com.br\/wp-content\/uploads\/2025\/08\/Sem-titulo-138.jpg?w=1200&amp;ssl=1 1200w\" sizes=\"(max-width: 800px) 100vw, 800px\" \/><figcaption class=\"wp-element-caption\">Foto: Lula Marques \/ Ag\u00eancia Brasil<br><\/figcaption><\/figure>\n<\/div>\n\n\n<p>Jair Bolsonaro (PL) completa nesta segunda-feira (11) uma semana de pris\u00e3o domiciliar. A decis\u00e3o do ministro Alexandre de Moraes, do STF (Supremo Tribunal Federal), pegou seus advogados, fam\u00edlia, aliados e o pr\u00f3prio ex-presidente de surpresa. Bolsonaro descumpriu medida cautelar imposta pelo magistrado ao participar, por videochamada, de ato bolsonarista no Rio de Janeiro e falar com apoiadores.\u00a0<\/p>\n\n\n\n<p>O ato teve como consequ\u00eancia a antecipa\u00e7\u00e3o da sua pris\u00e3o, algo que era esperado por seus aliados apenas ap\u00f3s o tr\u00e2nsito em julgado de uma prov\u00e1vel senten\u00e7a no caso da trama golpista, da qual \u00e9 acusado de ser uma das lideran\u00e7as. Ou seja, no fim do semestre.\u00a0<\/p>\n\n\n\n<p>Com isso, houve um isolamento social que marca o fim de suas viagens pelo pa\u00eds, reuni\u00f5es e telefonemas di\u00e1rios com lideran\u00e7as e potenciais candidatos. Como cabe a ele a \u00faltima palavra para definir quem ser\u00e1 ou n\u00e3o candidato, essas articula\u00e7\u00f5es ficam prejudicadas, segundo interlocutores do ex-presidente.\u00a0<\/p>\n\n\n\n<p>Em especial sobre 2026, a pris\u00e3o domiciliar ampliou a press\u00e3o de setores do mundo pol\u00edtico e empresarial para a escolha de um candidato, mas ao mesmo tempo dificultou conversas nesse sentido com o ex-presidente -abordar o assunto agora, em momento de fragilidade, pode soar indelicado e oportunista.\u00a0<\/p>\n\n\n\n<p>Esses mesmos aliados do ex-presidente esperavam que os meses at\u00e9 o tr\u00e2nsito em julgado da trama golpista ajudassem a amadurecer o entendimento em torno de uma candidatura vi\u00e1vel apoiada por Bolsonaro.\u00a0<\/p>\n\n\n\n<p>Agora Bolsonaro est\u00e1 isolado em casa, com comunica\u00e7\u00e3o e visitas limitadas. Antes de Moraes autorizar a ida de familiares, a ex-primeira-dama Michelle Bolsonaro era a principal interlocutora do ex-presidente, o que tornava a situa\u00e7\u00e3o ainda mais dif\u00edcil.\u00a0<\/p>\n\n\n\n<p>Presidente do PL Mulher, ela n\u00e3o tem bom tr\u00e2nsito no mundo pol\u00edtico e tampouco participa de articula\u00e7\u00f5es eleitorais.\u00a0<\/p>\n\n\n\n<p>Segundo a \u00faltima pesquisa do Datafolha, Michelle se sai melhor do que os filhos do ex-presidente numa eventual disputa contra Lula. Mas hoje esse cen\u00e1rio \u00e9 considerado menos prov\u00e1vel, e ela deve se lan\u00e7ar ao Senado pelo Distrito Federal.\u00a0<\/p>\n\n\n\n<p>Bolsonaro ter\u00e1 no seu filho senador Fl\u00e1vio Bolsonaro (PL-RJ) um dos principais interlocutores.\u00a0<\/p>\n\n\n\n<p>As visitas que recebeu nesta primeira semana de isolamento for\u00e7ado tamb\u00e9m s\u00e3o ind\u00edcios de quem ter\u00e1 acesso \u00e0s conversas definidoras sobre a presid\u00eancia nos pr\u00f3ximos meses: Fl\u00e1vio; o presidente do PP, Ciro Nogueira (PI); e Tarc\u00edsio de Freitas (Republicanos), governador de S\u00e3o Paulo.\u00a0<\/p>\n\n\n\n<p>Ciro Nogueira ficou cerca de meia hora com o ex-presidente. Ao deixar o condom\u00ednio no Jardim Bot\u00e2nico, onde fica a casa de alto padr\u00e3o de Bolsonaro, gravou um v\u00eddeo em que disse: &#8220;Vi que, apesar de triste, nosso capit\u00e3o continua inabal\u00e1vel acreditando no nosso Brasil e confiando em Deus&#8221;.\u00a0<\/p>\n\n\n\n<p>A interlocutores o senador demonstrou preocupa\u00e7\u00e3o com o ex-presidente, que tinha semblante abatido. Tanto o quadro psicol\u00f3gico quanto o de sa\u00fade t\u00eam sido as principais preocupa\u00e7\u00f5es de aliados com Bolsonaro. Ele ainda tem crises de solu\u00e7o e receber\u00e1 visita de seus m\u00e9dicos na pr\u00f3xima semana.\u00a0<\/p>\n\n\n\n<p>Na quinta-feira (7), Bolsonaro recebeu Tarc\u00edsio, com quem ficou por quase duas horas. A jornalistas o governador de S\u00e3o Paulo afirmou que foi um bom encontro e que Bolsonaro estava sereno.\u00a0<\/p>\n\n\n\n<p>Aliados dos dois dizem que n\u00e3o foi discutido 2026, que o \u00fanico assunto poss\u00edvel hoje \u00e9 a pris\u00e3o e formas de revert\u00ea-la. O governador buscar\u00e1 encontrar um caminho para ajud\u00e1-lo, dizem interlocutores, sem detalhar qual seria.\u00a0<\/p>\n\n\n\n<p>Qualquer movimento eleitoral neste momento poderia ser interpretado pelos bolsonaristas com desconfian\u00e7a. Os filhos do ex-presidente j\u00e1 deram declara\u00e7\u00f5es cr\u00edticas ao governador de S\u00e3o Paulo, em especial ap\u00f3s sua aus\u00eancia nos atos de domingo.<br>&nbsp;<\/p>\n\n\n\n<p>Por um lado, Tarc\u00edsio quer dist\u00e2ncia do tema tarifa\u00e7o, pois avalia que a direita saiu desgastada devido \u00e0 atua\u00e7\u00e3o de Eduardo Bolsonaro (PL-SP) nos Estados Unidos. Tamb\u00e9m evita criticar diretamente Alexandre de Moraes, com quem tem boa rela\u00e7\u00e3o. A postura o afasta do bolsonarismo raiz, mas agrada setores do empresariado.\u00a0<\/p>\n\n\n\n<p>Por outro, ele mant\u00e9m um canal direto com o ex-presidente. A expectativa \u00e9 de que mantenha agenda peri\u00f3dica a Bras\u00edlia para ter essas conversas privadas com Bolsonaro, caso a pris\u00e3o n\u00e3o seja revertida.\u00a0<\/p>\n\n\n\n<p>Seus aliados dizem que \u00e9 imprescind\u00edvel, caso ele seja al\u00e7ado \u00e0 sucess\u00e3o, manter o alinhamento pol\u00edtico com Bolsonaro. Tarc\u00edsio de Freitas diz que n\u00e3o quer ser candidato \u00e0 Presid\u00eancia, mas sim \u00e0 reelei\u00e7\u00e3o por S\u00e3o Paulo.\u00a0<\/p>\n\n\n\n<p>De acordo com o \u00faltimo Datafolha, Lula lidera cen\u00e1rio no primeiro turno de forma isolada. Mas, no segundo, empata com Bolsonaro e Tarc\u00edsio, no limite da margem de erro. O ex-presidente est\u00e1 ineleg\u00edvel.\u00a0<\/p>\n\n\n\n<p>O bolsonarismo mirou tamb\u00e9m outros pr\u00e9-candidatos da direita por faltarem aos atos no domingo. Ratinho Jr (PSD), do Paran\u00e1; Romeu Zema (Novo), de Minas Gerais; Ronaldo Caiado (Uni\u00e3o), de Goi\u00e1s, n\u00e3o tamb\u00e9m foram \u00e0s manifesta\u00e7\u00f5es nas suas cidades -algo que Fl\u00e1vio classificou \u00e0 Folha de S.Paulo como &#8220;erro estrat\u00e9gico grande&#8221;.\u00a0<\/p>\n\n\n\n<p>Na mesma semana em que Bolsonaro esteve em pris\u00e3o domiciliar ocorreu um movimento de reunificar governadores desse campo, numa reuni\u00e3o na casa do governador do Distrito Federal, Ibaneis Rocha (MDB). O discurso era de criticar o governo Lula (PT) por sua atua\u00e7\u00e3o no tarifa\u00e7o e o STF, pelo que chamam de crise institucional.\u00a0<\/p>\n\n\n\n<p>Os participantes n\u00e3o tinham como objetivo discutir 2026, mas o tema entrou na conversa. Como mostrou a Folha de S.Paulo, governador Mauro Mendes disse aos participantes que o pr\u00f3ximo presidente do Brasil estava na reuni\u00e3o. Se n\u00e3o estivesse, disse Mendes, e a esquerda continuasse no poder, os respons\u00e1veis tamb\u00e9m estariam ali.<\/p>\n\n\n\n<p>BN<\/p>\n","protected":false},"excerpt":{"rendered":"<p>Jair Bolsonaro (PL) completa nesta segunda-feira (11) uma semana de pris\u00e3o domiciliar. A decis\u00e3o do ministro Alexandre de Moraes, do STF (Supremo Tribunal Federal), pegou seus advogados, fam\u00edlia, aliados e o pr\u00f3prio ex-presidente de surpresa. Bolsonaro descumpriu medida cautelar imposta pelo magistrado ao participar, por videochamada, de ato bolsonarista no Rio de Janeiro e falar [&hellip;]<\/p>\n","protected":false},"author":2,"featured_media":33577,"comment_status":"open","ping_status":"open","sticky":false,"template":"","format":"standard","meta":{"_jetpack_memberships_contains_paid_content":false,"footnotes":""},"categories":[39],"tags":[],"class_list":["post-33576","post","type-post","status-publish","format-standard","has-post-thumbnail","hentry","category-politica"],"aioseo_notices":[],"jetpack_featured_media_url":"https:\/\/i0.wp.com\/minutobahia24h.com.br\/wp-content\/uploads\/2025\/08\/Sem-titulo-138.jpg?fit=1200%2C630&ssl=1","jetpack_sharing_enabled":true,"_links":{"self":[{"href":"https:\/\/minutobahia24h.com.br\/index.php?rest_route=\/wp\/v2\/posts\/33576","targetHints":{"allow":["GET"]}}],"collection":[{"href":"https:\/\/minutobahia24h.com.br\/index.php?rest_route=\/wp\/v2\/posts"}],"about":[{"href":"https:\/\/minutobahia24h.com.br\/index.php?rest_route=\/wp\/v2\/types\/post"}],"author":[{"embeddable":true,"href":"https:\/\/minutobahia24h.com.br\/index.php?rest_route=\/wp\/v2\/users\/2"}],"replies":[{"embeddable":true,"href":"https:\/\/minutobahia24h.com.br\/index.php?rest_route=%2Fwp%2Fv2%2Fcomments&post=33576"}],"version-history":[{"count":1,"href":"https:\/\/minutobahia24h.com.br\/index.php?rest_route=\/wp\/v2\/posts\/33576\/revisions"}],"predecessor-version":[{"id":33578,"href":"https:\/\/minutobahia24h.com.br\/index.php?rest_route=\/wp\/v2\/posts\/33576\/revisions\/33578"}],"wp:featuredmedia":[{"embeddable":true,"href":"https:\/\/minutobahia24h.com.br\/index.php?rest_route=\/wp\/v2\/media\/33577"}],"wp:attachment":[{"href":"https:\/\/minutobahia24h.com.br\/index.php?rest_route=%2Fwp%2Fv2%2Fmedia&parent=33576"}],"wp:term":[{"taxonomy":"category","embeddable":true,"href":"https:\/\/minutobahia24h.com.br\/index.php?rest_route=%2Fwp%2Fv2%2Fcategories&post=33576"},{"taxonomy":"post_tag","embeddable":true,"href":"https:\/\/minutobahia24h.com.br\/index.php?rest_route=%2Fwp%2Fv2%2Ftags&post=33576"}],"curies":[{"name":"wp","href":"https:\/\/api.w.org\/{rel}","templated":true}]}}