{"id":33573,"date":"2025-08-11T09:11:26","date_gmt":"2025-08-11T12:11:26","guid":{"rendered":"https:\/\/minutobahia24h.com.br\/?p=33573"},"modified":"2025-08-11T09:11:28","modified_gmt":"2025-08-11T12:11:28","slug":"lula-e-alckmin-discutem-medidas-finais-contra-tarifa-dos-estados-unidos","status":"publish","type":"post","link":"https:\/\/minutobahia24h.com.br\/?p=33573","title":{"rendered":"Lula e Alckmin discutem medidas finais contra tarifa dos Estados Unidos"},"content":{"rendered":"<div class=\"wp-block-image\">\n<figure class=\"aligncenter size-full\"><img data-recalc-dims=\"1\" fetchpriority=\"high\" decoding=\"async\" width=\"601\" height=\"420\" src=\"https:\/\/i0.wp.com\/minutobahia24h.com.br\/wp-content\/uploads\/2025\/08\/Sem-titulo-137.jpg?resize=601%2C420&#038;ssl=1\" alt=\"\" class=\"wp-image-33574\" srcset=\"https:\/\/i0.wp.com\/minutobahia24h.com.br\/wp-content\/uploads\/2025\/08\/Sem-titulo-137.jpg?w=601&amp;ssl=1 601w, https:\/\/i0.wp.com\/minutobahia24h.com.br\/wp-content\/uploads\/2025\/08\/Sem-titulo-137.jpg?resize=300%2C210&amp;ssl=1 300w\" sizes=\"(max-width: 601px) 100vw, 601px\" \/><figcaption class=\"wp-element-caption\">Foto: F\u00e1bio Rodrigues- Pozzebom\/Ag\u00eancia Brasil<br><\/figcaption><\/figure>\n<\/div>\n\n\n<p>O presidente Luiz In\u00e1cio Lula da Silva (PT) convocou nesta segunda-feira (11) os ministros envolvidos nas negocia\u00e7\u00f5es com os Estados Unidos para conter o impacto das tarifas sobre produtos brasileiros. Este ser\u00e1 o encontro final antes do an\u00fancio oficial das medidas, que deve ocorrer at\u00e9 a pr\u00f3xima ter\u00e7a-feira (12).<\/p>\n\n\n\n<p>Em pauta, uma reuni\u00e3o inicial com a Casa Civil ser\u00e1 seguida por um encontro com Lula \u00e0s 17h, quando os detalhes finais devem ser alinhados.<\/p>\n\n\n\n<p>O vice-presidente e ministro do Desenvolvimento, Ind\u00fastria, Com\u00e9rcio e Servi\u00e7os (MDIC), Geraldo Alckmin (PSB), precisou cancelar compromissos em S\u00e3o Paulo para participar da mobiliza\u00e7\u00e3o final do governo.<\/p>\n\n\n\n<p><strong>Tarifa\u00e7o<\/strong><\/p>\n\n\n\n<p>A tarifa de 50% sobre os produtos brasileiros impostas pelo presidente dos Estados Unidos (EUA), Donald Trump, entra em vigor nesta quarta-feira, 6, ap\u00f3s a assinatura da Ordem Executiva para ado\u00e7\u00e3o da medida. O decreto assinado pelo americano no dia 30 de julho.<\/p>\n\n\n\n<p>O presidente Trump justificou a ado\u00e7\u00e3o das san\u00e7\u00f5es econ\u00f4micas ao pa\u00eds como tentativa de retalia\u00e7\u00e3o contra o julgamento do ex-presidente Jair Bolsonaro, apontado como suspeito de articular um golpe de Estado.<\/p>\n\n\n\n<p>\u201cA forma como o Brasil tem tratado o ex-Presidente Bolsonaro, um l\u00edder altamente respeitado em todo o mundo durante seu mandato, inclusive pelos Estados Unidos, \u00e9 uma vergonha internacional. Esse julgamento n\u00e3o deveria estar ocorrendo. \u00c9 uma Ca\u00e7a \u00e0s Bruxas que deve acabar IMEDIATAMENTE!\u201d, diz um trecho da carta de Trump enviada a Lula.<\/p>\n\n\n\n<p>Bahia.ba<\/p>\n","protected":false},"excerpt":{"rendered":"<p>O presidente Luiz In\u00e1cio Lula da Silva (PT) convocou nesta segunda-feira (11) os ministros envolvidos nas negocia\u00e7\u00f5es com os Estados Unidos para conter o impacto das tarifas sobre produtos brasileiros. Este ser\u00e1 o encontro final antes do an\u00fancio oficial das medidas, que deve ocorrer at\u00e9 a pr\u00f3xima ter\u00e7a-feira (12). Em pauta, uma reuni\u00e3o inicial com [&hellip;]<\/p>\n","protected":false},"author":2,"featured_media":33574,"comment_status":"open","ping_status":"open","sticky":false,"template":"","format":"standard","meta":{"_jetpack_memberships_contains_paid_content":false,"footnotes":""},"categories":[39],"tags":[],"class_list":["post-33573","post","type-post","status-publish","format-standard","has-post-thumbnail","hentry","category-politica"],"aioseo_notices":[],"jetpack_featured_media_url":"https:\/\/i0.wp.com\/minutobahia24h.com.br\/wp-content\/uploads\/2025\/08\/Sem-titulo-137.jpg?fit=601%2C420&ssl=1","jetpack_sharing_enabled":true,"_links":{"self":[{"href":"https:\/\/minutobahia24h.com.br\/index.php?rest_route=\/wp\/v2\/posts\/33573","targetHints":{"allow":["GET"]}}],"collection":[{"href":"https:\/\/minutobahia24h.com.br\/index.php?rest_route=\/wp\/v2\/posts"}],"about":[{"href":"https:\/\/minutobahia24h.com.br\/index.php?rest_route=\/wp\/v2\/types\/post"}],"author":[{"embeddable":true,"href":"https:\/\/minutobahia24h.com.br\/index.php?rest_route=\/wp\/v2\/users\/2"}],"replies":[{"embeddable":true,"href":"https:\/\/minutobahia24h.com.br\/index.php?rest_route=%2Fwp%2Fv2%2Fcomments&post=33573"}],"version-history":[{"count":1,"href":"https:\/\/minutobahia24h.com.br\/index.php?rest_route=\/wp\/v2\/posts\/33573\/revisions"}],"predecessor-version":[{"id":33575,"href":"https:\/\/minutobahia24h.com.br\/index.php?rest_route=\/wp\/v2\/posts\/33573\/revisions\/33575"}],"wp:featuredmedia":[{"embeddable":true,"href":"https:\/\/minutobahia24h.com.br\/index.php?rest_route=\/wp\/v2\/media\/33574"}],"wp:attachment":[{"href":"https:\/\/minutobahia24h.com.br\/index.php?rest_route=%2Fwp%2Fv2%2Fmedia&parent=33573"}],"wp:term":[{"taxonomy":"category","embeddable":true,"href":"https:\/\/minutobahia24h.com.br\/index.php?rest_route=%2Fwp%2Fv2%2Fcategories&post=33573"},{"taxonomy":"post_tag","embeddable":true,"href":"https:\/\/minutobahia24h.com.br\/index.php?rest_route=%2Fwp%2Fv2%2Ftags&post=33573"}],"curies":[{"name":"wp","href":"https:\/\/api.w.org\/{rel}","templated":true}]}}