{"id":33567,"date":"2025-08-11T09:08:50","date_gmt":"2025-08-11T12:08:50","guid":{"rendered":"https:\/\/minutobahia24h.com.br\/?p=33567"},"modified":"2025-08-11T09:08:51","modified_gmt":"2025-08-11T12:08:51","slug":"otto-alencar-diz-que-votara-contra-veto-de-lula-sobre-numero-de-deputados","status":"publish","type":"post","link":"https:\/\/minutobahia24h.com.br\/?p=33567","title":{"rendered":"Otto Alencar diz que votar\u00e1 contra veto de Lula sobre n\u00famero de deputados"},"content":{"rendered":"<div class=\"wp-block-image\">\n<figure class=\"aligncenter size-full\"><img data-recalc-dims=\"1\" fetchpriority=\"high\" decoding=\"async\" width=\"601\" height=\"420\" src=\"https:\/\/i0.wp.com\/minutobahia24h.com.br\/wp-content\/uploads\/2025\/08\/Sem-titulo-135.jpg?resize=601%2C420&#038;ssl=1\" alt=\"\" class=\"wp-image-33568\" srcset=\"https:\/\/i0.wp.com\/minutobahia24h.com.br\/wp-content\/uploads\/2025\/08\/Sem-titulo-135.jpg?w=601&amp;ssl=1 601w, https:\/\/i0.wp.com\/minutobahia24h.com.br\/wp-content\/uploads\/2025\/08\/Sem-titulo-135.jpg?resize=300%2C210&amp;ssl=1 300w\" sizes=\"(max-width: 601px) 100vw, 601px\" \/><figcaption class=\"wp-element-caption\">Foto: Roque S\u00e1\/Ag\u00eancia Senado<br><\/figcaption><\/figure>\n<\/div>\n\n\n<p>Apesar de pertencer a base do presidente Luiz In\u00e1cio Lula da Silva (PT), o senador Otto Alencar (PSD) afirmou que ir\u00e1 votar para derrubar o veto do petista contra o projeto de lei que aumenta o n\u00famero de deputados no Congresso Nacional.<\/p>\n\n\n\n<p>\u201cEu votei a favor no projeto e vou votar para derrubar o veto dele. Como \u00e9 que eu voto uma coisa antes e mudo o voto agora?J\u00e1 at\u00e9 falei com ele\u201d, afirmou o senador ao Metr\u00f3poles.<\/p>\n\n\n\n<p>A decis\u00e3o de Lula de vetar o projeto n\u00e3o foi bem recebida nem mesmo entre aliados. Parlamentares pr\u00f3ximos ao presidente sugeriram que ele deixasse a proposta caducar, o que transferiria a responsabilidade da aprova\u00e7\u00e3o ou rejei\u00e7\u00e3o ao presidente do Senado. Ainda assim, o petista decidiu vetar o texto.<\/p>\n\n\n\n<p>Agora, para que o veto seja derrubado, ser\u00e1 necess\u00e1rio o apoio da maioria absoluta tanto na C\u00e2mara quanto no Senado&nbsp; ou seja, pelo menos 257 deputados e 41 senadores ter\u00e3o que votar a favor, em vota\u00e7\u00f5es separadas.<\/p>\n\n\n\n<p><strong>Entenda o projeto<\/strong><\/p>\n\n\n\n<p>A C\u00e2mara dos Deputados pode gastar mais R$ 64,6 milh\u00f5es por ano caso o projeto que amplia o n\u00famero de deputados, de 513 para 531, a partir das elei\u00e7\u00f5es de 2026, seja aprovado. O c\u00e1lculo foi realizado pela dire\u00e7\u00e3o-geral da Casa, a pedido do deputado Dami\u00e3o Feliciano (Uni\u00e3o Brasil-PB), relator da proposta.<\/p>\n\n\n\n<p>A proposta foi aprovada em junho, mas enfrentou resist\u00eancia do governo desde o in\u00edcio das discuss\u00f5es. Auxiliares ainda tentaram convencer o presidente a sancionar o texto como forma de melhorar a rela\u00e7\u00e3o com o Legislativo.<\/p>\n\n\n\n<p>Bahia.ba<\/p>\n","protected":false},"excerpt":{"rendered":"<p>Apesar de pertencer a base do presidente Luiz In\u00e1cio Lula da Silva (PT), o senador Otto Alencar (PSD) afirmou que ir\u00e1 votar para derrubar o veto do petista contra o projeto de lei que aumenta o n\u00famero de deputados no Congresso Nacional. \u201cEu votei a favor no projeto e vou votar para derrubar o veto [&hellip;]<\/p>\n","protected":false},"author":2,"featured_media":33568,"comment_status":"open","ping_status":"open","sticky":false,"template":"","format":"standard","meta":{"_jetpack_memberships_contains_paid_content":false,"footnotes":""},"categories":[39],"tags":[],"class_list":["post-33567","post","type-post","status-publish","format-standard","has-post-thumbnail","hentry","category-politica"],"aioseo_notices":[],"jetpack_featured_media_url":"https:\/\/i0.wp.com\/minutobahia24h.com.br\/wp-content\/uploads\/2025\/08\/Sem-titulo-135.jpg?fit=601%2C420&ssl=1","jetpack_sharing_enabled":true,"_links":{"self":[{"href":"https:\/\/minutobahia24h.com.br\/index.php?rest_route=\/wp\/v2\/posts\/33567","targetHints":{"allow":["GET"]}}],"collection":[{"href":"https:\/\/minutobahia24h.com.br\/index.php?rest_route=\/wp\/v2\/posts"}],"about":[{"href":"https:\/\/minutobahia24h.com.br\/index.php?rest_route=\/wp\/v2\/types\/post"}],"author":[{"embeddable":true,"href":"https:\/\/minutobahia24h.com.br\/index.php?rest_route=\/wp\/v2\/users\/2"}],"replies":[{"embeddable":true,"href":"https:\/\/minutobahia24h.com.br\/index.php?rest_route=%2Fwp%2Fv2%2Fcomments&post=33567"}],"version-history":[{"count":1,"href":"https:\/\/minutobahia24h.com.br\/index.php?rest_route=\/wp\/v2\/posts\/33567\/revisions"}],"predecessor-version":[{"id":33569,"href":"https:\/\/minutobahia24h.com.br\/index.php?rest_route=\/wp\/v2\/posts\/33567\/revisions\/33569"}],"wp:featuredmedia":[{"embeddable":true,"href":"https:\/\/minutobahia24h.com.br\/index.php?rest_route=\/wp\/v2\/media\/33568"}],"wp:attachment":[{"href":"https:\/\/minutobahia24h.com.br\/index.php?rest_route=%2Fwp%2Fv2%2Fmedia&parent=33567"}],"wp:term":[{"taxonomy":"category","embeddable":true,"href":"https:\/\/minutobahia24h.com.br\/index.php?rest_route=%2Fwp%2Fv2%2Fcategories&post=33567"},{"taxonomy":"post_tag","embeddable":true,"href":"https:\/\/minutobahia24h.com.br\/index.php?rest_route=%2Fwp%2Fv2%2Ftags&post=33567"}],"curies":[{"name":"wp","href":"https:\/\/api.w.org\/{rel}","templated":true}]}}