{"id":3349,"date":"2023-11-03T07:53:51","date_gmt":"2023-11-03T10:53:51","guid":{"rendered":"https:\/\/minutobahia24h.com.br\/?p=3349"},"modified":"2023-11-03T07:53:52","modified_gmt":"2023-11-03T10:53:52","slug":"superintendente-da-prf-na-bahia-visitou-delegacia-de-senhor-do-bonfim","status":"publish","type":"post","link":"https:\/\/minutobahia24h.com.br\/?p=3349","title":{"rendered":"Superintendente da PRF na Bahia visitou delegacia de Senhor do Bonfim"},"content":{"rendered":"<div class=\"wp-block-image\">\n<figure class=\"aligncenter size-full\"><img data-recalc-dims=\"1\" fetchpriority=\"high\" decoding=\"async\" width=\"640\" height=\"480\" src=\"https:\/\/i0.wp.com\/minutobahia24h.com.br\/wp-content\/uploads\/2023\/11\/Sem-titulo-36.jpg?resize=640%2C480&#038;ssl=1\" alt=\"\" class=\"wp-image-3351\" srcset=\"https:\/\/i0.wp.com\/minutobahia24h.com.br\/wp-content\/uploads\/2023\/11\/Sem-titulo-36.jpg?w=640&amp;ssl=1 640w, https:\/\/i0.wp.com\/minutobahia24h.com.br\/wp-content\/uploads\/2023\/11\/Sem-titulo-36.jpg?resize=300%2C225&amp;ssl=1 300w\" sizes=\"(max-width: 640px) 100vw, 640px\" \/><\/figure>\n<\/div>\n\n\n<p>Na manh\u00e3 desta quarta-feira (01\/11), o superintendente da PRF na Bahia, inspetor Vagner Gomes se reuniu com os policiais rodovi\u00e1rios federais da Delegacia em Senhor do Bonfim. Ele estava acompanhado do chefe do Servi\u00e7o de Opera\u00e7\u00f5es (SEOP-BA), PRF Althemar Brand\u00e3o.<\/p>\n\n\n\n<p>Em sua fala, o superintendente regional agradeceu a presen\u00e7a do efetivo e destacou a import\u00e2ncia dos resultados da delegacia com os n\u00fameros positivos nas diversas a\u00e7\u00f5es que s\u00e3o implementadas, destacando o papel relevante da PRF na seguran\u00e7a vi\u00e1ria e p\u00fablica na regi\u00e3o Norte do estado.<\/p>\n\n\n\n<p>O inspetor Vagner abordou ainda temas como a estrutura predial dos postos e os investimentos que est\u00e3o sendo feitos al\u00e9m dos desafios no tocante \u00e0 gest\u00e3o do efetivo e da frota de ve\u00edculos. Ele tamb\u00e9m p\u00f4de escutar as demandas dos colegas e respondeu a questionamentos diversos.<\/p>\n\n\n<div class=\"wp-block-image\">\n<figure class=\"aligncenter\"><a href=\"https:\/\/i0.wp.com\/blogger.googleusercontent.com\/img\/b\/R29vZ2xl\/AVvXsEgP3clWfBwiDTzX70q-zTI-PZ9QV7k_j2JNIOwrhx7WnIKd5Vn3AYc_3D1Yyz3tQIqPJy0Lo5FMRcUZsbBX2xJEUjwbjJIK6qexiDCy4TMqv4GHDAIscFUwlsDAtqimCEeYfTj8facx3z_IXxHBolQ2GqiKYWlSCBJNj9NzJc09dOtTx0RLggVFFZJAFFJy\/s1024\/2ecbf930-a9ae-4063-85db-7c6afeeb45ca.jpeg?ssl=1\"><img data-recalc-dims=\"1\" decoding=\"async\" data-src=\"https:\/\/i0.wp.com\/blogger.googleusercontent.com\/img\/b\/R29vZ2xl\/AVvXsEgP3clWfBwiDTzX70q-zTI-PZ9QV7k_j2JNIOwrhx7WnIKd5Vn3AYc_3D1Yyz3tQIqPJy0Lo5FMRcUZsbBX2xJEUjwbjJIK6qexiDCy4TMqv4GHDAIscFUwlsDAtqimCEeYfTj8facx3z_IXxHBolQ2GqiKYWlSCBJNj9NzJc09dOtTx0RLggVFFZJAFFJy\/w300-h400\/2ecbf930-a9ae-4063-85db-7c6afeeb45ca.jpeg?w=800&#038;ssl=1\" alt=\"\" src=\"data:image\/gif;base64,R0lGODlhAQABAAAAACH5BAEKAAEALAAAAAABAAEAAAICTAEAOw==\" class=\"lazyload\" \/><noscript><img data-recalc-dims=\"1\" decoding=\"async\" src=\"https:\/\/i0.wp.com\/blogger.googleusercontent.com\/img\/b\/R29vZ2xl\/AVvXsEgP3clWfBwiDTzX70q-zTI-PZ9QV7k_j2JNIOwrhx7WnIKd5Vn3AYc_3D1Yyz3tQIqPJy0Lo5FMRcUZsbBX2xJEUjwbjJIK6qexiDCy4TMqv4GHDAIscFUwlsDAtqimCEeYfTj8facx3z_IXxHBolQ2GqiKYWlSCBJNj9NzJc09dOtTx0RLggVFFZJAFFJy\/w300-h400\/2ecbf930-a9ae-4063-85db-7c6afeeb45ca.jpeg?w=800&#038;ssl=1\" alt=\"\"\/><\/noscript><\/a><\/figure>\n<\/div>\n\n\n<p>J\u00e1 o inspetor Brand\u00e3o, falou sobre as peculiaridades da \u00e1rea operacional e as principais dificuldades e desafios que enfrenta no planejamento operacional das atividades. Teceu breves coment\u00e1rios sobre as atividades e opera\u00e7\u00f5es que ser\u00e3o desencadeadas at\u00e9 o final do ano.<\/p>\n\n\n\n<p>blogdonettomaravilha<\/p>\n","protected":false},"excerpt":{"rendered":"<p>Na manh\u00e3 desta quarta-feira (01\/11), o superintendente da PRF na Bahia, inspetor Vagner Gomes se reuniu com os policiais rodovi\u00e1rios federais da Delegacia em Senhor do Bonfim. Ele estava acompanhado do chefe do Servi\u00e7o de Opera\u00e7\u00f5es (SEOP-BA), PRF Althemar Brand\u00e3o. Em sua fala, o superintendente regional agradeceu a presen\u00e7a do efetivo e destacou a import\u00e2ncia [&hellip;]<\/p>\n","protected":false},"author":2,"featured_media":3351,"comment_status":"open","ping_status":"open","sticky":false,"template":"","format":"standard","meta":{"_jetpack_memberships_contains_paid_content":false,"footnotes":""},"categories":[17],"tags":[],"class_list":["post-3349","post","type-post","status-publish","format-standard","has-post-thumbnail","hentry","category-senhor-do-bonfim"],"aioseo_notices":[],"jetpack_featured_media_url":"https:\/\/i0.wp.com\/minutobahia24h.com.br\/wp-content\/uploads\/2023\/11\/Sem-titulo-36.jpg?fit=640%2C480&ssl=1","jetpack_sharing_enabled":true,"_links":{"self":[{"href":"https:\/\/minutobahia24h.com.br\/index.php?rest_route=\/wp\/v2\/posts\/3349","targetHints":{"allow":["GET"]}}],"collection":[{"href":"https:\/\/minutobahia24h.com.br\/index.php?rest_route=\/wp\/v2\/posts"}],"about":[{"href":"https:\/\/minutobahia24h.com.br\/index.php?rest_route=\/wp\/v2\/types\/post"}],"author":[{"embeddable":true,"href":"https:\/\/minutobahia24h.com.br\/index.php?rest_route=\/wp\/v2\/users\/2"}],"replies":[{"embeddable":true,"href":"https:\/\/minutobahia24h.com.br\/index.php?rest_route=%2Fwp%2Fv2%2Fcomments&post=3349"}],"version-history":[{"count":1,"href":"https:\/\/minutobahia24h.com.br\/index.php?rest_route=\/wp\/v2\/posts\/3349\/revisions"}],"predecessor-version":[{"id":3352,"href":"https:\/\/minutobahia24h.com.br\/index.php?rest_route=\/wp\/v2\/posts\/3349\/revisions\/3352"}],"wp:featuredmedia":[{"embeddable":true,"href":"https:\/\/minutobahia24h.com.br\/index.php?rest_route=\/wp\/v2\/media\/3351"}],"wp:attachment":[{"href":"https:\/\/minutobahia24h.com.br\/index.php?rest_route=%2Fwp%2Fv2%2Fmedia&parent=3349"}],"wp:term":[{"taxonomy":"category","embeddable":true,"href":"https:\/\/minutobahia24h.com.br\/index.php?rest_route=%2Fwp%2Fv2%2Fcategories&post=3349"},{"taxonomy":"post_tag","embeddable":true,"href":"https:\/\/minutobahia24h.com.br\/index.php?rest_route=%2Fwp%2Fv2%2Ftags&post=3349"}],"curies":[{"name":"wp","href":"https:\/\/api.w.org\/{rel}","templated":true}]}}