{"id":33420,"date":"2025-08-07T19:05:15","date_gmt":"2025-08-07T22:05:15","guid":{"rendered":"https:\/\/minutobahia24h.com.br\/?p=33420"},"modified":"2025-08-07T19:05:31","modified_gmt":"2025-08-07T22:05:31","slug":"municipio-de-andorinha-fortalece-saude-publica-com-emenda-de-r-126-milhao-destinada-pelos-deputados-daniel-almeida-e-bobo","status":"publish","type":"post","link":"https:\/\/minutobahia24h.com.br\/?p=33420","title":{"rendered":"Munic\u00edpio de Andorinha fortalece sa\u00fade p\u00fablica com emenda de R$ 1,26 milh\u00e3o destinada pelos deputados Daniel Almeida e Bob\u00f4"},"content":{"rendered":"<div class=\"wp-block-image\">\n<figure class=\"aligncenter size-large\"><img data-recalc-dims=\"1\" fetchpriority=\"high\" decoding=\"async\" width=\"800\" height=\"906\" src=\"https:\/\/i0.wp.com\/minutobahia24h.com.br\/wp-content\/uploads\/2025\/08\/img-20250807-wa14227442403304176292161-904x1024.jpg?resize=800%2C906&#038;ssl=1\" alt=\"\" class=\"wp-image-33419\" srcset=\"https:\/\/i0.wp.com\/minutobahia24h.com.br\/wp-content\/uploads\/2025\/08\/img-20250807-wa14227442403304176292161.jpg?resize=904%2C1024&amp;ssl=1 904w, https:\/\/i0.wp.com\/minutobahia24h.com.br\/wp-content\/uploads\/2025\/08\/img-20250807-wa14227442403304176292161.jpg?resize=265%2C300&amp;ssl=1 265w, https:\/\/i0.wp.com\/minutobahia24h.com.br\/wp-content\/uploads\/2025\/08\/img-20250807-wa14227442403304176292161.jpg?resize=768%2C870&amp;ssl=1 768w, https:\/\/i0.wp.com\/minutobahia24h.com.br\/wp-content\/uploads\/2025\/08\/img-20250807-wa14227442403304176292161.jpg?resize=1356%2C1536&amp;ssl=1 1356w, https:\/\/i0.wp.com\/minutobahia24h.com.br\/wp-content\/uploads\/2025\/08\/img-20250807-wa14227442403304176292161.jpg?resize=750%2C849&amp;ssl=1 750w, https:\/\/i0.wp.com\/minutobahia24h.com.br\/wp-content\/uploads\/2025\/08\/img-20250807-wa14227442403304176292161.jpg?resize=1140%2C1291&amp;ssl=1 1140w, https:\/\/i0.wp.com\/minutobahia24h.com.br\/wp-content\/uploads\/2025\/08\/img-20250807-wa14227442403304176292161.jpg?w=1766&amp;ssl=1 1766w, https:\/\/i0.wp.com\/minutobahia24h.com.br\/wp-content\/uploads\/2025\/08\/img-20250807-wa14227442403304176292161.jpg?w=1600 1600w\" sizes=\"(max-width: 800px) 100vw, 800px\" \/><\/figure>\n<\/div>\n\n\n<p>Na \u00faltima ter\u00e7a-feira (05), o munic\u00edpio de Andorinha celebrou um importante refor\u00e7o para a sa\u00fade p\u00fablica. Os deputados Daniel Almeida (federal) e Bob\u00f4 (estadual), ao lado do vice-prefeito Vagner Lavor, anunciaram nas redes sociais a destina\u00e7\u00e3o de uma emenda de custeio no valor de R$ 1.260.000,00 (um milh\u00e3o e duzentos e sessenta mil reais). <br><br>Do total, R$ 660 mil j\u00e1 est\u00e3o dispon\u00edveis na conta do munic\u00edpio, enquanto R$ 600 mil est\u00e3o na programa\u00e7\u00e3o. \u201cEsse recurso vai fortalecer o atendimento \u00e0 popula\u00e7\u00e3o, garantindo mais qualidade nos servi\u00e7os de sa\u00fade do munic\u00edpio. \u00c9 muita coisa boa que est\u00e1 caminhando e chegando para Andorinha\u201d, destacou o deputado Bob\u00f4.<br><br>Vale lembra que recentemente os parlamentares j\u00e1 haviam contribu\u00eddo com a sa\u00fade do munic\u00edpio, atrav\u00e9s do envio de duas ambul\u00e2ncias e uma emenda de R$ 1 milh\u00e3o para a constru\u00e7\u00e3o da Unidade B\u00e1sica de Sa\u00fade (UBS) no distrito de Medrado.<br><br>Em sua fala, o deputado federal Daniel Almeida destacou ainda que houve avan\u00e7os significativos nas tratativas para a constru\u00e7\u00e3o do Hospital Municipal de Andorinha, ap\u00f3s audi\u00eancia com a Secret\u00e1ria de Sa\u00fade do Estado, Roberta Santana.<br><br>O vice-prefeito Vagner Lavor agradeceu publicamente o apoio dos deputados, enfatizando o compromisso deles com a popula\u00e7\u00e3o andorinhense. \u201cNosso agradecimento ao deputado Daniel Almeida e ao deputado Bob\u00f4, que t\u00eam demonstrado um cuidado especial com Andorinha e ajudado a transformar a sa\u00fade do nosso povo\u201d, afirmou.<\/p>\n","protected":false},"excerpt":{"rendered":"<p>Na \u00faltima ter\u00e7a-feira (05), o munic\u00edpio de Andorinha celebrou um importante refor\u00e7o para a sa\u00fade p\u00fablica. Os deputados Daniel Almeida (federal) e Bob\u00f4 (estadual), ao lado do vice-prefeito Vagner Lavor, anunciaram nas redes sociais a destina\u00e7\u00e3o de uma emenda de custeio no valor de R$ 1.260.000,00 (um milh\u00e3o e duzentos e sessenta mil reais). Do [&hellip;]<\/p>\n","protected":false},"author":2,"featured_media":33419,"comment_status":"open","ping_status":"open","sticky":false,"template":"","format":"standard","meta":{"_jetpack_memberships_contains_paid_content":false,"footnotes":""},"categories":[3],"tags":[55],"class_list":["post-33420","post","type-post","status-publish","format-standard","has-post-thumbnail","hentry","category-regional","tag-andorinha"],"aioseo_notices":[],"jetpack_featured_media_url":"https:\/\/i0.wp.com\/minutobahia24h.com.br\/wp-content\/uploads\/2025\/08\/img-20250807-wa14227442403304176292161.jpg?fit=1766%2C2000&ssl=1","jetpack_sharing_enabled":true,"_links":{"self":[{"href":"https:\/\/minutobahia24h.com.br\/index.php?rest_route=\/wp\/v2\/posts\/33420","targetHints":{"allow":["GET"]}}],"collection":[{"href":"https:\/\/minutobahia24h.com.br\/index.php?rest_route=\/wp\/v2\/posts"}],"about":[{"href":"https:\/\/minutobahia24h.com.br\/index.php?rest_route=\/wp\/v2\/types\/post"}],"author":[{"embeddable":true,"href":"https:\/\/minutobahia24h.com.br\/index.php?rest_route=\/wp\/v2\/users\/2"}],"replies":[{"embeddable":true,"href":"https:\/\/minutobahia24h.com.br\/index.php?rest_route=%2Fwp%2Fv2%2Fcomments&post=33420"}],"version-history":[{"count":1,"href":"https:\/\/minutobahia24h.com.br\/index.php?rest_route=\/wp\/v2\/posts\/33420\/revisions"}],"predecessor-version":[{"id":33421,"href":"https:\/\/minutobahia24h.com.br\/index.php?rest_route=\/wp\/v2\/posts\/33420\/revisions\/33421"}],"wp:featuredmedia":[{"embeddable":true,"href":"https:\/\/minutobahia24h.com.br\/index.php?rest_route=\/wp\/v2\/media\/33419"}],"wp:attachment":[{"href":"https:\/\/minutobahia24h.com.br\/index.php?rest_route=%2Fwp%2Fv2%2Fmedia&parent=33420"}],"wp:term":[{"taxonomy":"category","embeddable":true,"href":"https:\/\/minutobahia24h.com.br\/index.php?rest_route=%2Fwp%2Fv2%2Fcategories&post=33420"},{"taxonomy":"post_tag","embeddable":true,"href":"https:\/\/minutobahia24h.com.br\/index.php?rest_route=%2Fwp%2Fv2%2Ftags&post=33420"}],"curies":[{"name":"wp","href":"https:\/\/api.w.org\/{rel}","templated":true}]}}