{"id":33392,"date":"2025-08-07T07:52:40","date_gmt":"2025-08-07T10:52:40","guid":{"rendered":"https:\/\/minutobahia24h.com.br\/?p=33392"},"modified":"2025-08-07T07:52:46","modified_gmt":"2025-08-07T10:52:46","slug":"interesses-pessoais-nao-estao-acima-do-povo-diz-motta-apos-retorno-a-camara","status":"publish","type":"post","link":"https:\/\/minutobahia24h.com.br\/?p=33392","title":{"rendered":"\u2018Interesses pessoais n\u00e3o est\u00e3o acima do povo\u2019, diz Motta ap\u00f3s retorno \u00e0 C\u00e2mara"},"content":{"rendered":"<div class=\"wp-block-image\">\n<figure class=\"aligncenter size-full\"><img data-recalc-dims=\"1\" fetchpriority=\"high\" decoding=\"async\" width=\"599\" height=\"419\" src=\"https:\/\/i0.wp.com\/minutobahia24h.com.br\/wp-content\/uploads\/2025\/08\/Sem-titulo-88.jpg?resize=599%2C419&#038;ssl=1\" alt=\"\" class=\"wp-image-33393\" srcset=\"https:\/\/i0.wp.com\/minutobahia24h.com.br\/wp-content\/uploads\/2025\/08\/Sem-titulo-88.jpg?w=599&amp;ssl=1 599w, https:\/\/i0.wp.com\/minutobahia24h.com.br\/wp-content\/uploads\/2025\/08\/Sem-titulo-88.jpg?resize=300%2C210&amp;ssl=1 300w\" sizes=\"(max-width: 599px) 100vw, 599px\" \/><figcaption class=\"wp-element-caption\">Foto: Bruno Spada\/C\u00e2mara dos Deputados<br><\/figcaption><\/figure>\n<\/div>\n\n\n<p>O presidente da C\u00e2mara dos Deputados, Hugo Motta (Republicanos-PB), subiu o tom nas cr\u00edticas sobre a ocupa\u00e7\u00e3o feita pelos aliados do ex-presidente Jair Bolsonaro (PL) no Congresso Nacional. \u00c0 contragosto dos bolsonaristas, o chefe do Legislativo retomou o comando da Mesa Diretora da Casa e, em discurso no plen\u00e1rio, disse: \u201cN\u00e3o podemos deixar que projetos pessoais e at\u00e9 projetos eleitorais possam estar \u00e0 frente do que \u00e9 maior que todos n\u00f3s: o nosso povo\u201d.<\/p>\n\n\n\n<p>A noite de ontem foi marcada por tumulto e cenas inusitadas na C\u00e2mara em meio aos intensos protestos da ala a favor de Jair Bolsonaro (PL) no Congresso Nacional. A deputada J\u00falia Zanatta (PL-SC), por exemplo, usou o seu beb\u00ea como escudo para impedir que Motta o retirasse do espa\u00e7o Legislativo.<\/p>\n\n\n\n<p>\u201cPlant\u00e3o na C\u00e2mara dos Deputados para tomada de provid\u00eancias. Estou sentada na cadeira do presidente Hugo Motta. Ahhhh quantas coisas poder\u00edamos fazer se o titular dessa cadeira tivesse coragem\u201d, disse a pol\u00edtica, que, em seguida, rebateu as cr\u00edticas:<\/p>\n\n\n\n<p>\u201cOs que est\u00e3o atacando minha beb\u00ea n\u00e3o est\u00e3o preocupados com a integridade da crian\u00e7a [\u2026] eles querem inviabilizar o exerc\u00edcio profissional de uma mulher usando sim uma crian\u00e7a como escudo. Canalhas!\u201d<\/p>\n\n\n\n<p>Durante a crise, o&nbsp;<a href=\"https:\/\/bahia.ba\/politica\/motta-convoca-sessao-e-ameaca-suspender-deputados-que-insistirem-em-ocupacao-na-camara\/\" target=\"_blank\" rel=\"noreferrer noopener\"><strong>presidente da C\u00e2mara amea\u00e7ou suspender mandatos<\/strong><\/a>&nbsp;por at\u00e9 seis meses e acionou a pol\u00edcia legislativa, que chegou a ser posicionada na porta do plen\u00e1rio. Ap\u00f3s negocia\u00e7\u00f5es, os parlamentares oposicionistas cederam, e Motta conseguiu abrir a sess\u00e3o.<\/p>\n\n\n\n<p>Em seu discurso, o presidente destacou que sua presen\u00e7a na Mesa visava reafirmar a autoridade da Presid\u00eancia da C\u00e2mara e o papel institucional da Casa.<\/p>\n\n\n\n<p>\u201cNossa presen\u00e7a nesta Mesa, na noite de hoje, \u00e9 para garantir duas coisas: a primeira \u00e9 o respeito a esta Presid\u00eancia, como quer que seja; e a segunda, \u00e9 para que esta Casa possa se fortalecer\u201d.<\/p>\n\n\n\n<p><strong>Ocupa\u00e7\u00e3o do grupo de oposi\u00e7\u00e3o<\/strong><\/p>\n\n\n\n<p>A crise teve in\u00edcio ap\u00f3s a decreta\u00e7\u00e3o da pris\u00e3o domiciliar do ex-presidente Jair Bolsonaro (PL), na ter\u00e7a-feira (5). Desde ent\u00e3o, deputados aliados ao ex-presidente ocupam as Mesas Diretoras da C\u00e2mara e do Senado,&nbsp;<strong><a href=\"https:\/\/bahia.ba\/politica\/filho-de-bolsonaro-acampa-no-congresso-e-pressiona-por-impeachment-de-moraes\/\" target=\"_blank\" rel=\"noreferrer noopener\">e<\/a><\/strong><a href=\"https:\/\/bahia.ba\/politica\/filho-de-bolsonaro-acampa-no-congresso-e-pressiona-por-impeachment-de-moraes\/\" target=\"_blank\" rel=\"noreferrer noopener\"><strong>xigindo a vota\u00e7\u00e3o de um chamado \u201cpacote da paz\u201d,<\/strong><\/a>&nbsp;que inclui o PL da anistia aos envolvidos nos atos de 8 de Janeiro, o fim do foro privilegiado e o impeachment do ministro Alexandre de Moraes, do Supremo Tribunal Federal.<\/p>\n\n\n\n<p>Bahia.ba<\/p>\n","protected":false},"excerpt":{"rendered":"<p>O presidente da C\u00e2mara dos Deputados, Hugo Motta (Republicanos-PB), subiu o tom nas cr\u00edticas sobre a ocupa\u00e7\u00e3o feita pelos aliados do ex-presidente Jair Bolsonaro (PL) no Congresso Nacional. \u00c0 contragosto dos bolsonaristas, o chefe do Legislativo retomou o comando da Mesa Diretora da Casa e, em discurso no plen\u00e1rio, disse: \u201cN\u00e3o podemos deixar que projetos [&hellip;]<\/p>\n","protected":false},"author":2,"featured_media":33393,"comment_status":"open","ping_status":"open","sticky":false,"template":"","format":"standard","meta":{"_jetpack_memberships_contains_paid_content":false,"footnotes":""},"categories":[39],"tags":[],"class_list":["post-33392","post","type-post","status-publish","format-standard","has-post-thumbnail","hentry","category-politica"],"aioseo_notices":[],"jetpack_featured_media_url":"https:\/\/i0.wp.com\/minutobahia24h.com.br\/wp-content\/uploads\/2025\/08\/Sem-titulo-88.jpg?fit=599%2C419&ssl=1","jetpack_sharing_enabled":true,"_links":{"self":[{"href":"https:\/\/minutobahia24h.com.br\/index.php?rest_route=\/wp\/v2\/posts\/33392","targetHints":{"allow":["GET"]}}],"collection":[{"href":"https:\/\/minutobahia24h.com.br\/index.php?rest_route=\/wp\/v2\/posts"}],"about":[{"href":"https:\/\/minutobahia24h.com.br\/index.php?rest_route=\/wp\/v2\/types\/post"}],"author":[{"embeddable":true,"href":"https:\/\/minutobahia24h.com.br\/index.php?rest_route=\/wp\/v2\/users\/2"}],"replies":[{"embeddable":true,"href":"https:\/\/minutobahia24h.com.br\/index.php?rest_route=%2Fwp%2Fv2%2Fcomments&post=33392"}],"version-history":[{"count":1,"href":"https:\/\/minutobahia24h.com.br\/index.php?rest_route=\/wp\/v2\/posts\/33392\/revisions"}],"predecessor-version":[{"id":33394,"href":"https:\/\/minutobahia24h.com.br\/index.php?rest_route=\/wp\/v2\/posts\/33392\/revisions\/33394"}],"wp:featuredmedia":[{"embeddable":true,"href":"https:\/\/minutobahia24h.com.br\/index.php?rest_route=\/wp\/v2\/media\/33393"}],"wp:attachment":[{"href":"https:\/\/minutobahia24h.com.br\/index.php?rest_route=%2Fwp%2Fv2%2Fmedia&parent=33392"}],"wp:term":[{"taxonomy":"category","embeddable":true,"href":"https:\/\/minutobahia24h.com.br\/index.php?rest_route=%2Fwp%2Fv2%2Fcategories&post=33392"},{"taxonomy":"post_tag","embeddable":true,"href":"https:\/\/minutobahia24h.com.br\/index.php?rest_route=%2Fwp%2Fv2%2Ftags&post=33392"}],"curies":[{"name":"wp","href":"https:\/\/api.w.org\/{rel}","templated":true}]}}