{"id":33336,"date":"2025-08-06T07:28:00","date_gmt":"2025-08-06T10:28:00","guid":{"rendered":"https:\/\/minutobahia24h.com.br\/?p=33336"},"modified":"2025-08-06T07:28:01","modified_gmt":"2025-08-06T10:28:01","slug":"camara-quer-ouvir-zambelli-e-hacker-em-processo-de-cassacao","status":"publish","type":"post","link":"https:\/\/minutobahia24h.com.br\/?p=33336","title":{"rendered":"C\u00e2mara quer ouvir Zambelli e hacker em processo de cassa\u00e7\u00e3o"},"content":{"rendered":"<div class=\"wp-block-image\">\n<figure class=\"aligncenter size-large\"><img data-recalc-dims=\"1\" fetchpriority=\"high\" decoding=\"async\" width=\"800\" height=\"420\" src=\"https:\/\/i0.wp.com\/minutobahia24h.com.br\/wp-content\/uploads\/2025\/08\/Sem-titulo-69-1024x538.jpg?resize=800%2C420&#038;ssl=1\" alt=\"\" class=\"wp-image-33337\" srcset=\"https:\/\/i0.wp.com\/minutobahia24h.com.br\/wp-content\/uploads\/2025\/08\/Sem-titulo-69.jpg?resize=1024%2C538&amp;ssl=1 1024w, https:\/\/i0.wp.com\/minutobahia24h.com.br\/wp-content\/uploads\/2025\/08\/Sem-titulo-69.jpg?resize=300%2C158&amp;ssl=1 300w, https:\/\/i0.wp.com\/minutobahia24h.com.br\/wp-content\/uploads\/2025\/08\/Sem-titulo-69.jpg?resize=768%2C403&amp;ssl=1 768w, https:\/\/i0.wp.com\/minutobahia24h.com.br\/wp-content\/uploads\/2025\/08\/Sem-titulo-69.jpg?resize=750%2C394&amp;ssl=1 750w, https:\/\/i0.wp.com\/minutobahia24h.com.br\/wp-content\/uploads\/2025\/08\/Sem-titulo-69.jpg?resize=1140%2C599&amp;ssl=1 1140w, https:\/\/i0.wp.com\/minutobahia24h.com.br\/wp-content\/uploads\/2025\/08\/Sem-titulo-69.jpg?w=1200&amp;ssl=1 1200w\" sizes=\"(max-width: 800px) 100vw, 800px\" \/><figcaption class=\"wp-element-caption\">Foto: Vinicius Loures \/ C\u00e2mara dos Deputados<br><\/figcaption><\/figure>\n<\/div>\n\n\n<p>A comiss\u00e3o da C\u00e2mara dos Deputados que analisa a cassa\u00e7\u00e3o da deputada federal Carla Zambelli (PL-SP), presa na It\u00e1lia na semana passada, definiu que vai ouvir cinco testemunhas e a pr\u00f3pria parlamentar antes de votar o caso.\u00a0<\/p>\n\n\n\n<p>O relator \u00e9 o oposicionista Diego Garcia (Republicanos-PR), que ter\u00e1 cinco sess\u00f5es ap\u00f3s o fim das oitivas para apresentar sua conclus\u00e3o, que ent\u00e3o ser\u00e1 votada pelo plen\u00e1rio da Comiss\u00e3o de Constitui\u00e7\u00e3o, Justi\u00e7a e Cidadania, presidida pelo deputado Paulo Azi (Uni\u00e3o).\u00a0<\/p>\n\n\n\n<p>De qualquer forma, a decis\u00e3o final caber\u00e1 ao plen\u00e1rio da C\u00e2mara. O assunto divide a pr\u00f3pria bancada do PL \u2014enquanto alguns deputados acreditam que o relat\u00f3rio ser\u00e1 pela n\u00e3o cassa\u00e7\u00e3o e que haver\u00e1 votos para salv\u00e1-la, outros afirmam que, mesmo se n\u00e3o for extraditada, Zambelli n\u00e3o ter\u00e1 como exercer o mandato da It\u00e1lia.\u00a0<\/p>\n\n\n\n<p>A deputada fugiu do Brasil para escapar do cumprimento da pena de dez anos de pris\u00e3o imposta pelo STF (Supremo Tribunal Federal). Ela foi condenada por participar da invas\u00e3o do sistema do CNJ (Conselho Nacional de Justi\u00e7a).\u00a0<\/p>\n\n\n\n<p>O pedido para que testemunhas sejam ouvidas foi feito pela defesa de Zambelli, o que deve arrastar o processo por v\u00e1rias sess\u00f5es. Azi e Garcia ainda n\u00e3o definiram as datas dessas sess\u00f5es.\u00a0<\/p>\n\n\n\n<p>Zambelli deve ser ouvida por v\u00eddeoconfer\u00eancia. Entre as testemunhas, est\u00e1 o hacker Walter Delgatti Neto, al\u00e9m do general Paulo S\u00e9rgio Nogueira de Oliveira; Michel Spiero, assistente t\u00e9cnico da defesa; delegado Fl\u00e1vio Vieitez Reis e do policial federal Felipe Monteiro de Andrade. \u00a0<\/p>\n\n\n\n<p>Em nota, Azi afirmou que o objetivo \u00e9 &#8220;assegurar o devido processo legal, o contradit\u00f3rio, a ampla defesa parlamentar e os ritos regimentais&#8221;.<\/p>\n\n\n\n<p>BN<\/p>\n","protected":false},"excerpt":{"rendered":"<p>A comiss\u00e3o da C\u00e2mara dos Deputados que analisa a cassa\u00e7\u00e3o da deputada federal Carla Zambelli (PL-SP), presa na It\u00e1lia na semana passada, definiu que vai ouvir cinco testemunhas e a pr\u00f3pria parlamentar antes de votar o caso.\u00a0 O relator \u00e9 o oposicionista Diego Garcia (Republicanos-PR), que ter\u00e1 cinco sess\u00f5es ap\u00f3s o fim das oitivas para [&hellip;]<\/p>\n","protected":false},"author":2,"featured_media":33337,"comment_status":"open","ping_status":"open","sticky":false,"template":"","format":"standard","meta":{"_jetpack_memberships_contains_paid_content":false,"footnotes":""},"categories":[46],"tags":[],"class_list":["post-33336","post","type-post","status-publish","format-standard","has-post-thumbnail","hentry","category-noticia"],"aioseo_notices":[],"jetpack_featured_media_url":"https:\/\/i0.wp.com\/minutobahia24h.com.br\/wp-content\/uploads\/2025\/08\/Sem-titulo-69.jpg?fit=1200%2C630&ssl=1","jetpack_sharing_enabled":true,"_links":{"self":[{"href":"https:\/\/minutobahia24h.com.br\/index.php?rest_route=\/wp\/v2\/posts\/33336","targetHints":{"allow":["GET"]}}],"collection":[{"href":"https:\/\/minutobahia24h.com.br\/index.php?rest_route=\/wp\/v2\/posts"}],"about":[{"href":"https:\/\/minutobahia24h.com.br\/index.php?rest_route=\/wp\/v2\/types\/post"}],"author":[{"embeddable":true,"href":"https:\/\/minutobahia24h.com.br\/index.php?rest_route=\/wp\/v2\/users\/2"}],"replies":[{"embeddable":true,"href":"https:\/\/minutobahia24h.com.br\/index.php?rest_route=%2Fwp%2Fv2%2Fcomments&post=33336"}],"version-history":[{"count":1,"href":"https:\/\/minutobahia24h.com.br\/index.php?rest_route=\/wp\/v2\/posts\/33336\/revisions"}],"predecessor-version":[{"id":33338,"href":"https:\/\/minutobahia24h.com.br\/index.php?rest_route=\/wp\/v2\/posts\/33336\/revisions\/33338"}],"wp:featuredmedia":[{"embeddable":true,"href":"https:\/\/minutobahia24h.com.br\/index.php?rest_route=\/wp\/v2\/media\/33337"}],"wp:attachment":[{"href":"https:\/\/minutobahia24h.com.br\/index.php?rest_route=%2Fwp%2Fv2%2Fmedia&parent=33336"}],"wp:term":[{"taxonomy":"category","embeddable":true,"href":"https:\/\/minutobahia24h.com.br\/index.php?rest_route=%2Fwp%2Fv2%2Fcategories&post=33336"},{"taxonomy":"post_tag","embeddable":true,"href":"https:\/\/minutobahia24h.com.br\/index.php?rest_route=%2Fwp%2Fv2%2Ftags&post=33336"}],"curies":[{"name":"wp","href":"https:\/\/api.w.org\/{rel}","templated":true}]}}