{"id":33330,"date":"2025-08-06T07:22:55","date_gmt":"2025-08-06T10:22:55","guid":{"rendered":"https:\/\/minutobahia24h.com.br\/?p=33330"},"modified":"2025-08-06T07:22:57","modified_gmt":"2025-08-06T10:22:57","slug":"oposicao-pernoita-na-camara-apos-prisao-de-bolsonaro-ato-virou-sinonimo-de-protesto-nos-ultimos-anos","status":"publish","type":"post","link":"https:\/\/minutobahia24h.com.br\/?p=33330","title":{"rendered":"Oposi\u00e7\u00e3o pernoita na C\u00e2mara ap\u00f3s pris\u00e3o de Bolsonaro; ato virou sin\u00f4nimo de protesto nos \u00faltimos anos"},"content":{"rendered":"<div class=\"wp-block-image\">\n<figure class=\"aligncenter size-full\"><img data-recalc-dims=\"1\" fetchpriority=\"high\" decoding=\"async\" width=\"779\" height=\"467\" src=\"https:\/\/i0.wp.com\/minutobahia24h.com.br\/wp-content\/uploads\/2025\/08\/Sem-titulo-67.jpg?resize=779%2C467&#038;ssl=1\" alt=\"\" class=\"wp-image-33331\" srcset=\"https:\/\/i0.wp.com\/minutobahia24h.com.br\/wp-content\/uploads\/2025\/08\/Sem-titulo-67.jpg?w=779&amp;ssl=1 779w, https:\/\/i0.wp.com\/minutobahia24h.com.br\/wp-content\/uploads\/2025\/08\/Sem-titulo-67.jpg?resize=300%2C180&amp;ssl=1 300w, https:\/\/i0.wp.com\/minutobahia24h.com.br\/wp-content\/uploads\/2025\/08\/Sem-titulo-67.jpg?resize=768%2C460&amp;ssl=1 768w, https:\/\/i0.wp.com\/minutobahia24h.com.br\/wp-content\/uploads\/2025\/08\/Sem-titulo-67.jpg?resize=750%2C450&amp;ssl=1 750w\" sizes=\"(max-width: 779px) 100vw, 779px\" \/><figcaption class=\"wp-element-caption\"><em>Cr\u00e9dito: Jos\u00e9 Cruz\/Ag\u00eancia Brasil<\/em><br><\/figcaption><\/figure>\n<\/div>\n\n\n<p>Deputados da oposi\u00e7\u00e3o est\u00e3o pernoitando da ter\u00e7a-feira (5) para esta quarta-feira (6) no plen\u00e1rio da C\u00e2mara dos Deputados. Deputados de direita organizaram uma\u00a0lista de revezamento para pernoitar no plen\u00e1rio da Casa em protesto contra a pris\u00e3o domiciliar do ex-presidente Jair Bolsonaro.<\/p>\n\n\n\n<p>O ex-presidente teve a pris\u00e3o domiciliar decretada pelo ministro do Supremo Tribunal Federal (STF) Alexandre de Moraes ap\u00f3s descumprir medidas cautelares impostas pelo magistrado. O revezamento dos opositores inclui tr\u00eas grupos de deputados com turnos programados a cada tr\u00eas horas.<\/p>\n\n\n\n<h2 class=\"wp-block-heading\">Modalidade de protesto<\/h2>\n\n\n\n<p>Passar a noite na C\u00e2mara tem sido uma forma de protesto usada pelos deputados nos \u00faltimos anos. Em outro caso recente, o deputado Glauber Braga (PSOL-RJ) dormiu em um dos plen\u00e1rios das comiss\u00f5es da Casa por mais de uma semana em abril deste ano. O parlamentar tamb\u00e9m fez greve de fome.<\/p>\n\n\n<div class=\"wp-block-image\">\n<figure class=\"aligncenter\"><img data-recalc-dims=\"1\" decoding=\"async\" src=\"https:\/\/i0.wp.com\/s2-g1.glbimg.com\/Y92oipmRaZyLNEnKw2vBtFL6zxE%3D\/0x0%3A1280x929\/984x0\/smart\/filters%3Astrip_icc%28%29\/i.s3.glbimg.com\/v1\/AUTH_59edd422c0c84a879bd37670ae4f538a\/internal_photos\/bs\/2025\/K\/F\/P9LcfxQqCua89A1gK6ng\/glauber-.jpeg?w=800&#038;ssl=1\" alt=\"O deputado Glauber Braga (PSOL-RJ) em greve de fome em uma comiss\u00e3o da C\u00e2mara \u2014 Foto: Divulga\u00e7\u00e3o\"\/><\/figure>\n<\/div>\n\n\n<p>O deputado Glauber Braga (PSOL-RJ) em greve de fome em uma comiss\u00e3o da C\u00e2mara \u2014 Foto: Divulga\u00e7\u00e3o<\/p>\n\n\n\n<p>Glauber parou de se alimentar em protesto contra o avan\u00e7o de um processo que pode cass\u00e1-lo na C\u00e2mara dos Deputados. O protesto s\u00f3 acabou depois de um acordo com o presidente da C\u00e2mara, Hugo Motta (Republicanos-PB), sobre o andamento do processo que pode levar \u00e0 cassa\u00e7\u00e3o do seu mandato.<\/p>\n\n\n\n<h2 class=\"wp-block-heading\">Tornozeleira eletr\u00f4nica<\/h2>\n\n\n\n<p>J\u00e1 o ent\u00e3o deputado Daniel Silveira, aliado do ex-presidente\u00a0<a class=\"\" href=\"https:\/\/g1.globo.com\/politica\/politico\/jair-bolsonaro\/\">Jair Bolsonaro<\/a>,\u00a0passou uma noite em seu gabinete em mar\u00e7o de 2022 n\u00e3o apenas para protestar, mas para evitar receber uma tornozeleira eletr\u00f4nica. \u00c0 \u00e9poca, a estrat\u00e9gia do parlamentar se baseou em um entendimento de que a pol\u00edcia n\u00e3o poderia agir contra deputados dentro do Congresso Nacional.<\/p>\n\n\n<div class=\"wp-block-image\">\n<figure class=\"aligncenter\"><img data-recalc-dims=\"1\" decoding=\"async\" src=\"https:\/\/i0.wp.com\/s2-g1.glbimg.com\/1hbg6225nN8c3zpUA1DdM5XwXHU%3D\/0x0%3A3840x2160\/984x0\/smart\/filters%3Astrip_icc%28%29\/i.s3.glbimg.com\/v1\/AUTH_59edd422c0c84a879bd37670ae4f538a\/internal_photos\/bs\/2022\/j\/g\/HBw0vBT1C2NIqjPb9UgQ\/epsp-3003-av-travesseiro-jg-11-kenzo-frame-266.jpeg?w=800&#038;ssl=1\" alt=\"Daniel Silveira carrega travesseiro para gabinete na C\u00e2mara \u2014 Foto: Reprodu\u00e7\u00e3o\"\/><\/figure>\n<\/div>\n\n\n<p>Daniel Silveira carrega travesseiro para gabinete na C\u00e2mara \u2014 Foto: Reprodu\u00e7\u00e3o<\/p>\n\n\n\n<p>A determina\u00e7\u00e3o para usar a tornozeleira tamb\u00e9m partiu de Moraes. O deputado resistiu por um dia. Ele acabou recebendo a tornozeleira no dia 31 de mar\u00e7o ap\u00f3s Moraes ter determinado multa di\u00e1ria caso o deputado seguisse resistindo ao monitoramento.<\/p>\n","protected":false},"excerpt":{"rendered":"<p>Deputados da oposi\u00e7\u00e3o est\u00e3o pernoitando da ter\u00e7a-feira (5) para esta quarta-feira (6) no plen\u00e1rio da C\u00e2mara dos Deputados. Deputados de direita organizaram uma\u00a0lista de revezamento para pernoitar no plen\u00e1rio da Casa em protesto contra a pris\u00e3o domiciliar do ex-presidente Jair Bolsonaro. O ex-presidente teve a pris\u00e3o domiciliar decretada pelo ministro do Supremo Tribunal Federal (STF) [&hellip;]<\/p>\n","protected":false},"author":2,"featured_media":33331,"comment_status":"open","ping_status":"open","sticky":false,"template":"","format":"standard","meta":{"_jetpack_memberships_contains_paid_content":false,"footnotes":""},"categories":[39],"tags":[],"class_list":["post-33330","post","type-post","status-publish","format-standard","has-post-thumbnail","hentry","category-politica"],"aioseo_notices":[],"jetpack_featured_media_url":"https:\/\/i0.wp.com\/minutobahia24h.com.br\/wp-content\/uploads\/2025\/08\/Sem-titulo-67.jpg?fit=779%2C467&ssl=1","jetpack_sharing_enabled":true,"_links":{"self":[{"href":"https:\/\/minutobahia24h.com.br\/index.php?rest_route=\/wp\/v2\/posts\/33330","targetHints":{"allow":["GET"]}}],"collection":[{"href":"https:\/\/minutobahia24h.com.br\/index.php?rest_route=\/wp\/v2\/posts"}],"about":[{"href":"https:\/\/minutobahia24h.com.br\/index.php?rest_route=\/wp\/v2\/types\/post"}],"author":[{"embeddable":true,"href":"https:\/\/minutobahia24h.com.br\/index.php?rest_route=\/wp\/v2\/users\/2"}],"replies":[{"embeddable":true,"href":"https:\/\/minutobahia24h.com.br\/index.php?rest_route=%2Fwp%2Fv2%2Fcomments&post=33330"}],"version-history":[{"count":1,"href":"https:\/\/minutobahia24h.com.br\/index.php?rest_route=\/wp\/v2\/posts\/33330\/revisions"}],"predecessor-version":[{"id":33332,"href":"https:\/\/minutobahia24h.com.br\/index.php?rest_route=\/wp\/v2\/posts\/33330\/revisions\/33332"}],"wp:featuredmedia":[{"embeddable":true,"href":"https:\/\/minutobahia24h.com.br\/index.php?rest_route=\/wp\/v2\/media\/33331"}],"wp:attachment":[{"href":"https:\/\/minutobahia24h.com.br\/index.php?rest_route=%2Fwp%2Fv2%2Fmedia&parent=33330"}],"wp:term":[{"taxonomy":"category","embeddable":true,"href":"https:\/\/minutobahia24h.com.br\/index.php?rest_route=%2Fwp%2Fv2%2Fcategories&post=33330"},{"taxonomy":"post_tag","embeddable":true,"href":"https:\/\/minutobahia24h.com.br\/index.php?rest_route=%2Fwp%2Fv2%2Ftags&post=33330"}],"curies":[{"name":"wp","href":"https:\/\/api.w.org\/{rel}","templated":true}]}}