{"id":33118,"date":"2025-08-01T07:31:43","date_gmt":"2025-08-01T10:31:43","guid":{"rendered":"https:\/\/minutobahia24h.com.br\/?p=33118"},"modified":"2025-08-01T07:31:44","modified_gmt":"2025-08-01T10:31:44","slug":"municipio-de-canudos-busca-reparacao-por-guerra-de-1897-em-acao-civil-publica-e-pede-r-300-mi","status":"publish","type":"post","link":"https:\/\/minutobahia24h.com.br\/?p=33118","title":{"rendered":"Munic\u00edpio de Canudos busca repara\u00e7\u00e3o por guerra de 1897 em a\u00e7\u00e3o civil p\u00fablica e pede R$ 300 mi"},"content":{"rendered":"<div class=\"wp-block-image\">\n<figure class=\"aligncenter size-large\"><img data-recalc-dims=\"1\" fetchpriority=\"high\" decoding=\"async\" width=\"800\" height=\"420\" src=\"https:\/\/i0.wp.com\/minutobahia24h.com.br\/wp-content\/uploads\/2025\/08\/Sem-titulo-7-1024x538.jpg?resize=800%2C420&#038;ssl=1\" alt=\"\" class=\"wp-image-33119\" srcset=\"https:\/\/i0.wp.com\/minutobahia24h.com.br\/wp-content\/uploads\/2025\/08\/Sem-titulo-7.jpg?resize=1024%2C538&amp;ssl=1 1024w, https:\/\/i0.wp.com\/minutobahia24h.com.br\/wp-content\/uploads\/2025\/08\/Sem-titulo-7.jpg?resize=300%2C158&amp;ssl=1 300w, https:\/\/i0.wp.com\/minutobahia24h.com.br\/wp-content\/uploads\/2025\/08\/Sem-titulo-7.jpg?resize=768%2C403&amp;ssl=1 768w, https:\/\/i0.wp.com\/minutobahia24h.com.br\/wp-content\/uploads\/2025\/08\/Sem-titulo-7.jpg?resize=750%2C394&amp;ssl=1 750w, https:\/\/i0.wp.com\/minutobahia24h.com.br\/wp-content\/uploads\/2025\/08\/Sem-titulo-7.jpg?resize=1140%2C599&amp;ssl=1 1140w, https:\/\/i0.wp.com\/minutobahia24h.com.br\/wp-content\/uploads\/2025\/08\/Sem-titulo-7.jpg?w=1200&amp;ssl=1 1200w\" sizes=\"(max-width: 800px) 100vw, 800px\" \/><figcaption class=\"wp-element-caption\">Foto: Arquivo pessoal<br><\/figcaption><\/figure>\n<\/div>\n\n\n<p>A cidade de Canudos, no norte da Bahia, protagoniza um cap\u00edtulo in\u00e9dito na busca pela chamada \u201cjusti\u00e7a hist\u00f3rica\u201d. Por meio do prefeito Jilson Cardoso de Macedo (PSD) e do advogado Paulo Jos\u00e9 de Menezes, o munic\u00edpio ingressou com uma a\u00e7\u00e3o civil p\u00fablica contra a Uni\u00e3o, exigindo repara\u00e7\u00e3o pelos danos causados durante a Guerra de Canudos, no ano de 1897. Segundo o processo movido pelo munic\u00edpio, na verdade, os eventos deveriam ser conhecidos como massacre.&nbsp;<\/p>\n\n\n\n<p>A a\u00e7\u00e3o judicial, a qual o Bahia Not\u00edcias teve acesso, descreve o evento como um genoc\u00eddio planejado, citando relatos hist\u00f3ricos que detalham execu\u00e7\u00f5es em massa de civis, incluindo mulheres, crian\u00e7as e idosos. Trechos de depoimentos como os do m\u00e9dico Martins Horcades, que testemunhou prisioneiros sendo degolados &#8220;para economizar muni\u00e7\u00e3o&#8221;, e do jurista Rui Barbosa, que denunciou o epis\u00f3dio como &#8220;o mais negro borr\u00e3o da nossa hist\u00f3ria&#8221;, sustentam a tese de crime contra a humanidade.&nbsp;<\/p>\n\n\n\n<p>O conflito resultou na destrui\u00e7\u00e3o completa da comunidade de Belo Monte (hoje Canudos) e no massacre indiscriminado de uma popula\u00e7\u00e3o majoritariamente camponesa pobre, liderada por Ant\u00f4nio Conselheiro.<\/p>\n\n\n\n<p>O documento traz como argumento a necessidade de defesa dos direitos humanos. Segundo os autos, o\u00a0Brasil \u00e9 signat\u00e1rio da Declara\u00e7\u00e3o Universal dos Direitos Humanos e do Pacto de San Jos\u00e9, que estabelecem a obriga\u00e7\u00e3o de proteger esses direitos e reparar v\u00edtimas. Al\u00e9m disso, o princ\u00edpio da dignidade da pessoa humana \u00e9 citado como fundamento da Rep\u00fablica Federativa do Brasil, justificando a repara\u00e7\u00e3o dos danos que ainda violam profundamente a dignidade dos habitantes de Canudos.<\/p>\n\n\n\n<p>De acordo com os autos, a Rep\u00fablica do Brasil lan\u00e7ou quatro expedi\u00e7\u00f5es militares sem investiga\u00e7\u00e3o adequada ou direito de defesa. Euclides da Cunha \u00e9 citado, observando que &#8220;Canudos n\u00e3o se rendeu&#8221;. &#8220;Exemplo \u00fanico em toda a Hist\u00f3ria, resistiu at\u00e9 ao esgotamento completo&#8221;. Al\u00e9m disso, ressalta que as expedi\u00e7\u00f5es para a cidade foram marcadas por &#8220;extrema brutalidade e falta de planejamento&#8221;, culminando na destrui\u00e7\u00e3o total e na morte de milhares de pessoas.<\/p>\n\n\n\n<p>O documento transcreve passagens de Rui Barbosa, que denunciou o massacre no Senado em 1905, criticando a viola\u00e7\u00e3o de direitos constitucionais e a barb\u00e1rie das trucida\u00e7\u00f5es. Tamb\u00e9m cita C\u00e9sar Zama, m\u00e9dico baiano, que dois anos ap\u00f3s a guerra publicou o &#8220;Libelo Republicano&#8221;, acusando Prudente de Moraes e Manoel Vitorino de ferir a Constitui\u00e7\u00e3o de 1891 e denunciando os degolamentos de mulheres, crian\u00e7as, velhos, feridos e prisioneiros. Zama relata que o General Arthur Oscar prometeu a vida dos rendidos, mas &#8220;Beatinho e todos os infelizes, que o acompanharam, sem exce\u00e7\u00e3o de um s\u00f3, foram friamente degolados!&#8221;, diz a a\u00e7\u00e3o.<\/p>\n\n\n\n<p>O processo, que tramita na 1\u00aa Vara Federal de Feira de Santana, pede R$ 300 milh\u00f5es em indeniza\u00e7\u00f5es e pol\u00edticas p\u00fablicas para compensar os impactos materiais, morais e culturais do epis\u00f3dio, que deixou milhares de mortos.<\/p>\n\n\n\n<p>Em entrevista ao Bahia Not\u00edcias, o prefeito de Canudos, Jilson Cardoso (PSD), afirmou que a repara\u00e7\u00e3o solicitada vai al\u00e9m da compensa\u00e7\u00e3o financeira. O munic\u00edpio exige um programa de desenvolvimento regional que inclui desde a constru\u00e7\u00e3o de hospitais e universidades at\u00e9 a revitaliza\u00e7\u00e3o da mem\u00f3ria local, com museus, memoriais e a reconstru\u00e7\u00e3o simb\u00f3lica da antiga Canudos.&nbsp;<\/p>\n\n\n\n<p>O prefeito destacou a import\u00e2ncia simb\u00f3lica da a\u00e7\u00e3o: &#8220;H\u00e1 128 anos, Canudos foi apagada do mapa. Essa a\u00e7\u00e3o \u00e9 sobre resgatar nossa dignidade&#8221;. Ele explicou que a iniciativa surgiu de audi\u00eancias p\u00fablicas com a popula\u00e7\u00e3o local, incluindo camponeses e descendentes dos sobreviventes, que, segundo ele, ainda carregam traumas transgeracionais.\u00a0<\/p>\n\n\n\n<p>Entre os pedidos espec\u00edficos est\u00e3o a amplia\u00e7\u00e3o do sistema de irriga\u00e7\u00e3o do Vaza Barris, cotas universit\u00e1rias para descendentes das v\u00edtimas, e at\u00e9 um sal\u00e1rio m\u00ednimo mensal para estudantes canudenses no ensino superior. &#8220;Queremos que o presidente Lula, sens\u00edvel \u00e0 causa nordestina, participe pessoalmente da audi\u00eancia de concilia\u00e7\u00e3o&#8221;, afirmou o advogado Paulo Menezes, respons\u00e1vel pela a\u00e7\u00e3o, em entrevista ao BN.<br><br>Historiadores consultados no processo afirmam que as narrativas oficiais distorceram os fatos, retratando os conselheiristas como fan\u00e1ticos, quando eram majoritariamente camponeses pobres v\u00edtimas de uma resposta desproporcional do Estado.<\/p>\n\n\n\n<p><strong>PR\u00d3XIMOS PASSOS<\/strong><br>O processo aguarda a designa\u00e7\u00e3o de uma audi\u00eancia de concilia\u00e7\u00e3o, onde a Uni\u00e3o poder\u00e1 apresentar uma proposta de acordo. Caso n\u00e3o haja consenso, a a\u00e7\u00e3o seguir\u00e1 com a oitiva de especialistas e testemunhas.<\/p>\n\n\n\n<p>BN<\/p>\n","protected":false},"excerpt":{"rendered":"<p>A cidade de Canudos, no norte da Bahia, protagoniza um cap\u00edtulo in\u00e9dito na busca pela chamada \u201cjusti\u00e7a hist\u00f3rica\u201d. Por meio do prefeito Jilson Cardoso de Macedo (PSD) e do advogado Paulo Jos\u00e9 de Menezes, o munic\u00edpio ingressou com uma a\u00e7\u00e3o civil p\u00fablica contra a Uni\u00e3o, exigindo repara\u00e7\u00e3o pelos danos causados durante a Guerra de Canudos, [&hellip;]<\/p>\n","protected":false},"author":2,"featured_media":33119,"comment_status":"open","ping_status":"open","sticky":false,"template":"","format":"standard","meta":{"_jetpack_memberships_contains_paid_content":false,"footnotes":""},"categories":[23],"tags":[],"class_list":["post-33118","post","type-post","status-publish","format-standard","has-post-thumbnail","hentry","category-justica"],"aioseo_notices":[],"jetpack_featured_media_url":"https:\/\/i0.wp.com\/minutobahia24h.com.br\/wp-content\/uploads\/2025\/08\/Sem-titulo-7.jpg?fit=1200%2C630&ssl=1","jetpack_sharing_enabled":true,"_links":{"self":[{"href":"https:\/\/minutobahia24h.com.br\/index.php?rest_route=\/wp\/v2\/posts\/33118","targetHints":{"allow":["GET"]}}],"collection":[{"href":"https:\/\/minutobahia24h.com.br\/index.php?rest_route=\/wp\/v2\/posts"}],"about":[{"href":"https:\/\/minutobahia24h.com.br\/index.php?rest_route=\/wp\/v2\/types\/post"}],"author":[{"embeddable":true,"href":"https:\/\/minutobahia24h.com.br\/index.php?rest_route=\/wp\/v2\/users\/2"}],"replies":[{"embeddable":true,"href":"https:\/\/minutobahia24h.com.br\/index.php?rest_route=%2Fwp%2Fv2%2Fcomments&post=33118"}],"version-history":[{"count":1,"href":"https:\/\/minutobahia24h.com.br\/index.php?rest_route=\/wp\/v2\/posts\/33118\/revisions"}],"predecessor-version":[{"id":33120,"href":"https:\/\/minutobahia24h.com.br\/index.php?rest_route=\/wp\/v2\/posts\/33118\/revisions\/33120"}],"wp:featuredmedia":[{"embeddable":true,"href":"https:\/\/minutobahia24h.com.br\/index.php?rest_route=\/wp\/v2\/media\/33119"}],"wp:attachment":[{"href":"https:\/\/minutobahia24h.com.br\/index.php?rest_route=%2Fwp%2Fv2%2Fmedia&parent=33118"}],"wp:term":[{"taxonomy":"category","embeddable":true,"href":"https:\/\/minutobahia24h.com.br\/index.php?rest_route=%2Fwp%2Fv2%2Fcategories&post=33118"},{"taxonomy":"post_tag","embeddable":true,"href":"https:\/\/minutobahia24h.com.br\/index.php?rest_route=%2Fwp%2Fv2%2Ftags&post=33118"}],"curies":[{"name":"wp","href":"https:\/\/api.w.org\/{rel}","templated":true}]}}