{"id":33105,"date":"2025-08-01T06:58:19","date_gmt":"2025-08-01T09:58:19","guid":{"rendered":"https:\/\/minutobahia24h.com.br\/?p=33105"},"modified":"2025-08-01T06:58:20","modified_gmt":"2025-08-01T09:58:20","slug":"chefe-de-gabinete-de-jacobina-acusa-ex-prefeitos-de-reter-tributos-e-nao-repassar-aos-cofres-publicos","status":"publish","type":"post","link":"https:\/\/minutobahia24h.com.br\/?p=33105","title":{"rendered":"Chefe de Gabinete de Jacobina acusa ex-prefeitos de reter tributos e n\u00e3o repassar aos cofres p\u00fablicos"},"content":{"rendered":"<div class=\"wp-block-image\">\n<figure class=\"aligncenter size-full\"><img data-recalc-dims=\"1\" fetchpriority=\"high\" decoding=\"async\" width=\"800\" height=\"389\" src=\"https:\/\/i0.wp.com\/minutobahia24h.com.br\/wp-content\/uploads\/2025\/08\/Sem-titulo-3.jpg?resize=800%2C389&#038;ssl=1\" alt=\"\" class=\"wp-image-33106\" srcset=\"https:\/\/i0.wp.com\/minutobahia24h.com.br\/wp-content\/uploads\/2025\/08\/Sem-titulo-3.jpg?w=833&amp;ssl=1 833w, https:\/\/i0.wp.com\/minutobahia24h.com.br\/wp-content\/uploads\/2025\/08\/Sem-titulo-3.jpg?resize=300%2C146&amp;ssl=1 300w, https:\/\/i0.wp.com\/minutobahia24h.com.br\/wp-content\/uploads\/2025\/08\/Sem-titulo-3.jpg?resize=768%2C373&amp;ssl=1 768w, https:\/\/i0.wp.com\/minutobahia24h.com.br\/wp-content\/uploads\/2025\/08\/Sem-titulo-3.jpg?resize=750%2C365&amp;ssl=1 750w\" sizes=\"(max-width: 800px) 100vw, 800px\" \/><figcaption class=\"wp-element-caption\">\u201cArrecadaram e n\u00e3o recolheram\u201d: chefe de gabinete de Jacobina denuncia ex-prefeitos por suposta reten\u00e7\u00e3o de recursos p\u00fablicos<br><\/figcaption><\/figure>\n<\/div>\n\n\n<p>O chefe de gabinete da Prefeitura de Jacobina, Leopoldo Morais Passos, fez duras acusa\u00e7\u00f5es contra os ex-prefeitos Luciano Ant\u00f4nio Pinheiro (Luciano da Locar) e Tiago Manoel Dias. Durante entrevista concedida \u00e0 R\u00e1dio Clube FM nesta quinta-feira (31), Passos afirmou que ambos teriam arrecadado tributos no Centro Municipal de Abastecimento sem repassar os valores aos cofres p\u00fablicos.<\/p>\n\n\n\n<p>\u201cEstou falando aqui em p\u00fablico, para que milhares de pessoas me ou\u00e7am \u2014 e voc\u00eas principalmente\u201d, disse Passos, dirigindo-se diretamente aos ex-gestores. \u201cDando a oportunidade de voc\u00eas me processarem e provarem que estou apresentando dados irreais.\u201d<\/p>\n\n\n\n<p>De acordo com o chefe de gabinete, os valores arrecadados nos respectivos anos seriam incompat\u00edveis com os registros de repasse \u00e0 administra\u00e7\u00e3o municipal. Ele apresentou os seguintes n\u00fameros:<\/p>\n\n\n\n<ul class=\"wp-block-list\">\n<li><strong>Gest\u00e3o de Luciano da Locar:<\/strong>\n<ul class=\"wp-block-list\">\n<li>2017: R$ 24.841,00<\/li>\n\n\n\n<li>2018: R$ 25.000,00<\/li>\n\n\n\n<li>2019: R$ 18.000,00<\/li>\n\n\n\n<li>2020: R$ 3.412,40<\/li>\n<\/ul>\n<\/li>\n\n\n\n<li><strong>Gest\u00e3o de Tiago Dias:<\/strong>\n<ul class=\"wp-block-list\">\n<li>2021: R$ 90.000,00<\/li>\n\n\n\n<li>2022: R$ 5.100,00<\/li>\n\n\n\n<li>2023: R$ 0,00<\/li>\n\n\n\n<li>2024: R$ 62,90<\/li>\n<\/ul>\n<\/li>\n<\/ul>\n\n\n\n<p>Ainda segundo Leopoldo Passos, a atual gest\u00e3o da prefeita Valdice Castro j\u00e1 arrecadou, at\u00e9 o momento, R$ 192.840,00 no Centro Municipal de Abastecimento, com proje\u00e7\u00e3o de superar a marca de R$ 250 mil at\u00e9 o fim de 2025,<\/p>\n\n\n\n<p>As declara\u00e7\u00f5es geraram forte repercuss\u00e3o nos meios pol\u00edticos e entre comerciantes locais. At\u00e9 o fechamento desta reportagem, os ex-prefeitos Luciano da Locar e Tiago Dias n\u00e3o haviam se pronunciado oficialmente sobre as acusa\u00e7\u00f5es.<\/p>\n\n\n\n<p>A equipe de reportagem permanece \u00e0 disposi\u00e7\u00e3o das partes citadas para esclarecimentos e continuar\u00e1 acompanhando o caso.<\/p>\n\n\n\n<p>jacobina24horas<\/p>\n","protected":false},"excerpt":{"rendered":"<p>O chefe de gabinete da Prefeitura de Jacobina, Leopoldo Morais Passos, fez duras acusa\u00e7\u00f5es contra os ex-prefeitos Luciano Ant\u00f4nio Pinheiro (Luciano da Locar) e Tiago Manoel Dias. Durante entrevista concedida \u00e0 R\u00e1dio Clube FM nesta quinta-feira (31), Passos afirmou que ambos teriam arrecadado tributos no Centro Municipal de Abastecimento sem repassar os valores aos cofres [&hellip;]<\/p>\n","protected":false},"author":2,"featured_media":33106,"comment_status":"open","ping_status":"open","sticky":false,"template":"","format":"standard","meta":{"_jetpack_memberships_contains_paid_content":false,"footnotes":""},"categories":[3],"tags":[],"class_list":["post-33105","post","type-post","status-publish","format-standard","has-post-thumbnail","hentry","category-regional"],"aioseo_notices":[],"jetpack_featured_media_url":"https:\/\/i0.wp.com\/minutobahia24h.com.br\/wp-content\/uploads\/2025\/08\/Sem-titulo-3.jpg?fit=833%2C405&ssl=1","jetpack_sharing_enabled":true,"_links":{"self":[{"href":"https:\/\/minutobahia24h.com.br\/index.php?rest_route=\/wp\/v2\/posts\/33105","targetHints":{"allow":["GET"]}}],"collection":[{"href":"https:\/\/minutobahia24h.com.br\/index.php?rest_route=\/wp\/v2\/posts"}],"about":[{"href":"https:\/\/minutobahia24h.com.br\/index.php?rest_route=\/wp\/v2\/types\/post"}],"author":[{"embeddable":true,"href":"https:\/\/minutobahia24h.com.br\/index.php?rest_route=\/wp\/v2\/users\/2"}],"replies":[{"embeddable":true,"href":"https:\/\/minutobahia24h.com.br\/index.php?rest_route=%2Fwp%2Fv2%2Fcomments&post=33105"}],"version-history":[{"count":1,"href":"https:\/\/minutobahia24h.com.br\/index.php?rest_route=\/wp\/v2\/posts\/33105\/revisions"}],"predecessor-version":[{"id":33107,"href":"https:\/\/minutobahia24h.com.br\/index.php?rest_route=\/wp\/v2\/posts\/33105\/revisions\/33107"}],"wp:featuredmedia":[{"embeddable":true,"href":"https:\/\/minutobahia24h.com.br\/index.php?rest_route=\/wp\/v2\/media\/33106"}],"wp:attachment":[{"href":"https:\/\/minutobahia24h.com.br\/index.php?rest_route=%2Fwp%2Fv2%2Fmedia&parent=33105"}],"wp:term":[{"taxonomy":"category","embeddable":true,"href":"https:\/\/minutobahia24h.com.br\/index.php?rest_route=%2Fwp%2Fv2%2Fcategories&post=33105"},{"taxonomy":"post_tag","embeddable":true,"href":"https:\/\/minutobahia24h.com.br\/index.php?rest_route=%2Fwp%2Fv2%2Ftags&post=33105"}],"curies":[{"name":"wp","href":"https:\/\/api.w.org\/{rel}","templated":true}]}}