{"id":33064,"date":"2025-07-31T07:59:41","date_gmt":"2025-07-31T10:59:41","guid":{"rendered":"https:\/\/minutobahia24h.com.br\/?p=33064"},"modified":"2025-07-31T07:59:43","modified_gmt":"2025-07-31T10:59:43","slug":"sancao-de-trump-a-moraes-nao-garante-reabilitacao-politica-de-eduardo-bolsonaro-dizem-aliados","status":"publish","type":"post","link":"https:\/\/minutobahia24h.com.br\/?p=33064","title":{"rendered":"San\u00e7\u00e3o de Trump a Moraes n\u00e3o garante reabilita\u00e7\u00e3o pol\u00edtica de Eduardo Bolsonaro, dizem aliados"},"content":{"rendered":"<div class=\"wp-block-image\">\n<figure class=\"aligncenter size-large\"><img data-recalc-dims=\"1\" fetchpriority=\"high\" decoding=\"async\" width=\"800\" height=\"420\" src=\"https:\/\/i0.wp.com\/minutobahia24h.com.br\/wp-content\/uploads\/2025\/07\/Sem-titulo-420-1024x538.jpg?resize=800%2C420&#038;ssl=1\" alt=\"\" class=\"wp-image-33065\" srcset=\"https:\/\/i0.wp.com\/minutobahia24h.com.br\/wp-content\/uploads\/2025\/07\/Sem-titulo-420.jpg?resize=1024%2C538&amp;ssl=1 1024w, https:\/\/i0.wp.com\/minutobahia24h.com.br\/wp-content\/uploads\/2025\/07\/Sem-titulo-420.jpg?resize=300%2C158&amp;ssl=1 300w, https:\/\/i0.wp.com\/minutobahia24h.com.br\/wp-content\/uploads\/2025\/07\/Sem-titulo-420.jpg?resize=768%2C403&amp;ssl=1 768w, https:\/\/i0.wp.com\/minutobahia24h.com.br\/wp-content\/uploads\/2025\/07\/Sem-titulo-420.jpg?resize=750%2C394&amp;ssl=1 750w, https:\/\/i0.wp.com\/minutobahia24h.com.br\/wp-content\/uploads\/2025\/07\/Sem-titulo-420.jpg?resize=1140%2C599&amp;ssl=1 1140w, https:\/\/i0.wp.com\/minutobahia24h.com.br\/wp-content\/uploads\/2025\/07\/Sem-titulo-420.jpg?w=1200&amp;ssl=1 1200w\" sizes=\"(max-width: 800px) 100vw, 800px\" \/><figcaption class=\"wp-element-caption\">Foto: Marcelo Camargo \/ Ag\u00eancia Brasil<br><\/figcaption><\/figure>\n<\/div>\n\n\n<p>O sucesso ao obter san\u00e7\u00f5es do governo Donald Trump contra o ministro do STF (Supremo Tribunal Federal) Alexandre de Moraes n\u00e3o garante a reabilita\u00e7\u00e3o pol\u00edtica do deputado federal Eduardo Bolsonaro (PL-SP), na vis\u00e3o de aliados da direita e do centr\u00e3o.\u00a0<\/p>\n\n\n\n<p>Segundo interlocutores de Jair Bolsonaro (PL) ouvidos pela reportagem, Eduardo passou as \u00faltimas semanas radicalizando o discurso, elevando o tom das cr\u00edticas at\u00e9 mesmo contra bolsonaristas como os governadores Tarc\u00edsio de Freitas (Republicanos) e Romeu Zema (Novo), e, como consequ\u00eancia, se isolou direita.\u00a0<\/p>\n\n\n\n<p>Ao comemorar a aplica\u00e7\u00e3o de san\u00e7\u00f5es financeiras a Moraes, por meio da chamada Lei Magnitsky, o deputado indicou que n\u00e3o tem inten\u00e7\u00e3o de mudar o curso, dizendo que &#8220;temos v\u00e1rias batalhas adiante&#8221; e que a vit\u00f3ria &#8220;n\u00e3o \u00e9 o fim de nada&#8221;. A expectativa \u00e9 de que outros ministros da corte e seus familiares sejam sancionados tamb\u00e9m.\u00a0<\/p>\n\n\n\n<p>Mesmo com a vit\u00f3ria contra Moraes, a avalia\u00e7\u00e3o \u00e9 de que Eduardo adotou posi\u00e7\u00f5es dif\u00edceis de serem defendidas para o eleitorado n\u00e3o radical, especialmente ap\u00f3s a imposi\u00e7\u00e3o da sobretaxa de 50% sobre produtos brasileiros, o que prejudica uma reabilita\u00e7\u00e3o pol\u00edtica suficiente para colocar um projeto eleitoral de p\u00e9.\u00a0<\/p>\n\n\n\n<p>Uma ala de bolsonaristas acredita ser invi\u00e1vel reverter o mal-estar causado pelo tarifa\u00e7o que os Estados Unidos impuseram a produtos brasileiros. Outra diz que \u00e9 preciso aguardar os pr\u00f3ximos desdobramentos das san\u00e7\u00f5es americanas para avaliar.\u00a0<\/p>\n\n\n\n<p>Trump assinou o decreto da tarifa nesta quarta-feira (30). O texto isenta determinados alimentos, min\u00e9rios e produtos de energia e avia\u00e7\u00e3o civil, entre centenas de outros. Nas redes sociais, Eduardo disse ter trabalhado para &#8220;as medidas fossem ainda melhor direcionadas, atingindo o alvo correto e poupando ao m\u00e1ximo poss\u00edvel o povo brasileiro e o setor produtivo&#8221;.\u00a0<\/p>\n\n\n\n<p>As cr\u00edticas s\u00e3o feitas sob cautela. Primeiro, porque h\u00e1 um entendimento entre aliados -do centr\u00e3o, do partido de Eduardo e de partidos pr\u00f3ximos- de que ele atua pela san\u00e7\u00e3o a Moraes, considerado o principal inimigo do bolsonarismo. Segundo, porque ningu\u00e9m quer se indispor com o filho do ex-presidente.\u00a0<\/p>\n\n\n\n<p>Mas esses pol\u00edticos admitem, reservadamente, ver um acirramento na postura do filho 03 de Jair Bolsonaro.\u00a0<\/p>\n\n\n\n<p>Um interlocutor de Eduardo afirma que, ap\u00f3s sua ida aos Estados Unidos e o inqu\u00e9rito aberto por Moraes a pedido da PGR (Procuradoria-Geral da Rep\u00fablica) para investigar suas a\u00e7\u00f5es no exterior, n\u00e3o restou op\u00e7\u00e3o ao deputado exceto elevar o tom contra o ministro e defender as medidas tomadas pelo governo Trump.\u00a0<\/p>\n\n\n\n<p>J\u00e1 um aliado do ex-presidente disse que a forma com que o deputado est\u00e1 atuando nos Estados Unidos divide o campo pol\u00edtico e ajuda o governo Lula (PT). Esse interlocutor diz que Bolsonaro tamb\u00e9m tem uma avalia\u00e7\u00e3o mais pragm\u00e1tica do cen\u00e1rio e n\u00e3o quer ver disputas tornadas p\u00fablicas desta forma.\u00a0<\/p>\n\n\n\n<p>Antes do an\u00fancio do tarifa\u00e7o, j\u00e1 havia um mal-estar entre pai e filho, segundo aliados. Coube ao senador Fl\u00e1vio Bolsonaro (PL-RJ), o mais velho dos irm\u00e3os, apaziguar a rela\u00e7\u00e3o dos dois.\u00a0<\/p>\n\n\n\n<p>O ex-presidente era contr\u00e1rio, inicialmente, \u00e0 perman\u00eancia do filho no exterior. Depois, passou a defend\u00ea-la e a elogi\u00e1-lo. Recentemente, por\u00e9m, mencionou imaturidade ao falar do deputado -termo que vem sendo resgatado por aliados que o criticam.\u00a0<\/p>\n\n\n\n<p>O parlamentar j\u00e1 colocou na mira governadores de direita e o deputado Nikolas Ferreira (PL-MG), assim como atuou para boicotar as agendas de senadores em Washington -inclusive de parlamentares que fizeram parte do governo Bolsonaro, como Tereza Cristina (PP-MS).\u00a0<\/p>\n\n\n\n<p>H\u00e1 hoje um entorno mais pr\u00f3ximo de Eduardo que nega radicalismo nas suas atitudes e se queixa da falta do seu campo no Brasil. Tamb\u00e9m afirmam que as diverg\u00eancias sobre estrat\u00e9gias s\u00e3o comuns dentro na pol\u00edtica e dizem ver fogo amigo nas cr\u00edticas ao filho do ex-presidente.\u00a0<\/p>\n\n\n\n<p>Uma pessoa pr\u00f3xima ao presidente do PL, Valdemar Costa Neto, avalia que as publica\u00e7\u00f5es e declara\u00e7\u00f5es dadas por Eduardo desde o an\u00fancio da sobretaxa de 50% aos produtos brasileiros, em 9 de julho, soaram inadequadas. Ela cita como exemplo o v\u00eddeo em que o deputado orienta empres\u00e1rios brasileiros a migrar para os EUA para evitar as san\u00e7\u00f5es.\u00a0<\/p>\n\n\n\n<p>&#8220;Se voc\u00ea, empres\u00e1rio brasileiro, quiser investir aqui nos Estados Unidos, \u00e9 s\u00f3 vir para c\u00e1 que, em semanas, a gente coloca seu processo adiante&#8221;, afirmou.\u00a0<\/p>\n\n\n\n<p>A an\u00e1lise \u00e9 que o retorno de Eduardo ao Brasil s\u00f3 seria poss\u00edvel em um improv\u00e1vel cen\u00e1rio de obten\u00e7\u00e3o de anistia a Bolsonaro e tamb\u00e9m de impeachment de Moraes. Ele era tido como um dos principais nomes para representar o grupo pol\u00edtico do pai em 2026, com a inelegibilidade de Bolsonaro.<\/p>\n\n\n\n<p>BN<\/p>\n","protected":false},"excerpt":{"rendered":"<p>O sucesso ao obter san\u00e7\u00f5es do governo Donald Trump contra o ministro do STF (Supremo Tribunal Federal) Alexandre de Moraes n\u00e3o garante a reabilita\u00e7\u00e3o pol\u00edtica do deputado federal Eduardo Bolsonaro (PL-SP), na vis\u00e3o de aliados da direita e do centr\u00e3o.\u00a0 Segundo interlocutores de Jair Bolsonaro (PL) ouvidos pela reportagem, Eduardo passou as \u00faltimas semanas radicalizando [&hellip;]<\/p>\n","protected":false},"author":2,"featured_media":33065,"comment_status":"open","ping_status":"open","sticky":false,"template":"","format":"standard","meta":{"_jetpack_memberships_contains_paid_content":false,"footnotes":""},"categories":[46],"tags":[],"class_list":["post-33064","post","type-post","status-publish","format-standard","has-post-thumbnail","hentry","category-noticia"],"aioseo_notices":[],"jetpack_featured_media_url":"https:\/\/i0.wp.com\/minutobahia24h.com.br\/wp-content\/uploads\/2025\/07\/Sem-titulo-420.jpg?fit=1200%2C630&ssl=1","jetpack_sharing_enabled":true,"_links":{"self":[{"href":"https:\/\/minutobahia24h.com.br\/index.php?rest_route=\/wp\/v2\/posts\/33064","targetHints":{"allow":["GET"]}}],"collection":[{"href":"https:\/\/minutobahia24h.com.br\/index.php?rest_route=\/wp\/v2\/posts"}],"about":[{"href":"https:\/\/minutobahia24h.com.br\/index.php?rest_route=\/wp\/v2\/types\/post"}],"author":[{"embeddable":true,"href":"https:\/\/minutobahia24h.com.br\/index.php?rest_route=\/wp\/v2\/users\/2"}],"replies":[{"embeddable":true,"href":"https:\/\/minutobahia24h.com.br\/index.php?rest_route=%2Fwp%2Fv2%2Fcomments&post=33064"}],"version-history":[{"count":1,"href":"https:\/\/minutobahia24h.com.br\/index.php?rest_route=\/wp\/v2\/posts\/33064\/revisions"}],"predecessor-version":[{"id":33066,"href":"https:\/\/minutobahia24h.com.br\/index.php?rest_route=\/wp\/v2\/posts\/33064\/revisions\/33066"}],"wp:featuredmedia":[{"embeddable":true,"href":"https:\/\/minutobahia24h.com.br\/index.php?rest_route=\/wp\/v2\/media\/33065"}],"wp:attachment":[{"href":"https:\/\/minutobahia24h.com.br\/index.php?rest_route=%2Fwp%2Fv2%2Fmedia&parent=33064"}],"wp:term":[{"taxonomy":"category","embeddable":true,"href":"https:\/\/minutobahia24h.com.br\/index.php?rest_route=%2Fwp%2Fv2%2Fcategories&post=33064"},{"taxonomy":"post_tag","embeddable":true,"href":"https:\/\/minutobahia24h.com.br\/index.php?rest_route=%2Fwp%2Fv2%2Ftags&post=33064"}],"curies":[{"name":"wp","href":"https:\/\/api.w.org\/{rel}","templated":true}]}}