{"id":33025,"date":"2025-07-30T14:19:29","date_gmt":"2025-07-30T17:19:29","guid":{"rendered":"https:\/\/minutobahia24h.com.br\/?p=33025"},"modified":"2025-07-30T14:19:53","modified_gmt":"2025-07-30T17:19:53","slug":"vereador-jeorge-catatau-protocola-indicacoes-na-camara-com-foco-na-saude-publica-e-cumprimento-de-leis-municipais","status":"publish","type":"post","link":"https:\/\/minutobahia24h.com.br\/?p=33025","title":{"rendered":"Vereador Jeorge Catatau protocola indica\u00e7\u00f5es na C\u00e2mara com foco na sa\u00fade p\u00fablica e cumprimento de leis municipais"},"content":{"rendered":"<div class=\"wp-block-image\">\n<figure class=\"aligncenter size-large\"><img data-recalc-dims=\"1\" fetchpriority=\"high\" decoding=\"async\" width=\"800\" height=\"434\" src=\"https:\/\/i0.wp.com\/minutobahia24h.com.br\/wp-content\/uploads\/2025\/07\/img-20250730-wa10382705357799459535096-1024x556.jpg?resize=800%2C434&#038;ssl=1\" alt=\"\" class=\"wp-image-33024\" srcset=\"https:\/\/i0.wp.com\/minutobahia24h.com.br\/wp-content\/uploads\/2025\/07\/img-20250730-wa10382705357799459535096.jpg?resize=1024%2C556&amp;ssl=1 1024w, https:\/\/i0.wp.com\/minutobahia24h.com.br\/wp-content\/uploads\/2025\/07\/img-20250730-wa10382705357799459535096.jpg?resize=300%2C163&amp;ssl=1 300w, https:\/\/i0.wp.com\/minutobahia24h.com.br\/wp-content\/uploads\/2025\/07\/img-20250730-wa10382705357799459535096.jpg?resize=768%2C417&amp;ssl=1 768w, https:\/\/i0.wp.com\/minutobahia24h.com.br\/wp-content\/uploads\/2025\/07\/img-20250730-wa10382705357799459535096.jpg?resize=750%2C407&amp;ssl=1 750w, https:\/\/i0.wp.com\/minutobahia24h.com.br\/wp-content\/uploads\/2025\/07\/img-20250730-wa10382705357799459535096.jpg?resize=1140%2C619&amp;ssl=1 1140w, https:\/\/i0.wp.com\/minutobahia24h.com.br\/wp-content\/uploads\/2025\/07\/img-20250730-wa10382705357799459535096.jpg?w=1484&amp;ssl=1 1484w\" sizes=\"(max-width: 800px) 100vw, 800px\" \/><\/figure>\n<\/div>\n\n\n<p>Nesta ter\u00e7a-feira (29), o vereador Jeorge Catatau protocolou duas indica\u00e7\u00f5es na Mesa Diretora da C\u00e2mara Municipal de Senhor do Bonfim, com propostas voltadas \u00e0 \u00e1rea da sa\u00fade e ao cumprimento de leis j\u00e1 sancionadas que tratam da nomea\u00e7\u00e3o de equipamentos p\u00fablicos.<br><br>A primeira, de n\u00ba 17\/2025, solicita ao Poder Executivo a cria\u00e7\u00e3o de uma cl\u00ednica municipal para tratamento de dependentes qu\u00edmicos, com o objetivo de oferecer atendimento especializado e humanizado a pessoas que enfrentam diariamente o drama da depend\u00eancia qu\u00edmica. Segundo o parlamentar, o v\u00edcio em subst\u00e2ncias psicoativas \u00e9 uma grave quest\u00e3o de sa\u00fade p\u00fablica, que afeta indiv\u00edduos de diferentes idades e classes sociais, comprometendo sua sa\u00fade f\u00edsica, mental e qualidade de vida.<br><br>\u201cA aus\u00eancia de cl\u00ednicas p\u00fablicas sobrecarrega as fam\u00edlias, os servi\u00e7os de sa\u00fade e at\u00e9 mesmo o sistema de justi\u00e7a criminal. A cria\u00e7\u00e3o de uma cl\u00ednica municipal de reabilita\u00e7\u00e3o permitiria tratamento adequado, com interna\u00e7\u00e3o ou atendimento ambulatorial, conforme avalia\u00e7\u00e3o de uma equipe multidisciplinar. Al\u00e9m disso, o servi\u00e7o poderia oferecer a\u00e7\u00f5es de reinser\u00e7\u00e3o social, capacita\u00e7\u00e3o profissional e apoio \u00e0s fam\u00edlias dos pacientes\u201d, justificou Catatau.<br><br>A segunda indica\u00e7\u00e3o, de n\u00ba 18\/2025, trata do cumprimento de leis municipais que j\u00e1 estabelecem a nomea\u00e7\u00e3o oficial de diversos equipamentos p\u00fablicos da cidade, mas que ainda n\u00e3o foram devidamente identificados com placas e sinaliza\u00e7\u00e3o. O vereador listou as seguintes leis:<br>\u2022\tLei Municipal n\u00ba 1.217\/2011, que denomina a pista de skate do Parque da Cidade como Eduardo Terra Nova da Silva;<br>\u2022\tLei Municipal n\u00ba 1.539\/2020, que d\u00e1 \u00e0 arena da Rua Campo Formoso o nome de Arena Sebasti\u00e3o Teixeira Santos;<br>\u2022\tLei Municipal n\u00ba 1.643\/2022, que denomina a quadra das Casas Populares como Quadra Poliesportiva Jos\u00e9 Luis da Silva Lucas;<br>\u2022\tLei Municipal n\u00ba 1.685\/2023, que oficializa o nome Mercado Municipal Paulo Batista Machado ao equipamento localizado na Pra\u00e7a Castelo Branco.<br><br>\u201cCada um desses equipamentos j\u00e1 deveria ter recebido sua nova denomina\u00e7\u00e3o, conforme determinam as leis municipais sancionadas. Cabe agora ao poder p\u00fablico cumprir sua parte, instalando as devidas placas de identifica\u00e7\u00e3o e prestando essa justa homenagem \u00e0s personalidades que tanto contribu\u00edram para o desenvolvimento do nosso munic\u00edpio\u201d, ressaltou o vereador Jeorge Catatau.<\/p>\n","protected":false},"excerpt":{"rendered":"<p>Nesta ter\u00e7a-feira (29), o vereador Jeorge Catatau protocolou duas indica\u00e7\u00f5es na Mesa Diretora da C\u00e2mara Municipal de Senhor do Bonfim, com propostas voltadas \u00e0 \u00e1rea da sa\u00fade e ao cumprimento de leis j\u00e1 sancionadas que tratam da nomea\u00e7\u00e3o de equipamentos p\u00fablicos. A primeira, de n\u00ba 17\/2025, solicita ao Poder Executivo a cria\u00e7\u00e3o de uma cl\u00ednica [&hellip;]<\/p>\n","protected":false},"author":2,"featured_media":33024,"comment_status":"open","ping_status":"open","sticky":false,"template":"","format":"standard","meta":{"_jetpack_memberships_contains_paid_content":false,"footnotes":""},"categories":[3],"tags":[5],"class_list":["post-33025","post","type-post","status-publish","format-standard","has-post-thumbnail","hentry","category-regional","tag-bonfim"],"aioseo_notices":[],"jetpack_featured_media_url":"https:\/\/i0.wp.com\/minutobahia24h.com.br\/wp-content\/uploads\/2025\/07\/img-20250730-wa10382705357799459535096.jpg?fit=1484%2C806&ssl=1","jetpack_sharing_enabled":true,"_links":{"self":[{"href":"https:\/\/minutobahia24h.com.br\/index.php?rest_route=\/wp\/v2\/posts\/33025","targetHints":{"allow":["GET"]}}],"collection":[{"href":"https:\/\/minutobahia24h.com.br\/index.php?rest_route=\/wp\/v2\/posts"}],"about":[{"href":"https:\/\/minutobahia24h.com.br\/index.php?rest_route=\/wp\/v2\/types\/post"}],"author":[{"embeddable":true,"href":"https:\/\/minutobahia24h.com.br\/index.php?rest_route=\/wp\/v2\/users\/2"}],"replies":[{"embeddable":true,"href":"https:\/\/minutobahia24h.com.br\/index.php?rest_route=%2Fwp%2Fv2%2Fcomments&post=33025"}],"version-history":[{"count":1,"href":"https:\/\/minutobahia24h.com.br\/index.php?rest_route=\/wp\/v2\/posts\/33025\/revisions"}],"predecessor-version":[{"id":33026,"href":"https:\/\/minutobahia24h.com.br\/index.php?rest_route=\/wp\/v2\/posts\/33025\/revisions\/33026"}],"wp:featuredmedia":[{"embeddable":true,"href":"https:\/\/minutobahia24h.com.br\/index.php?rest_route=\/wp\/v2\/media\/33024"}],"wp:attachment":[{"href":"https:\/\/minutobahia24h.com.br\/index.php?rest_route=%2Fwp%2Fv2%2Fmedia&parent=33025"}],"wp:term":[{"taxonomy":"category","embeddable":true,"href":"https:\/\/minutobahia24h.com.br\/index.php?rest_route=%2Fwp%2Fv2%2Fcategories&post=33025"},{"taxonomy":"post_tag","embeddable":true,"href":"https:\/\/minutobahia24h.com.br\/index.php?rest_route=%2Fwp%2Fv2%2Ftags&post=33025"}],"curies":[{"name":"wp","href":"https:\/\/api.w.org\/{rel}","templated":true}]}}