{"id":32959,"date":"2025-07-30T07:59:37","date_gmt":"2025-07-30T10:59:37","guid":{"rendered":"https:\/\/minutobahia24h.com.br\/?p=32959"},"modified":"2025-07-30T07:59:39","modified_gmt":"2025-07-30T10:59:39","slug":"artista-de-capim-grosso-recebe-premio-da-academia-internacional-de-arte-moderna-de-roma","status":"publish","type":"post","link":"https:\/\/minutobahia24h.com.br\/?p=32959","title":{"rendered":"Artista de Capim Grosso recebe pr\u00eamio da Academia Internacional de Arte Moderna de Roma"},"content":{"rendered":"<div class=\"wp-block-image\">\n<figure class=\"aligncenter size-full\"><img data-recalc-dims=\"1\" fetchpriority=\"high\" decoding=\"async\" width=\"514\" height=\"523\" src=\"https:\/\/i0.wp.com\/minutobahia24h.com.br\/wp-content\/uploads\/2025\/07\/Sem-titulo-388.jpg?resize=514%2C523&#038;ssl=1\" alt=\"\" class=\"wp-image-32960\" srcset=\"https:\/\/i0.wp.com\/minutobahia24h.com.br\/wp-content\/uploads\/2025\/07\/Sem-titulo-388.jpg?w=514&amp;ssl=1 514w, https:\/\/i0.wp.com\/minutobahia24h.com.br\/wp-content\/uploads\/2025\/07\/Sem-titulo-388.jpg?resize=295%2C300&amp;ssl=1 295w, https:\/\/i0.wp.com\/minutobahia24h.com.br\/wp-content\/uploads\/2025\/07\/Sem-titulo-388.jpg?resize=75%2C75&amp;ssl=1 75w\" sizes=\"(max-width: 514px) 100vw, 514px\" \/><\/figure>\n<\/div>\n\n\n<p>O artista pl\u00e1stico Eduardo Lima, natural de Capim Grosso, na Bahia, recebeu uma premia\u00e7\u00e3o da Academia Internacional de Arte Moderna de Roma, na It\u00e1lia. O reconhecimento ocorreu durante a XIV Mostra Internacional \u2013 Jubileu de Roma 2025, realizada na Bas\u00edlica Santa Maria in Montesanto, evento de destaque no calend\u00e1rio art\u00edstico europeu.<\/p>\n\n\n\n<p>A novidade foi celebrada por ele em um v\u00eddeo nas redes sociais. \u201c\u00c9 motivo de muita emo\u00e7\u00e3o. S\u00f3 tenho a agradecer a todos que tem me apoiado at\u00e9 aqui\u201d, declarou. \u201cRepresentar minha cidade, minha regi\u00e3o e minhas ra\u00edzes em um evento internacional \u00e9 uma conquista imensa. \u00c9 uma alegria levar a arte do Sert\u00e3o para o mundo\u201d, comemorou.<\/p>\n\n\n\n<p>Eduardo apresentou a obra in\u00e9dita \u201cPiedade\u201d, inspirada na c\u00e9lebre escultura Piet\u00e0, de Michel\u00e2ngelo. Na releitura, o sentimento renascentista ganha forma no cotidiano sertanejo, com foco na resist\u00eancia, esperan\u00e7a e f\u00e9 presentes na vida do povo nordestino. A cria\u00e7\u00e3o busca homenagear essa for\u00e7a silenciosa e constante, presente mesmo diante das adversidades.<a><\/a><\/p>\n\n\n\n<p>\u201cFoi uma forma de homenagear a f\u00e9 do nosso povo, que mesmo diante das dificuldades, nunca perde a esperan\u00e7a\u201d, afirmou o artista.<\/p>\n\n\n\n<p>Antes de se dedicar exclusivamente \u00e0s artes, Eduardo j\u00e1 trabalhou como frentista. Com mais esse reconhecimento internacional, ele se torna um dos expoentes da arte nordestina contempor\u00e2nea e refor\u00e7a sua miss\u00e3o de ser um porta-voz visual das cores, f\u00e9 e beleza do povo do Sert\u00e3o.&nbsp;<\/p>\n\n\n\n<p>Com informa\u00e7\u00f5es s\u00e3o do site Bahia Not\u00edcias<\/p>\n","protected":false},"excerpt":{"rendered":"<p>O artista pl\u00e1stico Eduardo Lima, natural de Capim Grosso, na Bahia, recebeu uma premia\u00e7\u00e3o da Academia Internacional de Arte Moderna de Roma, na It\u00e1lia. O reconhecimento ocorreu durante a XIV Mostra Internacional \u2013 Jubileu de Roma 2025, realizada na Bas\u00edlica Santa Maria in Montesanto, evento de destaque no calend\u00e1rio art\u00edstico europeu. A novidade foi celebrada [&hellip;]<\/p>\n","protected":false},"author":2,"featured_media":32960,"comment_status":"open","ping_status":"open","sticky":false,"template":"","format":"standard","meta":{"_jetpack_memberships_contains_paid_content":false,"footnotes":""},"categories":[3],"tags":[],"class_list":["post-32959","post","type-post","status-publish","format-standard","has-post-thumbnail","hentry","category-regional"],"aioseo_notices":[],"jetpack_featured_media_url":"https:\/\/i0.wp.com\/minutobahia24h.com.br\/wp-content\/uploads\/2025\/07\/Sem-titulo-388.jpg?fit=514%2C523&ssl=1","jetpack_sharing_enabled":true,"_links":{"self":[{"href":"https:\/\/minutobahia24h.com.br\/index.php?rest_route=\/wp\/v2\/posts\/32959","targetHints":{"allow":["GET"]}}],"collection":[{"href":"https:\/\/minutobahia24h.com.br\/index.php?rest_route=\/wp\/v2\/posts"}],"about":[{"href":"https:\/\/minutobahia24h.com.br\/index.php?rest_route=\/wp\/v2\/types\/post"}],"author":[{"embeddable":true,"href":"https:\/\/minutobahia24h.com.br\/index.php?rest_route=\/wp\/v2\/users\/2"}],"replies":[{"embeddable":true,"href":"https:\/\/minutobahia24h.com.br\/index.php?rest_route=%2Fwp%2Fv2%2Fcomments&post=32959"}],"version-history":[{"count":1,"href":"https:\/\/minutobahia24h.com.br\/index.php?rest_route=\/wp\/v2\/posts\/32959\/revisions"}],"predecessor-version":[{"id":32961,"href":"https:\/\/minutobahia24h.com.br\/index.php?rest_route=\/wp\/v2\/posts\/32959\/revisions\/32961"}],"wp:featuredmedia":[{"embeddable":true,"href":"https:\/\/minutobahia24h.com.br\/index.php?rest_route=\/wp\/v2\/media\/32960"}],"wp:attachment":[{"href":"https:\/\/minutobahia24h.com.br\/index.php?rest_route=%2Fwp%2Fv2%2Fmedia&parent=32959"}],"wp:term":[{"taxonomy":"category","embeddable":true,"href":"https:\/\/minutobahia24h.com.br\/index.php?rest_route=%2Fwp%2Fv2%2Fcategories&post=32959"},{"taxonomy":"post_tag","embeddable":true,"href":"https:\/\/minutobahia24h.com.br\/index.php?rest_route=%2Fwp%2Fv2%2Ftags&post=32959"}],"curies":[{"name":"wp","href":"https:\/\/api.w.org\/{rel}","templated":true}]}}