{"id":32785,"date":"2025-07-25T07:44:57","date_gmt":"2025-07-25T10:44:57","guid":{"rendered":"https:\/\/minutobahia24h.com.br\/?p=32785"},"modified":"2025-07-25T07:44:58","modified_gmt":"2025-07-25T10:44:58","slug":"general-confirma-ser-autor-do-plano-para-assassinar-lula-alckmin-e-moraes","status":"publish","type":"post","link":"https:\/\/minutobahia24h.com.br\/?p=32785","title":{"rendered":"General confirma ser autor do plano para assassinar Lula, Alckmin e Moraes"},"content":{"rendered":"<div class=\"wp-block-image\">\n<figure class=\"aligncenter size-full\"><img data-recalc-dims=\"1\" fetchpriority=\"high\" decoding=\"async\" width=\"600\" height=\"420\" src=\"https:\/\/i0.wp.com\/minutobahia24h.com.br\/wp-content\/uploads\/2025\/07\/Sem-titulo-343.jpg?resize=600%2C420&#038;ssl=1\" alt=\"\" class=\"wp-image-32786\" srcset=\"https:\/\/i0.wp.com\/minutobahia24h.com.br\/wp-content\/uploads\/2025\/07\/Sem-titulo-343.jpg?w=600&amp;ssl=1 600w, https:\/\/i0.wp.com\/minutobahia24h.com.br\/wp-content\/uploads\/2025\/07\/Sem-titulo-343.jpg?resize=300%2C210&amp;ssl=1 300w\" sizes=\"(max-width: 600px) 100vw, 600px\" \/><figcaption class=\"wp-element-caption\">Foto: Reprodu\u00e7\u00e3o\/ redes sociais<br><\/figcaption><\/figure>\n<\/div>\n\n\n<p>Interrogado nesta quinta-feira (24) no Supremo Tribunal Federal (STF), o general Mario Fernandes, ex-secret\u00e1rio-executivo da Secretaria-Geral da Presid\u00eancia no governo do ex-presidente Jair Bolsonaro (PL), admitiu ser o autor do plano \u201cPunhal Verde e Amarelo\u201d.<\/p>\n\n\n\n<p>De acordo com as investiga\u00e7\u00f5es, o plano previa o assassinato do presidente Luiz In\u00e1cio Lula da Silva (PT), do vice-presidente Geraldo Alckmin (PSB) e do ministro Alexandre de Moraes.<\/p>\n\n\n\n<p>Aos ministros, Fernandes disse que o plano se tratava de um \u201cpensamento\u201d seu e que foi digitalizado. O general integra o chamado n\u00facleo 2 da suposta tentativa de Golpe de Estado.<\/p>\n\n\n\n<p>O documento chegou a ser impresso e ainda conforme interrogat\u00f3rio, o investigado confirmou a ideia de assassinato. No entanto, o bolsonarista negou ter apresentado ou compartilhado o plano com algu\u00e9m.<\/p>\n\n\n\n<p><strong>Depoimentos no STF<\/strong><\/p>\n\n\n\n<p><a href=\"https:\/\/bahia.ba\/justica\/stf-julga-denuncia-contra-nucleo-2-de-acusados-por-tentativa-de-golpe-de-estado\/\"><strong>O interrogat\u00f3rio dos seis r\u00e9us do n\u00facleo 2 ocorreu nesta quinta-feira (24)<\/strong><\/a>. Tamb\u00e9m foram ouvidos os integrantes dos n\u00facleos 3 e 4. Os envolvidos s\u00e3o acusados de gerenciar a\u00e7\u00f5es estrat\u00e9gicas para o sucesso da tentativa de golpe de Estado, com a reda\u00e7\u00e3o de uma minuta de decreto golpista e a utiliza\u00e7\u00e3o ileg\u00edtima da estrutura da Pol\u00edcia Rodovi\u00e1ria Federal (PRF).<\/p>\n\n\n\n<p><strong>Confira a divis\u00e3o<\/strong><\/p>\n\n\n\n<p><strong>N\u00facleo 2<\/strong><br>Filipe Martins (ex-assessor de assuntos internacionais do ex-presidente Jair Bolsonaro);<br>Marcelo C\u00e2mara (ex-assessor de Bolsonaro); Silvinei Vasques (ex-diretor da Pol\u00edcia Rodovi\u00e1ria Federal);<br>M\u00e1rio Fernandes (general do Ex\u00e9rcito);<br>Mar\u00edlia de Alencar (ex-subsecret\u00e1ria de Seguran\u00e7a do Distrito Federal);<br>Fernando de Sousa Oliveira (ex-secret\u00e1rio adjunto de Seguran\u00e7a do Distrito Federal).<\/p>\n\n\n\n<p><strong>N\u00facleo 3<\/strong><br>Bernardo Rom\u00e3o Correa Netto (coronel do Ex\u00e9rcito);<br>Cleverson Ney Magalh\u00e3es (tenente-coronel);<br>Estevam Theophilo (general);<br>Fabr\u00edcio Moreira de Bastos (coronel);<br>H\u00e9lio Ferreira (tenente-coronel);<br>M\u00e1rcio Nunes de Resende J\u00fanior (coronel);<br>Nilton Diniz Rodrigues (general);<br>Rafael Martins de Oliveira (tenente-coronel);<br>Rodrigo Bezerra de Azevedo (tenente-coronel);<br>Ronald Ferreira de Ara\u00fajo J\u00fanior (tenente-coronel);<br>S\u00e9rgio Ricardo Cavaliere de Medeiros (tenente-coronel);<br>Wladimir Matos Soares (policial federal).<\/p>\n\n\n\n<p><strong>N\u00facleo 4<\/strong><br>Ailton Gon\u00e7alves Moraes Barros (major da reserva do Ex\u00e9rcito);<br>\u00c2ngelo Martins Denicoli (major da reserva);<br>Giancarlo Gomes Rodrigues (subtenente);<br>Guilherme Marques de Almeida (tenente-coronel);<br>Reginaldo Vieira de Abreu (coronel);<br>Marcelo Ara\u00fajo Bormevet (policial federal);<br>Carlos Cesar Moretzsohn Rocha (presidente do Instituto Voto Legal).<\/p>\n\n\n\n<p>Bahia.ba<\/p>\n","protected":false},"excerpt":{"rendered":"<p>Interrogado nesta quinta-feira (24) no Supremo Tribunal Federal (STF), o general Mario Fernandes, ex-secret\u00e1rio-executivo da Secretaria-Geral da Presid\u00eancia no governo do ex-presidente Jair Bolsonaro (PL), admitiu ser o autor do plano \u201cPunhal Verde e Amarelo\u201d. De acordo com as investiga\u00e7\u00f5es, o plano previa o assassinato do presidente Luiz In\u00e1cio Lula da Silva (PT), do vice-presidente [&hellip;]<\/p>\n","protected":false},"author":2,"featured_media":32786,"comment_status":"open","ping_status":"open","sticky":false,"template":"","format":"standard","meta":{"_jetpack_memberships_contains_paid_content":false,"footnotes":""},"categories":[39],"tags":[],"class_list":["post-32785","post","type-post","status-publish","format-standard","has-post-thumbnail","hentry","category-politica"],"aioseo_notices":[],"jetpack_featured_media_url":"https:\/\/i0.wp.com\/minutobahia24h.com.br\/wp-content\/uploads\/2025\/07\/Sem-titulo-343.jpg?fit=600%2C420&ssl=1","jetpack_sharing_enabled":true,"_links":{"self":[{"href":"https:\/\/minutobahia24h.com.br\/index.php?rest_route=\/wp\/v2\/posts\/32785","targetHints":{"allow":["GET"]}}],"collection":[{"href":"https:\/\/minutobahia24h.com.br\/index.php?rest_route=\/wp\/v2\/posts"}],"about":[{"href":"https:\/\/minutobahia24h.com.br\/index.php?rest_route=\/wp\/v2\/types\/post"}],"author":[{"embeddable":true,"href":"https:\/\/minutobahia24h.com.br\/index.php?rest_route=\/wp\/v2\/users\/2"}],"replies":[{"embeddable":true,"href":"https:\/\/minutobahia24h.com.br\/index.php?rest_route=%2Fwp%2Fv2%2Fcomments&post=32785"}],"version-history":[{"count":1,"href":"https:\/\/minutobahia24h.com.br\/index.php?rest_route=\/wp\/v2\/posts\/32785\/revisions"}],"predecessor-version":[{"id":32787,"href":"https:\/\/minutobahia24h.com.br\/index.php?rest_route=\/wp\/v2\/posts\/32785\/revisions\/32787"}],"wp:featuredmedia":[{"embeddable":true,"href":"https:\/\/minutobahia24h.com.br\/index.php?rest_route=\/wp\/v2\/media\/32786"}],"wp:attachment":[{"href":"https:\/\/minutobahia24h.com.br\/index.php?rest_route=%2Fwp%2Fv2%2Fmedia&parent=32785"}],"wp:term":[{"taxonomy":"category","embeddable":true,"href":"https:\/\/minutobahia24h.com.br\/index.php?rest_route=%2Fwp%2Fv2%2Fcategories&post=32785"},{"taxonomy":"post_tag","embeddable":true,"href":"https:\/\/minutobahia24h.com.br\/index.php?rest_route=%2Fwp%2Fv2%2Ftags&post=32785"}],"curies":[{"name":"wp","href":"https:\/\/api.w.org\/{rel}","templated":true}]}}