{"id":32782,"date":"2025-07-25T07:43:50","date_gmt":"2025-07-25T10:43:50","guid":{"rendered":"https:\/\/minutobahia24h.com.br\/?p=32782"},"modified":"2025-07-25T07:43:52","modified_gmt":"2025-07-25T10:43:52","slug":"embaixada-dos-eua-intensifica-criticas-a-moraes-coracao-pulsante-da-perseguicao","status":"publish","type":"post","link":"https:\/\/minutobahia24h.com.br\/?p=32782","title":{"rendered":"Embaixada dos EUA intensifica cr\u00edticas a Moraes: \u2018cora\u00e7\u00e3o pulsante da persegui\u00e7\u00e3o\u2019"},"content":{"rendered":"<div class=\"wp-block-image\">\n<figure class=\"aligncenter size-full\"><img data-recalc-dims=\"1\" fetchpriority=\"high\" decoding=\"async\" width=\"600\" height=\"420\" src=\"https:\/\/i0.wp.com\/minutobahia24h.com.br\/wp-content\/uploads\/2025\/07\/Sem-titulo-342.jpg?resize=600%2C420&#038;ssl=1\" alt=\"\" class=\"wp-image-32783\" srcset=\"https:\/\/i0.wp.com\/minutobahia24h.com.br\/wp-content\/uploads\/2025\/07\/Sem-titulo-342.jpg?w=600&amp;ssl=1 600w, https:\/\/i0.wp.com\/minutobahia24h.com.br\/wp-content\/uploads\/2025\/07\/Sem-titulo-342.jpg?resize=300%2C210&amp;ssl=1 300w\" sizes=\"(max-width: 600px) 100vw, 600px\" \/><figcaption class=\"wp-element-caption\">Foto: Antonio Augusto\/Secom\/TSE<br><\/figcaption><\/figure>\n<\/div>\n\n\n<p>A crise diplom\u00e1tica entre Brasil e Estados Unidos ganhou um novo cap\u00edtulo nesta quinta-feira (24), ap\u00f3s a Embaixada dos EUA no Brasil compartilhar, em seu perfil oficial no X (antigo Twitter), uma declara\u00e7\u00e3o classificando o ministro do Supremo Tribunal Federal (STF), Alexandre de Moraes, como o \u201ccora\u00e7\u00e3o pulsante do complexo de persegui\u00e7\u00e3o e censura contra Jair Bolsonaro\u201d.<\/p>\n\n\n\n<p>A publica\u00e7\u00e3o replicada pela embaixada \u00e9 de autoria de Darren Beattie, representante do Departamento de Estado norte-americano, e afirma que esse suposto \u201ccomplexo de censura\u201d n\u00e3o apenas afeta o ex-presidente brasileiro, mas tamb\u00e9m representa uma amea\u00e7a \u00e0 liberdade de express\u00e3o nos pr\u00f3prios Estados Unidos. \u201cGra\u00e7as \u00e0 lideran\u00e7a do presidente Trump e do secret\u00e1rio Rubio, estamos atentos e tomando as devidas provid\u00eancias\u201d, diz a mensagem original.<\/p>\n\n\n\n<p>A manifesta\u00e7\u00e3o se soma a outros epis\u00f3dios recentes que evidenciam o tensionamento nas rela\u00e7\u00f5es bilaterais. Desde o an\u00fancio da tarifa de 50% sobre produtos brasileiros, a gest\u00e3o Trump vem adotando um tom cada vez mais cr\u00edtico em rela\u00e7\u00e3o ao governo brasileiro e suas institui\u00e7\u00f5es. Em outra nota publicada anteriormente, a embaixada j\u00e1 havia afirmado que Bolsonaro e sua fam\u00edlia foram \u201cfortes parceiros\u201d dos EUA e que a \u201cpersegui\u00e7\u00e3o pol\u00edtica\u201d contra eles era \u201cvergonhosa e desrespeitosa com as tradi\u00e7\u00f5es democr\u00e1ticas do Brasil\u201d.<\/p>\n\n\n\n<p>A declara\u00e7\u00e3o provocou rea\u00e7\u00f5es no meio jur\u00eddico e pol\u00edtico brasileiro, sendo vista como uma interfer\u00eancia externa em assuntos internos do pa\u00eds. At\u00e9 o momento, o Supremo Tribunal Federal e o Itamaraty n\u00e3o se pronunciaram oficialmente sobre o conte\u00fado divulgado pela embaixada americana.<\/p>\n\n\n\n<p>Bahia.ba<\/p>\n","protected":false},"excerpt":{"rendered":"<p>A crise diplom\u00e1tica entre Brasil e Estados Unidos ganhou um novo cap\u00edtulo nesta quinta-feira (24), ap\u00f3s a Embaixada dos EUA no Brasil compartilhar, em seu perfil oficial no X (antigo Twitter), uma declara\u00e7\u00e3o classificando o ministro do Supremo Tribunal Federal (STF), Alexandre de Moraes, como o \u201ccora\u00e7\u00e3o pulsante do complexo de persegui\u00e7\u00e3o e censura contra [&hellip;]<\/p>\n","protected":false},"author":2,"featured_media":32783,"comment_status":"open","ping_status":"open","sticky":false,"template":"","format":"standard","meta":{"_jetpack_memberships_contains_paid_content":false,"footnotes":""},"categories":[39],"tags":[],"class_list":["post-32782","post","type-post","status-publish","format-standard","has-post-thumbnail","hentry","category-politica"],"aioseo_notices":[],"jetpack_featured_media_url":"https:\/\/i0.wp.com\/minutobahia24h.com.br\/wp-content\/uploads\/2025\/07\/Sem-titulo-342.jpg?fit=600%2C420&ssl=1","jetpack_sharing_enabled":true,"_links":{"self":[{"href":"https:\/\/minutobahia24h.com.br\/index.php?rest_route=\/wp\/v2\/posts\/32782","targetHints":{"allow":["GET"]}}],"collection":[{"href":"https:\/\/minutobahia24h.com.br\/index.php?rest_route=\/wp\/v2\/posts"}],"about":[{"href":"https:\/\/minutobahia24h.com.br\/index.php?rest_route=\/wp\/v2\/types\/post"}],"author":[{"embeddable":true,"href":"https:\/\/minutobahia24h.com.br\/index.php?rest_route=\/wp\/v2\/users\/2"}],"replies":[{"embeddable":true,"href":"https:\/\/minutobahia24h.com.br\/index.php?rest_route=%2Fwp%2Fv2%2Fcomments&post=32782"}],"version-history":[{"count":1,"href":"https:\/\/minutobahia24h.com.br\/index.php?rest_route=\/wp\/v2\/posts\/32782\/revisions"}],"predecessor-version":[{"id":32784,"href":"https:\/\/minutobahia24h.com.br\/index.php?rest_route=\/wp\/v2\/posts\/32782\/revisions\/32784"}],"wp:featuredmedia":[{"embeddable":true,"href":"https:\/\/minutobahia24h.com.br\/index.php?rest_route=\/wp\/v2\/media\/32783"}],"wp:attachment":[{"href":"https:\/\/minutobahia24h.com.br\/index.php?rest_route=%2Fwp%2Fv2%2Fmedia&parent=32782"}],"wp:term":[{"taxonomy":"category","embeddable":true,"href":"https:\/\/minutobahia24h.com.br\/index.php?rest_route=%2Fwp%2Fv2%2Fcategories&post=32782"},{"taxonomy":"post_tag","embeddable":true,"href":"https:\/\/minutobahia24h.com.br\/index.php?rest_route=%2Fwp%2Fv2%2Ftags&post=32782"}],"curies":[{"name":"wp","href":"https:\/\/api.w.org\/{rel}","templated":true}]}}