{"id":32770,"date":"2025-07-25T07:37:45","date_gmt":"2025-07-25T10:37:45","guid":{"rendered":"https:\/\/minutobahia24h.com.br\/?p=32770"},"modified":"2025-07-25T07:37:47","modified_gmt":"2025-07-25T10:37:47","slug":"tenente-coronel-e-exonerado-apos-ser-acusado-de-assedio-sexual-e-moral-contra-major-e-outras-policiais","status":"publish","type":"post","link":"https:\/\/minutobahia24h.com.br\/?p=32770","title":{"rendered":"Tenente-coronel \u00e9 exonerado ap\u00f3s ser acusado de ass\u00e9dio sexual e moral contra major e outras policiais"},"content":{"rendered":"<div class=\"wp-block-image\">\n<figure class=\"aligncenter size-large\"><img data-recalc-dims=\"1\" fetchpriority=\"high\" decoding=\"async\" width=\"800\" height=\"532\" src=\"https:\/\/i0.wp.com\/minutobahia24h.com.br\/wp-content\/uploads\/2025\/07\/Sem-titulo-338-1024x681.jpg?resize=800%2C532&#038;ssl=1\" alt=\"\" class=\"wp-image-32771\" srcset=\"https:\/\/i0.wp.com\/minutobahia24h.com.br\/wp-content\/uploads\/2025\/07\/Sem-titulo-338.jpg?resize=1024%2C681&amp;ssl=1 1024w, https:\/\/i0.wp.com\/minutobahia24h.com.br\/wp-content\/uploads\/2025\/07\/Sem-titulo-338.jpg?resize=300%2C200&amp;ssl=1 300w, https:\/\/i0.wp.com\/minutobahia24h.com.br\/wp-content\/uploads\/2025\/07\/Sem-titulo-338.jpg?resize=768%2C511&amp;ssl=1 768w, https:\/\/i0.wp.com\/minutobahia24h.com.br\/wp-content\/uploads\/2025\/07\/Sem-titulo-338.jpg?resize=750%2C499&amp;ssl=1 750w, https:\/\/i0.wp.com\/minutobahia24h.com.br\/wp-content\/uploads\/2025\/07\/Sem-titulo-338.jpg?resize=1140%2C758&amp;ssl=1 1140w, https:\/\/i0.wp.com\/minutobahia24h.com.br\/wp-content\/uploads\/2025\/07\/Sem-titulo-338.jpg?w=1200&amp;ssl=1 1200w\" sizes=\"(max-width: 800px) 100vw, 800px\" \/><figcaption class=\"wp-element-caption\">Tenente-coronel \u00e9 acusado de ass\u00e9dio sexual e moral contra uma major e outras policiais\u00a0<strong>Cr\u00e9dito: Almiro Lopes\/Arquivo CORREIO<\/strong><br><\/figcaption><\/figure>\n<\/div>\n\n\n<p id=\"paragrafo-dux80d7g2q\">Acusado de ass\u00e9dio sexual e moral contra uma major e duas soldadas,\u00a0<a href=\"https:\/\/www.correio24horas.com.br\/minha-bahia\/tenente-coronel-e-acusado-de-assedio-sexual-e-moral-contra-uma-major-e-outras-policiais-0425\" target=\"_blank\" rel=\"noreferrer noopener\">o\u00a0tenente-coronel \u00c9lson Crist\u00f3v\u00e3o Santos Pereira\u00a0<\/a>n\u00e3o \u00e9 mais coordenador t\u00e9cnico do Departamento Pessoal da Pol\u00edcia Militar. A exonera\u00e7\u00e3o dele foi publicada no Di\u00e1rio Oficial do Estado da \u00faltima quarta-feira (23). No entanto, a publica\u00e7\u00e3o n\u00e3o informou qual o cargo que o militar passa a ocupar na corpora\u00e7\u00e3o.\u00a0 \u00a0\u00a0<\/p>\n\n\n\n<p id=\"paragrafo-4hfaa6bv06\">Piadas ousadas, convites e elogios ao corpo. Estas e outras formas de ass\u00e9dio denunciadas pelas v\u00edtimas ao Minist\u00e9rio P\u00fablico Estadual (MPBA) e \u00e0 PM&nbsp;contra o tenente-coronel. De acordo com a den\u00fancia, os epis\u00f3dios aconteceram quando ele era comandante do 24\u00b0 Batalh\u00e3o (Brumado) e chegaram \u00e0s duas institui\u00e7\u00f5es em novembro do ano passado, que incluiu ainda acusa\u00e7\u00e3o por ass\u00e9dio moral. Em janeiro deste ano, a Corregedoria da PM instaurou uma sindic\u00e2ncia. J\u00e1 em Salvador,&nbsp;<a href=\"https:\/\/www.correio24horas.com.br\/colunistas\/in-seguranca\/assedio-sexual-na-pm-tenente-e-acusado-de-beijar-a-forca-uma-sub-em-elevador-0525\" target=\"_blank\" rel=\"noreferrer noopener\">um tenente foi acusado de beijar \u00e1 for\u00e7a uma subtenente no elevador.&nbsp;<\/a><\/p>\n\n\n\n<p id=\"paragrafo-xnltjsj32q\">Ap\u00f3s as acusa\u00e7\u00f5es virem \u00e0 tona, \u00c9lson Pereira foi exonerado do cargo de comandante no dia 07 de dezembro de 2024. No mesmo dia, ele foi nomeado coordenador t\u00e9cnico do Departamento Pessoal da PM. Antes de Brumado, ele passou por v\u00e1rias unidades. Em Salvador, comandou companhias consideradas fundamentais ao combate do crime organizado, como 14\u00aa CIMP (Lobato) e 31\u00aa CIMP (Val\u00e9ria).\u00a0 A reportagem pediu um posicionamento \u00e0 PM, inclusive, perguntou o motivo da sa\u00edda do cargo e onde o tenente-coronel atuar\u00e1 dentro da corpora\u00e7\u00e3o, mas at\u00e9 o momento n\u00e3o teve respostas.<\/p>\n\n\n\n<p>correio24horas<\/p>\n","protected":false},"excerpt":{"rendered":"<p>Acusado de ass\u00e9dio sexual e moral contra uma major e duas soldadas,\u00a0o\u00a0tenente-coronel \u00c9lson Crist\u00f3v\u00e3o Santos Pereira\u00a0n\u00e3o \u00e9 mais coordenador t\u00e9cnico do Departamento Pessoal da Pol\u00edcia Militar. A exonera\u00e7\u00e3o dele foi publicada no Di\u00e1rio Oficial do Estado da \u00faltima quarta-feira (23). No entanto, a publica\u00e7\u00e3o n\u00e3o informou qual o cargo que o militar passa a ocupar [&hellip;]<\/p>\n","protected":false},"author":2,"featured_media":32771,"comment_status":"open","ping_status":"open","sticky":false,"template":"","format":"standard","meta":{"_jetpack_memberships_contains_paid_content":false,"footnotes":""},"categories":[46],"tags":[],"class_list":["post-32770","post","type-post","status-publish","format-standard","has-post-thumbnail","hentry","category-noticia"],"aioseo_notices":[],"jetpack_featured_media_url":"https:\/\/i0.wp.com\/minutobahia24h.com.br\/wp-content\/uploads\/2025\/07\/Sem-titulo-338.jpg?fit=1200%2C798&ssl=1","jetpack_sharing_enabled":true,"_links":{"self":[{"href":"https:\/\/minutobahia24h.com.br\/index.php?rest_route=\/wp\/v2\/posts\/32770","targetHints":{"allow":["GET"]}}],"collection":[{"href":"https:\/\/minutobahia24h.com.br\/index.php?rest_route=\/wp\/v2\/posts"}],"about":[{"href":"https:\/\/minutobahia24h.com.br\/index.php?rest_route=\/wp\/v2\/types\/post"}],"author":[{"embeddable":true,"href":"https:\/\/minutobahia24h.com.br\/index.php?rest_route=\/wp\/v2\/users\/2"}],"replies":[{"embeddable":true,"href":"https:\/\/minutobahia24h.com.br\/index.php?rest_route=%2Fwp%2Fv2%2Fcomments&post=32770"}],"version-history":[{"count":1,"href":"https:\/\/minutobahia24h.com.br\/index.php?rest_route=\/wp\/v2\/posts\/32770\/revisions"}],"predecessor-version":[{"id":32772,"href":"https:\/\/minutobahia24h.com.br\/index.php?rest_route=\/wp\/v2\/posts\/32770\/revisions\/32772"}],"wp:featuredmedia":[{"embeddable":true,"href":"https:\/\/minutobahia24h.com.br\/index.php?rest_route=\/wp\/v2\/media\/32771"}],"wp:attachment":[{"href":"https:\/\/minutobahia24h.com.br\/index.php?rest_route=%2Fwp%2Fv2%2Fmedia&parent=32770"}],"wp:term":[{"taxonomy":"category","embeddable":true,"href":"https:\/\/minutobahia24h.com.br\/index.php?rest_route=%2Fwp%2Fv2%2Fcategories&post=32770"},{"taxonomy":"post_tag","embeddable":true,"href":"https:\/\/minutobahia24h.com.br\/index.php?rest_route=%2Fwp%2Fv2%2Ftags&post=32770"}],"curies":[{"name":"wp","href":"https:\/\/api.w.org\/{rel}","templated":true}]}}