{"id":32761,"date":"2025-07-25T07:03:19","date_gmt":"2025-07-25T10:03:19","guid":{"rendered":"https:\/\/minutobahia24h.com.br\/?p=32761"},"modified":"2025-07-25T07:03:21","modified_gmt":"2025-07-25T10:03:21","slug":"palestra-sobre-escola-de-tempo-integral-sera-realizada-em-saude-nesta-sexta-feira-25","status":"publish","type":"post","link":"https:\/\/minutobahia24h.com.br\/?p=32761","title":{"rendered":"Palestra sobre Escola de Tempo Integral ser\u00e1 realizada em Sa\u00fade nesta sexta-feira (25)"},"content":{"rendered":"<div class=\"wp-block-image\">\n<figure class=\"aligncenter size-full\"><img data-recalc-dims=\"1\" fetchpriority=\"high\" decoding=\"async\" width=\"696\" height=\"929\" src=\"https:\/\/i0.wp.com\/minutobahia24h.com.br\/wp-content\/uploads\/2025\/07\/Sem-titulo-335.jpg?resize=696%2C929&#038;ssl=1\" alt=\"\" class=\"wp-image-32762\" srcset=\"https:\/\/i0.wp.com\/minutobahia24h.com.br\/wp-content\/uploads\/2025\/07\/Sem-titulo-335.jpg?w=696&amp;ssl=1 696w, https:\/\/i0.wp.com\/minutobahia24h.com.br\/wp-content\/uploads\/2025\/07\/Sem-titulo-335.jpg?resize=225%2C300&amp;ssl=1 225w\" sizes=\"(max-width: 696px) 100vw, 696px\" \/><\/figure>\n<\/div>\n\n\n<p>A Prefeitura de Sa\u00fade, por meio da Secretaria Municipal de Educa\u00e7\u00e3o, promover\u00e1 nesta sexta-feira, 25 de julho, uma importante palestra voltada \u00e0 comunidade educacional do munic\u00edpio. O evento, que ser\u00e1 realizado no Col\u00e9gio Municipal Osvaldo Pereira, \u00e0s 9h, abordar\u00e1 o tema&nbsp;<strong>\u201cEscola de Tempo Integral, Ensino Integrado e as Prioridades da Educa\u00e7\u00e3o B\u00e1sica\u201d<\/strong>.<\/p>\n\n\n\n<p>O palestrante convidado \u00e9 o renomado professor e advogado&nbsp;<strong>Severiano Alves<\/strong>, que tamb\u00e9m \u00e9 procurador federal aposentado, ex-deputado federal por tr\u00eas mandatos, ex-prefeito de Sa\u00fade, escritor e comendador condecorado pela Bahia e pelo Brasil. Severiano \u00e9 mestre em Filosofia do Direito e tem vasta experi\u00eancia na \u00e1rea da educa\u00e7\u00e3o, sendo reconhecido por suas contribui\u00e7\u00f5es na formula\u00e7\u00e3o de pol\u00edticas p\u00fablicas educacionais.<\/p>\n\n\n\n<p>Durante o evento, tamb\u00e9m ser\u00e1 realizado o lan\u00e7amento do livro de sua autoria, intitulado&nbsp;<strong>\u201cEscola de Tempo Integral \u2013 A constru\u00e7\u00e3o de um novo caminho para a educa\u00e7\u00e3o p\u00fablica no Brasil\u201d<\/strong>, obra que traz reflex\u00f5es e propostas sobre a implementa\u00e7\u00e3o de um modelo de ensino mais inclusivo, integrado e voltado para o pleno desenvolvimento dos estudantes da educa\u00e7\u00e3o b\u00e1sica.<\/p>\n\n\n\n<p>A palestra \u00e9 aberta ao p\u00fablico, com \u00eanfase na participa\u00e7\u00e3o de professores, gestores escolares e demais profissionais da educa\u00e7\u00e3o. A iniciativa faz parte do compromisso da gest\u00e3o municipal em valorizar o debate educacional e incentivar pr\u00e1ticas pedag\u00f3gicas transformadoras.<\/p>\n\n\n\n<p><strong>Por: Portal Espa\u00e7o Aberto<\/strong><\/p>\n\n\n\n<p><\/p>\n","protected":false},"excerpt":{"rendered":"<p>A Prefeitura de Sa\u00fade, por meio da Secretaria Municipal de Educa\u00e7\u00e3o, promover\u00e1 nesta sexta-feira, 25 de julho, uma importante palestra voltada \u00e0 comunidade educacional do munic\u00edpio. O evento, que ser\u00e1 realizado no Col\u00e9gio Municipal Osvaldo Pereira, \u00e0s 9h, abordar\u00e1 o tema&nbsp;\u201cEscola de Tempo Integral, Ensino Integrado e as Prioridades da Educa\u00e7\u00e3o B\u00e1sica\u201d. O palestrante convidado [&hellip;]<\/p>\n","protected":false},"author":2,"featured_media":32762,"comment_status":"open","ping_status":"open","sticky":false,"template":"","format":"standard","meta":{"_jetpack_memberships_contains_paid_content":false,"footnotes":""},"categories":[3],"tags":[],"class_list":["post-32761","post","type-post","status-publish","format-standard","has-post-thumbnail","hentry","category-regional"],"aioseo_notices":[],"jetpack_featured_media_url":"https:\/\/i0.wp.com\/minutobahia24h.com.br\/wp-content\/uploads\/2025\/07\/Sem-titulo-335.jpg?fit=696%2C929&ssl=1","jetpack_sharing_enabled":true,"_links":{"self":[{"href":"https:\/\/minutobahia24h.com.br\/index.php?rest_route=\/wp\/v2\/posts\/32761","targetHints":{"allow":["GET"]}}],"collection":[{"href":"https:\/\/minutobahia24h.com.br\/index.php?rest_route=\/wp\/v2\/posts"}],"about":[{"href":"https:\/\/minutobahia24h.com.br\/index.php?rest_route=\/wp\/v2\/types\/post"}],"author":[{"embeddable":true,"href":"https:\/\/minutobahia24h.com.br\/index.php?rest_route=\/wp\/v2\/users\/2"}],"replies":[{"embeddable":true,"href":"https:\/\/minutobahia24h.com.br\/index.php?rest_route=%2Fwp%2Fv2%2Fcomments&post=32761"}],"version-history":[{"count":1,"href":"https:\/\/minutobahia24h.com.br\/index.php?rest_route=\/wp\/v2\/posts\/32761\/revisions"}],"predecessor-version":[{"id":32763,"href":"https:\/\/minutobahia24h.com.br\/index.php?rest_route=\/wp\/v2\/posts\/32761\/revisions\/32763"}],"wp:featuredmedia":[{"embeddable":true,"href":"https:\/\/minutobahia24h.com.br\/index.php?rest_route=\/wp\/v2\/media\/32762"}],"wp:attachment":[{"href":"https:\/\/minutobahia24h.com.br\/index.php?rest_route=%2Fwp%2Fv2%2Fmedia&parent=32761"}],"wp:term":[{"taxonomy":"category","embeddable":true,"href":"https:\/\/minutobahia24h.com.br\/index.php?rest_route=%2Fwp%2Fv2%2Fcategories&post=32761"},{"taxonomy":"post_tag","embeddable":true,"href":"https:\/\/minutobahia24h.com.br\/index.php?rest_route=%2Fwp%2Fv2%2Ftags&post=32761"}],"curies":[{"name":"wp","href":"https:\/\/api.w.org\/{rel}","templated":true}]}}