{"id":3276,"date":"2023-11-02T08:12:19","date_gmt":"2023-11-02T11:12:19","guid":{"rendered":"https:\/\/minutobahia24h.com.br\/?p=3276"},"modified":"2023-11-02T08:12:21","modified_gmt":"2023-11-02T11:12:21","slug":"bahia-registra-aumento-de-1312-em-casos-confirmados-de-covid-19-durante-outubro","status":"publish","type":"post","link":"https:\/\/minutobahia24h.com.br\/?p=3276","title":{"rendered":"Bahia registra aumento de 131,2% em casos confirmados de Covid-19 durante outubro"},"content":{"rendered":"<div class=\"wp-block-image\">\n<figure class=\"aligncenter size-large\"><img data-recalc-dims=\"1\" fetchpriority=\"high\" decoding=\"async\" width=\"800\" height=\"420\" src=\"https:\/\/i0.wp.com\/minutobahia24h.com.br\/wp-content\/uploads\/2023\/11\/Sem-titulo-22-1024x538.jpg?resize=800%2C420&#038;ssl=1\" alt=\"\" class=\"wp-image-3278\" srcset=\"https:\/\/i0.wp.com\/minutobahia24h.com.br\/wp-content\/uploads\/2023\/11\/Sem-titulo-22.jpg?resize=1024%2C538&amp;ssl=1 1024w, https:\/\/i0.wp.com\/minutobahia24h.com.br\/wp-content\/uploads\/2023\/11\/Sem-titulo-22.jpg?resize=300%2C158&amp;ssl=1 300w, https:\/\/i0.wp.com\/minutobahia24h.com.br\/wp-content\/uploads\/2023\/11\/Sem-titulo-22.jpg?resize=768%2C403&amp;ssl=1 768w, https:\/\/i0.wp.com\/minutobahia24h.com.br\/wp-content\/uploads\/2023\/11\/Sem-titulo-22.jpg?resize=750%2C394&amp;ssl=1 750w, https:\/\/i0.wp.com\/minutobahia24h.com.br\/wp-content\/uploads\/2023\/11\/Sem-titulo-22.jpg?resize=1140%2C599&amp;ssl=1 1140w, https:\/\/i0.wp.com\/minutobahia24h.com.br\/wp-content\/uploads\/2023\/11\/Sem-titulo-22.jpg?w=1200&amp;ssl=1 1200w\" sizes=\"(max-width: 800px) 100vw, 800px\" \/><figcaption class=\"wp-element-caption\">Foto: Reprodu\u00e7\u00e3o Sesab<br><\/figcaption><\/figure>\n<\/div>\n\n\n<p>A Bahia registrou um aumento de 131,2% de casos ativos de Covid-19, entre o dia 22 de outubro at\u00e9 o \u00faltimo dia 28 do mesmo m\u00eas. Somente neste per\u00edodo foram confirmados 645 casos ativos da doen\u00e7a. Os dados s\u00e3o da Semana Epidemiol\u00f3gica 43\/2023, disponibilizados em um alerta epidemiol\u00f3gico que a reportagem do Bahia Not\u00edcias obteve acesso.\u00a0<\/p>\n\n\n\n<p>O n\u00famero representa um aumento comparado \u00e0 semana epidemiol\u00f3gica do per\u00edodo anterior, quando foram registrados 279 casos.\u00a0<\/p>\n\n\n\n<p>O estado obteve ainda uma m\u00e9dia de 25 casos por dia, entre o per\u00edodo de 30 de julho a 02 de setembro. J\u00e1 entre 24 de setembro at\u00e9 o \u00faltimo dia 28 de outubro foi confirmado uma m\u00e9dia de 45 casos por dia da enfermidade. A varia\u00e7\u00e3o m\u00e9dia de casos novos durante os \u00faltimos quinze dias foi de 335,8% no \u00faltimo dia 27.<\/p>\n\n\n\n<p>Ainda no m\u00eas de outubro foram \u00f3bitos cinco \u00f3bitos por Covid-19 e outros 10 que aconteceram em per\u00edodos anteriores tamb\u00e9m foram notificados. No n\u00famero total, a Bahia obteve 1.808.176 casos ativos e 31.738 \u00f3bitos por Covid-19, entre 2020 at\u00e9 o dia 27 de outubro de 2023.&nbsp;<\/p>\n\n\n\n<p><strong>Os munic\u00edpios com mais casos notificados foram Salvador (340.117 casos), Feira de Santana (85.445); Vit\u00f3ria da Conquista (52.481), Itabuna (45.701), Cama\u00e7ari (35.796), Lauro de Freitas (34.065), Juazeiro (29.771), Teixeira de Freitas (28.081), Ilh\u00e9us( 27.353)\u00a0 e Barreiras (27.013).\u00a0<\/strong><\/p>\n\n\n\n<p>J\u00e1 na lista de cidades com mais \u00f3bitos aparecem Salvador (13224),\u00a0 Vit\u00f3ria da Conquista (1610); Feira de Santana (1610); Ilh\u00e9us (1316); Itabuna (1130); Barreiras (912); Lauro de Freitas (870); Jequi\u00e9 (710); Juazeiro (705) e Teixeira de Freitas (527).<\/p>\n\n\n\n<p>BN<\/p>\n","protected":false},"excerpt":{"rendered":"<p>A Bahia registrou um aumento de 131,2% de casos ativos de Covid-19, entre o dia 22 de outubro at\u00e9 o \u00faltimo dia 28 do mesmo m\u00eas. Somente neste per\u00edodo foram confirmados 645 casos ativos da doen\u00e7a. Os dados s\u00e3o da Semana Epidemiol\u00f3gica 43\/2023, disponibilizados em um alerta epidemiol\u00f3gico que a reportagem do Bahia Not\u00edcias obteve [&hellip;]<\/p>\n","protected":false},"author":2,"featured_media":3278,"comment_status":"open","ping_status":"open","sticky":false,"template":"","format":"standard","meta":{"_jetpack_memberships_contains_paid_content":false,"footnotes":""},"categories":[18],"tags":[],"class_list":["post-3276","post","type-post","status-publish","format-standard","has-post-thumbnail","hentry","category-saude"],"aioseo_notices":[],"jetpack_featured_media_url":"https:\/\/i0.wp.com\/minutobahia24h.com.br\/wp-content\/uploads\/2023\/11\/Sem-titulo-22.jpg?fit=1200%2C630&ssl=1","jetpack_sharing_enabled":true,"_links":{"self":[{"href":"https:\/\/minutobahia24h.com.br\/index.php?rest_route=\/wp\/v2\/posts\/3276","targetHints":{"allow":["GET"]}}],"collection":[{"href":"https:\/\/minutobahia24h.com.br\/index.php?rest_route=\/wp\/v2\/posts"}],"about":[{"href":"https:\/\/minutobahia24h.com.br\/index.php?rest_route=\/wp\/v2\/types\/post"}],"author":[{"embeddable":true,"href":"https:\/\/minutobahia24h.com.br\/index.php?rest_route=\/wp\/v2\/users\/2"}],"replies":[{"embeddable":true,"href":"https:\/\/minutobahia24h.com.br\/index.php?rest_route=%2Fwp%2Fv2%2Fcomments&post=3276"}],"version-history":[{"count":1,"href":"https:\/\/minutobahia24h.com.br\/index.php?rest_route=\/wp\/v2\/posts\/3276\/revisions"}],"predecessor-version":[{"id":3279,"href":"https:\/\/minutobahia24h.com.br\/index.php?rest_route=\/wp\/v2\/posts\/3276\/revisions\/3279"}],"wp:featuredmedia":[{"embeddable":true,"href":"https:\/\/minutobahia24h.com.br\/index.php?rest_route=\/wp\/v2\/media\/3278"}],"wp:attachment":[{"href":"https:\/\/minutobahia24h.com.br\/index.php?rest_route=%2Fwp%2Fv2%2Fmedia&parent=3276"}],"wp:term":[{"taxonomy":"category","embeddable":true,"href":"https:\/\/minutobahia24h.com.br\/index.php?rest_route=%2Fwp%2Fv2%2Fcategories&post=3276"},{"taxonomy":"post_tag","embeddable":true,"href":"https:\/\/minutobahia24h.com.br\/index.php?rest_route=%2Fwp%2Fv2%2Ftags&post=3276"}],"curies":[{"name":"wp","href":"https:\/\/api.w.org\/{rel}","templated":true}]}}