{"id":32752,"date":"2025-07-25T06:58:38","date_gmt":"2025-07-25T09:58:38","guid":{"rendered":"https:\/\/minutobahia24h.com.br\/?p=32752"},"modified":"2025-07-25T06:58:39","modified_gmt":"2025-07-25T09:58:39","slug":"prefeitura-de-cansancao-em-parceria-com-o-governo-do-estado-entrega-ubs-kits-de-saude-e-ambulancia-no-povoado-junco-da-laje-nova-nesta-sexta-feira-25","status":"publish","type":"post","link":"https:\/\/minutobahia24h.com.br\/?p=32752","title":{"rendered":"Prefeitura de Cansan\u00e7\u00e3o em parceria com o Governo do Estado entrega UBS, kits de sa\u00fade e ambul\u00e2ncia no povoado Junco da Laje Nova nesta sexta-feira (25)"},"content":{"rendered":"<div class=\"wp-block-image\">\n<figure class=\"aligncenter size-full\"><img data-recalc-dims=\"1\" fetchpriority=\"high\" decoding=\"async\" width=\"733\" height=\"465\" src=\"https:\/\/i0.wp.com\/minutobahia24h.com.br\/wp-content\/uploads\/2025\/07\/Sem-titulo-332.jpg?resize=733%2C465&#038;ssl=1\" alt=\"\" class=\"wp-image-32753\" srcset=\"https:\/\/i0.wp.com\/minutobahia24h.com.br\/wp-content\/uploads\/2025\/07\/Sem-titulo-332.jpg?w=733&amp;ssl=1 733w, https:\/\/i0.wp.com\/minutobahia24h.com.br\/wp-content\/uploads\/2025\/07\/Sem-titulo-332.jpg?resize=300%2C190&amp;ssl=1 300w\" sizes=\"(max-width: 733px) 100vw, 733px\" \/><\/figure>\n<\/div>\n\n\n<p>O munic\u00edpio de Cansan\u00e7\u00e3o, no Territ\u00f3rio do Sisal, recebe nesta sexta-feira (25), a partir das 10h, um importante refor\u00e7o na \u00e1rea da sa\u00fade com a inaugura\u00e7\u00e3o da Unidade B\u00e1sica de Sa\u00fade Francisca da Silva Hort\u00eancio, no povoado Junco da Laje Nova. A cerim\u00f4nia contar\u00e1 com a presen\u00e7a do secret\u00e1rio estadual de Rela\u00e7\u00f5es Institucionais, Adolpho Loyola, que representar\u00e1 o Governo da Bahia durante o ato oficial.<\/p>\n\n\n\n<p>Al\u00e9m da entrega da nova UBS, ser\u00e3o repassados \u00e0 comunidade um Kit UBS, um Kit Sa\u00fade Bucal e uma ambul\u00e2ncia, ampliando os recursos dispon\u00edveis para o atendimento \u00e0 popula\u00e7\u00e3o local.<\/p>\n\n\n\n<p>A prefeita Vilma Gomes (MDB) prepara uma grande celebra\u00e7\u00e3o para marcar o momento, que acontece em meio ao clima festivo da tradicional Festa de Senhora Santana, que movimenta a cidade neste fim de semana. A comitiva oficial, sair\u00e1 em carreata do Posto L\u00edder com destino ao povoado Junco da Laje Nova, onde acontecer\u00e3o os atos oficiais.<\/p>\n\n\n\n<p>A nova unidade e os equipamentos entregues fazem parte do esfor\u00e7o conjunto entre Governo do Estado e Prefeitura de Cansan\u00e7\u00e3o para fortalecer a aten\u00e7\u00e3o b\u00e1sica e garantir mais qualidade no atendimento \u00e0 sa\u00fade da popula\u00e7\u00e3o rural.<\/p>\n\n\n\n<p>calilanoticias<\/p>\n","protected":false},"excerpt":{"rendered":"<p>O munic\u00edpio de Cansan\u00e7\u00e3o, no Territ\u00f3rio do Sisal, recebe nesta sexta-feira (25), a partir das 10h, um importante refor\u00e7o na \u00e1rea da sa\u00fade com a inaugura\u00e7\u00e3o da Unidade B\u00e1sica de Sa\u00fade Francisca da Silva Hort\u00eancio, no povoado Junco da Laje Nova. A cerim\u00f4nia contar\u00e1 com a presen\u00e7a do secret\u00e1rio estadual de Rela\u00e7\u00f5es Institucionais, Adolpho Loyola, [&hellip;]<\/p>\n","protected":false},"author":2,"featured_media":32753,"comment_status":"open","ping_status":"open","sticky":false,"template":"","format":"standard","meta":{"_jetpack_memberships_contains_paid_content":false,"footnotes":""},"categories":[3],"tags":[],"class_list":["post-32752","post","type-post","status-publish","format-standard","has-post-thumbnail","hentry","category-regional"],"aioseo_notices":[],"jetpack_featured_media_url":"https:\/\/i0.wp.com\/minutobahia24h.com.br\/wp-content\/uploads\/2025\/07\/Sem-titulo-332.jpg?fit=733%2C465&ssl=1","jetpack_sharing_enabled":true,"_links":{"self":[{"href":"https:\/\/minutobahia24h.com.br\/index.php?rest_route=\/wp\/v2\/posts\/32752","targetHints":{"allow":["GET"]}}],"collection":[{"href":"https:\/\/minutobahia24h.com.br\/index.php?rest_route=\/wp\/v2\/posts"}],"about":[{"href":"https:\/\/minutobahia24h.com.br\/index.php?rest_route=\/wp\/v2\/types\/post"}],"author":[{"embeddable":true,"href":"https:\/\/minutobahia24h.com.br\/index.php?rest_route=\/wp\/v2\/users\/2"}],"replies":[{"embeddable":true,"href":"https:\/\/minutobahia24h.com.br\/index.php?rest_route=%2Fwp%2Fv2%2Fcomments&post=32752"}],"version-history":[{"count":1,"href":"https:\/\/minutobahia24h.com.br\/index.php?rest_route=\/wp\/v2\/posts\/32752\/revisions"}],"predecessor-version":[{"id":32754,"href":"https:\/\/minutobahia24h.com.br\/index.php?rest_route=\/wp\/v2\/posts\/32752\/revisions\/32754"}],"wp:featuredmedia":[{"embeddable":true,"href":"https:\/\/minutobahia24h.com.br\/index.php?rest_route=\/wp\/v2\/media\/32753"}],"wp:attachment":[{"href":"https:\/\/minutobahia24h.com.br\/index.php?rest_route=%2Fwp%2Fv2%2Fmedia&parent=32752"}],"wp:term":[{"taxonomy":"category","embeddable":true,"href":"https:\/\/minutobahia24h.com.br\/index.php?rest_route=%2Fwp%2Fv2%2Fcategories&post=32752"},{"taxonomy":"post_tag","embeddable":true,"href":"https:\/\/minutobahia24h.com.br\/index.php?rest_route=%2Fwp%2Fv2%2Ftags&post=32752"}],"curies":[{"name":"wp","href":"https:\/\/api.w.org\/{rel}","templated":true}]}}