{"id":32749,"date":"2025-07-25T06:57:19","date_gmt":"2025-07-25T09:57:19","guid":{"rendered":"https:\/\/minutobahia24h.com.br\/?p=32749"},"modified":"2025-07-25T06:57:20","modified_gmt":"2025-07-25T09:57:20","slug":"produtores-de-uva-e-manga-provocam-prefeito-de-petrolina-e-alertam-para-um-iminente-caos-economico","status":"publish","type":"post","link":"https:\/\/minutobahia24h.com.br\/?p=32749","title":{"rendered":"Produtores de uva e manga provocam prefeito de Petrolina e alertam para um iminente caos econ\u00f4mico"},"content":{"rendered":"<div class=\"wp-block-image\">\n<figure class=\"aligncenter size-full\"><img data-recalc-dims=\"1\" fetchpriority=\"high\" decoding=\"async\" width=\"760\" height=\"568\" src=\"https:\/\/i0.wp.com\/minutobahia24h.com.br\/wp-content\/uploads\/2025\/07\/Sem-titulo-331.jpg?resize=760%2C568&#038;ssl=1\" alt=\"\" class=\"wp-image-32750\" srcset=\"https:\/\/i0.wp.com\/minutobahia24h.com.br\/wp-content\/uploads\/2025\/07\/Sem-titulo-331.jpg?w=760&amp;ssl=1 760w, https:\/\/i0.wp.com\/minutobahia24h.com.br\/wp-content\/uploads\/2025\/07\/Sem-titulo-331.jpg?resize=300%2C224&amp;ssl=1 300w, https:\/\/i0.wp.com\/minutobahia24h.com.br\/wp-content\/uploads\/2025\/07\/Sem-titulo-331.jpg?resize=750%2C561&amp;ssl=1 750w\" sizes=\"(max-width: 760px) 100vw, 760px\" \/><figcaption class=\"wp-element-caption\"><sub>Divulga\u00e7\u00e3o<\/sub><br><\/figcaption><\/figure>\n<\/div>\n\n\n<p>Desesperados com o in\u00edcio dos embarques para os EUA, programados para a pr\u00f3xima semana, os produtores de uva e manga do Vale do S\u00e3o Francisco, se reuniram nesta quarta-feira (23), com o prefeito de Petrolina, Sim\u00e3o Durando, para evitar uma verdadeira cat\u00e1strofe no agroneg\u00f3cio regional. A fruticultura do Vale gera 120 mil empregos, movimentou em 2023, 4,4 bilh\u00f5es de reais e para 2025 a estimativa \u00e9 da ordem de 5 bilh\u00f5es de reais.<\/p>\n\n\n\n<p>Em clima de ansiedade e temerosos com os efeitos devastadores da nova tarifa americana de 50% sobre as exporta\u00e7\u00f5es brasileiras de frutas, que j\u00e1 come\u00e7a a vigorar no pr\u00f3ximo dia 1\u00ba de agosto, os produtores apresentaram ao chefe do executivo municipal algumas propostas para o problema que pode gerar um caos econ\u00f4mico e in\u00fameras consequ\u00eancias.<\/p>\n\n\n\n<blockquote class=\"wp-block-quote is-layout-flow wp-block-quote-is-layout-flow\">\n<p><strong><mark>\u201cA primeira sa\u00edda seria a negocia\u00e7\u00e3o de volumes pr\u00e9vios de embarque para a safra da uva e da manga, j\u00e1 em fase de colheita e verificar a possibilidade de resguardar essa safra com as tarifas anteriores at\u00e9 o final deste ano\u201d, sugeriu o presidente do Sindicato dos Produtores Rurais de Petrolina (SPR), Jailson Lira.<\/mark><\/strong><\/p>\n<\/blockquote>\n\n\n<div class=\"wp-block-image\">\n<figure class=\"aligncenter\"><a href=\"https:\/\/i0.wp.com\/blogdoeloiltoncajuhy.com.br\/site\/wp-content\/uploads\/2025\/07\/Produtores-Petroliina-PE-02.jpeg?ssl=1\"><img decoding=\"async\" src=\"https:\/\/i0.wp.com\/blogdoeloiltoncajuhy.com.br\/site\/wp-content\/uploads\/2025\/07\/Produtores-Petroliina-PE-02.jpeg?resize=760%2C570&amp;ssl=1\" alt=\"\" class=\"wp-image-89037\"\/><\/a><figcaption class=\"wp-element-caption\"><sub>Divulga\u00e7\u00e3o<\/sub><\/figcaption><\/figure>\n<\/div>\n\n\n<p>O presidente do SPR, tamb\u00e9m colocou a op\u00e7\u00e3o que, em caso da impossibilidade de atender toda a safra em andamento, definir cotas de exporta\u00e7\u00e3o em car\u00e1ter de urg\u00eancia, evitando o cancelamento dos atuais embarques j\u00e1 programados, al\u00e9m de propor a n\u00e3o taxa\u00e7\u00e3o de frutas\/alimentos, visando o n\u00e3o desabastecimento da popula\u00e7\u00e3o.<\/p>\n\n\n\n<p>Ap\u00f3s ouvir os produtores, Sim\u00e3o Durando que faz parte da Frente Nacional dos Prefeitos, garantiu o apoio necess\u00e1rio para o estabelecimento de um di\u00e1logo efetivo entre o Governo Federal e os Estados Unidos.<\/p>\n\n\n\n<p>\u201cPara encontrar uma solu\u00e7\u00e3o satisfat\u00f3ria, vamos acionar, ainda hoje, a governadora, Raquel Lira, embaixadores, os ministros, o Congresso Nacional, a C\u00e2mara dos Deputados e o presidente Lula. Estamos diante de um iminente desastre que pode comprometer a economia, os empregos e todo segmento produtivo regional\u201d, ressaltou.<\/p>\n\n\n\n<p>No encerramento da reuni\u00e3o, Jailson Lira adiantou que todo o Vale do S\u00e3o Francisco deve se mobilizar para a mudan\u00e7a do percentual imposto pelos EUA. \u201cEstamos correndo contra o tempo e amanh\u00e3 mesmo vamos conversar com o prefeito de Juazeiro, Andrei Gon\u00e7alves, que \u00e9 alinhado com o presidente Lula e pode conseguir um apoio do Governo Federal \u00e0 nossa luta. Juntos, os principais munic\u00edpios do polo, v\u00e3o encontrar uma sa\u00edda para esse impasse desafiador\u201d, concluiu.<\/p>\n\n\n\n<p>blogdoeloiltoncajuhy<\/p>\n","protected":false},"excerpt":{"rendered":"<p>Desesperados com o in\u00edcio dos embarques para os EUA, programados para a pr\u00f3xima semana, os produtores de uva e manga do Vale do S\u00e3o Francisco, se reuniram nesta quarta-feira (23), com o prefeito de Petrolina, Sim\u00e3o Durando, para evitar uma verdadeira cat\u00e1strofe no agroneg\u00f3cio regional. A fruticultura do Vale gera 120 mil empregos, movimentou em [&hellip;]<\/p>\n","protected":false},"author":2,"featured_media":32750,"comment_status":"open","ping_status":"open","sticky":false,"template":"","format":"standard","meta":{"_jetpack_memberships_contains_paid_content":false,"footnotes":""},"categories":[3],"tags":[],"class_list":["post-32749","post","type-post","status-publish","format-standard","has-post-thumbnail","hentry","category-regional"],"aioseo_notices":[],"jetpack_featured_media_url":"https:\/\/i0.wp.com\/minutobahia24h.com.br\/wp-content\/uploads\/2025\/07\/Sem-titulo-331.jpg?fit=760%2C568&ssl=1","jetpack_sharing_enabled":true,"_links":{"self":[{"href":"https:\/\/minutobahia24h.com.br\/index.php?rest_route=\/wp\/v2\/posts\/32749","targetHints":{"allow":["GET"]}}],"collection":[{"href":"https:\/\/minutobahia24h.com.br\/index.php?rest_route=\/wp\/v2\/posts"}],"about":[{"href":"https:\/\/minutobahia24h.com.br\/index.php?rest_route=\/wp\/v2\/types\/post"}],"author":[{"embeddable":true,"href":"https:\/\/minutobahia24h.com.br\/index.php?rest_route=\/wp\/v2\/users\/2"}],"replies":[{"embeddable":true,"href":"https:\/\/minutobahia24h.com.br\/index.php?rest_route=%2Fwp%2Fv2%2Fcomments&post=32749"}],"version-history":[{"count":1,"href":"https:\/\/minutobahia24h.com.br\/index.php?rest_route=\/wp\/v2\/posts\/32749\/revisions"}],"predecessor-version":[{"id":32751,"href":"https:\/\/minutobahia24h.com.br\/index.php?rest_route=\/wp\/v2\/posts\/32749\/revisions\/32751"}],"wp:featuredmedia":[{"embeddable":true,"href":"https:\/\/minutobahia24h.com.br\/index.php?rest_route=\/wp\/v2\/media\/32750"}],"wp:attachment":[{"href":"https:\/\/minutobahia24h.com.br\/index.php?rest_route=%2Fwp%2Fv2%2Fmedia&parent=32749"}],"wp:term":[{"taxonomy":"category","embeddable":true,"href":"https:\/\/minutobahia24h.com.br\/index.php?rest_route=%2Fwp%2Fv2%2Fcategories&post=32749"},{"taxonomy":"post_tag","embeddable":true,"href":"https:\/\/minutobahia24h.com.br\/index.php?rest_route=%2Fwp%2Fv2%2Ftags&post=32749"}],"curies":[{"name":"wp","href":"https:\/\/api.w.org\/{rel}","templated":true}]}}