{"id":32746,"date":"2025-07-25T06:55:48","date_gmt":"2025-07-25T09:55:48","guid":{"rendered":"https:\/\/minutobahia24h.com.br\/?p=32746"},"modified":"2025-07-25T06:55:50","modified_gmt":"2025-07-25T09:55:50","slug":"prefeito-de-santaluz-chama-de-tragica-acao-da-gcm-que-deixou-jovem-morto","status":"publish","type":"post","link":"https:\/\/minutobahia24h.com.br\/?p=32746","title":{"rendered":"Prefeito de Santaluz chama de \u2018tr\u00e1gica\u2019 a\u00e7\u00e3o da GCM que deixou jovem morto"},"content":{"rendered":"<div class=\"wp-block-image\">\n<figure class=\"aligncenter size-full\"><img data-recalc-dims=\"1\" fetchpriority=\"high\" decoding=\"async\" width=\"698\" height=\"749\" src=\"https:\/\/i0.wp.com\/minutobahia24h.com.br\/wp-content\/uploads\/2025\/07\/Sem-titulo-330.jpg?resize=698%2C749&#038;ssl=1\" alt=\"\" class=\"wp-image-32747\" srcset=\"https:\/\/i0.wp.com\/minutobahia24h.com.br\/wp-content\/uploads\/2025\/07\/Sem-titulo-330.jpg?w=698&amp;ssl=1 698w, https:\/\/i0.wp.com\/minutobahia24h.com.br\/wp-content\/uploads\/2025\/07\/Sem-titulo-330.jpg?resize=280%2C300&amp;ssl=1 280w\" sizes=\"(max-width: 698px) 100vw, 698px\" \/><\/figure>\n<\/div>\n\n\n<p>O prefeito de Santaluz, Arism\u00e1rio Barbosa J\u00fanior (Avante), se manifestou nesta noite de quinta-feira (24\/7) sobre a morte de Marcelo da Silva Santos, de 33 anos. Ele foi agredido por guardas civis municipais no domingo, na festa da cidade, e n\u00e3o resistiu ap\u00f3s quatro dias.<\/p>\n\n\n\n<p>O chefe do Executivo chamou a a\u00e7\u00e3o de \u201ctr\u00e1gica\u201d, e prometeu agir com \u201crigor\u201d.<\/p>\n\n\n\n<p>\u201cA priori, j\u00e1 foram afastados os envolvidos dessa tr\u00e1gica a\u00e7\u00e3o. Nossa gest\u00e3o n\u00e3o compactua com a agress\u00e3o, e muito menos iremos acobertar qualquer a\u00e7\u00e3o dessa natureza. Vamos agir de forma en\u00e9rgica. Iremos trazer aos envolvidos na a\u00e7\u00e3o puni\u00e7\u00e3o conforme a lei\u201d, sustentou.<\/p>\n\n\n\n<p>Arism\u00e1rio se manifestou por meio de v\u00eddeo, postado nas redes sociais. O prefeito disse estar sentindo a dor da fam\u00edlia.<\/p>\n\n\n\n<p>\u201cConhe\u00e7o de perto a fam\u00edlia. Tamb\u00e9m sinto essa dor que eles est\u00e3o sentindo. Nosso papel ser\u00e1 sempre de zelar pelo povo. Nenhuma a\u00e7\u00e3o vai trazer a vida de Marcelo de volta, mas teremos a consci\u00eancia limpa de que estaremos dando uma resposta\u201d, pontuou.<\/p>\n\n\n\n<p>O caso aconteceu no anivers\u00e1rio da cidade, no \u00faltimo domingo (20). Uma imagem gravada por testemunhas mostra que uma guarni\u00e7\u00e3o est\u00e1 passando ao lado de um trio el\u00e9trico. Em poucos segundos, \u00e9 poss\u00edvel ver a v\u00edtima recebendo golpes de cassetete.<\/p>\n\n\n\n<p>nonatonoticias<\/p>\n","protected":false},"excerpt":{"rendered":"<p>O prefeito de Santaluz, Arism\u00e1rio Barbosa J\u00fanior (Avante), se manifestou nesta noite de quinta-feira (24\/7) sobre a morte de Marcelo da Silva Santos, de 33 anos. Ele foi agredido por guardas civis municipais no domingo, na festa da cidade, e n\u00e3o resistiu ap\u00f3s quatro dias. O chefe do Executivo chamou a a\u00e7\u00e3o de \u201ctr\u00e1gica\u201d, e [&hellip;]<\/p>\n","protected":false},"author":2,"featured_media":32747,"comment_status":"open","ping_status":"open","sticky":false,"template":"","format":"standard","meta":{"_jetpack_memberships_contains_paid_content":false,"footnotes":""},"categories":[3],"tags":[],"class_list":["post-32746","post","type-post","status-publish","format-standard","has-post-thumbnail","hentry","category-regional"],"aioseo_notices":[],"jetpack_featured_media_url":"https:\/\/i0.wp.com\/minutobahia24h.com.br\/wp-content\/uploads\/2025\/07\/Sem-titulo-330.jpg?fit=698%2C749&ssl=1","jetpack_sharing_enabled":true,"_links":{"self":[{"href":"https:\/\/minutobahia24h.com.br\/index.php?rest_route=\/wp\/v2\/posts\/32746","targetHints":{"allow":["GET"]}}],"collection":[{"href":"https:\/\/minutobahia24h.com.br\/index.php?rest_route=\/wp\/v2\/posts"}],"about":[{"href":"https:\/\/minutobahia24h.com.br\/index.php?rest_route=\/wp\/v2\/types\/post"}],"author":[{"embeddable":true,"href":"https:\/\/minutobahia24h.com.br\/index.php?rest_route=\/wp\/v2\/users\/2"}],"replies":[{"embeddable":true,"href":"https:\/\/minutobahia24h.com.br\/index.php?rest_route=%2Fwp%2Fv2%2Fcomments&post=32746"}],"version-history":[{"count":1,"href":"https:\/\/minutobahia24h.com.br\/index.php?rest_route=\/wp\/v2\/posts\/32746\/revisions"}],"predecessor-version":[{"id":32748,"href":"https:\/\/minutobahia24h.com.br\/index.php?rest_route=\/wp\/v2\/posts\/32746\/revisions\/32748"}],"wp:featuredmedia":[{"embeddable":true,"href":"https:\/\/minutobahia24h.com.br\/index.php?rest_route=\/wp\/v2\/media\/32747"}],"wp:attachment":[{"href":"https:\/\/minutobahia24h.com.br\/index.php?rest_route=%2Fwp%2Fv2%2Fmedia&parent=32746"}],"wp:term":[{"taxonomy":"category","embeddable":true,"href":"https:\/\/minutobahia24h.com.br\/index.php?rest_route=%2Fwp%2Fv2%2Fcategories&post=32746"},{"taxonomy":"post_tag","embeddable":true,"href":"https:\/\/minutobahia24h.com.br\/index.php?rest_route=%2Fwp%2Fv2%2Ftags&post=32746"}],"curies":[{"name":"wp","href":"https:\/\/api.w.org\/{rel}","templated":true}]}}