{"id":32743,"date":"2025-07-25T06:54:11","date_gmt":"2025-07-25T09:54:11","guid":{"rendered":"https:\/\/minutobahia24h.com.br\/?p=32743"},"modified":"2025-07-25T06:54:13","modified_gmt":"2025-07-25T09:54:13","slug":"o-que-faz-jequie-e-juazeiro-entrarem-no-top-3-da-violencia-no-brasil","status":"publish","type":"post","link":"https:\/\/minutobahia24h.com.br\/?p=32743","title":{"rendered":"O que faz Jequi\u00e9 e Juazeiro entrarem no top 3 da viol\u00eancia no Brasil?"},"content":{"rendered":"<div class=\"wp-block-image\">\n<figure class=\"aligncenter size-full\"><img data-recalc-dims=\"1\" fetchpriority=\"high\" decoding=\"async\" width=\"800\" height=\"500\" src=\"https:\/\/i0.wp.com\/minutobahia24h.com.br\/wp-content\/uploads\/2025\/07\/Sem-titulo-329.jpg?resize=800%2C500&#038;ssl=1\" alt=\"\" class=\"wp-image-32744\" srcset=\"https:\/\/i0.wp.com\/minutobahia24h.com.br\/wp-content\/uploads\/2025\/07\/Sem-titulo-329.jpg?w=866&amp;ssl=1 866w, https:\/\/i0.wp.com\/minutobahia24h.com.br\/wp-content\/uploads\/2025\/07\/Sem-titulo-329.jpg?resize=300%2C187&amp;ssl=1 300w, https:\/\/i0.wp.com\/minutobahia24h.com.br\/wp-content\/uploads\/2025\/07\/Sem-titulo-329.jpg?resize=768%2C480&amp;ssl=1 768w, https:\/\/i0.wp.com\/minutobahia24h.com.br\/wp-content\/uploads\/2025\/07\/Sem-titulo-329.jpg?resize=750%2C469&amp;ssl=1 750w\" sizes=\"(max-width: 800px) 100vw, 800px\" \/><figcaption class=\"wp-element-caption\">Foto: Divulga\u00e7\u00e3o | Pixabay &#8211;\u00a0Foto: Divulga\u00e7\u00e3o | Pixabay<br><br><\/figcaption><\/figure>\n<\/div>\n\n\n<p>Somando pouco mais de 400 mil habitantes juntas,&nbsp;<strong>as cidades baianas de&nbsp;<a href=\"https:\/\/atarde.com.br\/?q=jequi%C3%A9&amp;d=1\" target=\"_blank\" rel=\"noreferrer noopener\">Jequi\u00e9<\/a>&nbsp;e&nbsp;<a href=\"https:\/\/atarde.com.br\/?q=juazeiro&amp;d=1\" target=\"_blank\" rel=\"noreferrer noopener\">Juazeiro<\/a><\/strong>&nbsp;est\u00e3o entre as cidades mais violentas do Brasil. Ambas ocupam, respectivamente, o 2\u00ba e o 3\u00ba lugar no ranking do&nbsp;<strong>Anu\u00e1rio de Seguran\u00e7a<\/strong>, divulgados nesta quinta-feira, 24, pelo F\u00f3rum Brasileiro de Seguran\u00e7a P\u00fablica (FBSP).<\/p>\n\n\n\n<p>O anu\u00e1rio calcula as taxas de viol\u00eancia a cada 100 mil habitantes e os dados s\u00e3o referentes ao ano de 2024. Neste cen\u00e1rio, Jequi\u00e9 assumiu o segundo lugar com uma taxa de mortalidade de 77,6. Em n\u00fameros absolutos, foram 131 pessoas mortas v\u00edtimas de viol\u00eancia.<\/p>\n\n\n\n<p>A viol\u00eancia na cidade n\u00e3o para por a\u00ed. O munic\u00edpio consta ainda do ranking das maiores taxas de&nbsp;letalidade policial: das 131 mortes violentas registradas no \u00faltimo ano, 44 foram provocadas pelas pol\u00edcias&nbsp;Militar e Civil, ou seja, 1 em cada 3 mortes na cidade foram provocadas por agentes do Estado.<\/p>\n\n\n\n<p><strong>Guerra entre fac\u00e7\u00f5es<\/strong><\/p>\n\n\n\n<p>Uma das explica\u00e7\u00f5es que corroboram para o aumento de mortes violentas na cidade \u00e9 a guerra entre fac\u00e7\u00f5es que predominam a regi\u00e3o:&nbsp;<a href=\"https:\/\/atarde.com.br\/?q=cv&amp;d=1\" target=\"_blank\" rel=\"noreferrer noopener\">Comando Vermelho (CV)<\/a>&nbsp;e&nbsp;<a href=\"https:\/\/atarde.com.br\/?q=pcc&amp;d=1\" target=\"_blank\" rel=\"noreferrer noopener\">Pri<\/a><a href=\"https:\/\/atarde.com.br\/?q=cv&amp;d=1\" target=\"_blank\" rel=\"noreferrer noopener\"><\/a><a href=\"https:\/\/atarde.com.br\/?q=pcc&amp;d=1\" target=\"_blank\" rel=\"noreferrer noopener\">meiro Comando da Capital (PCC)<\/a>, representadas pelo &#8220;Tudo 2&#8221; e &#8220;Tudo 3&#8221;, respectivamente.<\/p>\n\n\n<div class=\"wp-block-image\">\n<figure class=\"aligncenter\"><img data-recalc-dims=\"1\" decoding=\"async\" data-src=\"https:\/\/i0.wp.com\/cdn.atarde.com.br\/img\/inline\/1340000\/724x0\/Jequie-e-Juazeiro-estao-no-top-3-das-cidades-mais-0134492600202507242150-1.webp?w=800&#038;ssl=1\" alt=\"Paulo TG, Real e Nonon, traficantes de Jequi\u00e9\" src=\"data:image\/gif;base64,R0lGODlhAQABAAAAACH5BAEKAAEALAAAAAABAAEAAAICTAEAOw==\" class=\"lazyload\" \/><noscript><img data-recalc-dims=\"1\" decoding=\"async\" src=\"https:\/\/i0.wp.com\/cdn.atarde.com.br\/img\/inline\/1340000\/724x0\/Jequie-e-Juazeiro-estao-no-top-3-das-cidades-mais-0134492600202507242150-1.webp?w=800&#038;ssl=1\" alt=\"Paulo TG, Real e Nonon, traficantes de Jequi\u00e9\"\/><\/noscript><\/figure>\n<\/div>\n\n\n<p>Paulo TG, Real e Nonon, traficantes de Jequi\u00e9&nbsp;| Foto: Reprodu\u00e7\u00e3o<\/p>\n\n\n\n<p>As organiza\u00e7\u00f5es atuam h\u00e1 pelo menos 10 anos, ordenando homic\u00eddios e intensificando o clima de inseguran\u00e7a na cidade, al\u00e9m de ampliar o confronto armado com agentes de seguran\u00e7a.<\/p>\n\n\n\n<p>A chegada de uma nova fac\u00e7\u00e3o, conhecida como a &#8220;A Tropa do P\u00e3o&#8221; acirrou ainda mais o conflito. A lideran\u00e7a da fac\u00e7\u00e3o, conhecida como &#8220;Dinho Bei\u00e7\u00e3o&#8221;, por\u00e9m, foi presa rapidamente, evitando o crescimento do grupo.<\/p>\n\n\n\n<p>Outra lideran\u00e7a que tamb\u00e9m foi presa, em fevereiro deste ano, foi o chefe do PCC na regi\u00e3o, conhecido como &#8220;Juca&#8221;. O traficante foi localizado pela Pol\u00edcia Federal (PF) em Santa Catarina.<\/p>\n\n\n\n<p>Diferente da &#8220;Tropa do A&#8221;, a&nbsp;pris\u00e3o, por\u00e9m, n\u00e3o freou a fac\u00e7\u00e3o, pois o grupo j\u00e1 criou ramifica\u00e7\u00e3o ao se unir com o Bonde do Maluco (BDM).<\/p>\n\n\n\n<h2 class=\"wp-block-heading\">Juazeiro<\/h2>\n\n\n\n<p>As guerras entre fac\u00e7\u00f5es n\u00e3o s\u00f3 est\u00e3o em Jequi\u00e9, mas tamb\u00e9m na cidade de Juazeiro. A predomin\u00e2ncia dos grupos criminosos fez com que a cidade ocupasse o terceiro lugar do ranking das cidades com mais mortes violentas do Brasil, no Anu\u00e1rio de Seguran\u00e7a.<\/p>\n\n\n\n<p>Localizado na regi\u00e3o norte da Bahia, o munic\u00edpio, com cerca de 250 mil habitantes, viu o n\u00famero de mortes violentas intencionais crescer 9,6% no \u00faltimo ano e chegar a 194 v\u00edtimas, com uma taxa de 76,2.<\/p>\n\n\n\n<h3 class=\"wp-block-heading\">Veja cen\u00e1rio<\/h3>\n\n\n\n<p>Taxa de mortalidade: 76,2N\u00famero de mortos: 194Mortes por interven\u00e7\u00e3o policial: 42<\/p>\n\n\n\n<h2 class=\"wp-block-heading\">Crime organizado<\/h2>\n\n\n\n<p>Segundo o anu\u00e1rio, o tr\u00e1fico e guerra de entre grumos criminosos tamb\u00e9m justificam o n\u00famero de mortes. Na regi\u00e3o, duas fac\u00e7\u00f5es t\u00eam maior dom\u00ednio:&nbsp;<a href=\"https:\/\/atarde.com.br\/?q=Bonde+do+Maluco+%28BDM%29&amp;d=1\" target=\"_blank\" rel=\"noreferrer noopener\">Bonde do Maluco (BDM)<\/a>&nbsp;e&nbsp;uma dissid\u00eancia deste grupo, intitulada \u201cHonda\u201d.<\/p>\n\n\n\n<p>Neste ano, inclusive, houve a&nbsp;<a href=\"https:\/\/atarde.com.br\/bahia\/homens-planejam-crimes-dentro-de-presidio-e-sao-transferidos-para-serrinha-1328674\" target=\"_blank\" rel=\"noreferrer noopener\">transfer\u00eancia de cinco detentos<\/a>&nbsp;do pres\u00eddio de Juazeiro para a unidade de seguran\u00e7a m\u00e1xima de Serrinha. Entre os traficantes transferidos, estava o l\u00edder da&nbsp;Honda:&nbsp;o Diogo Bernardino.&nbsp;Diogo&nbsp;comandava a fac\u00e7\u00e3o de dentro da cela do conjunto penal.<\/p>\n\n\n<div class=\"wp-block-image\">\n<figure class=\"aligncenter\"><img data-recalc-dims=\"1\" decoding=\"async\" data-src=\"https:\/\/i0.wp.com\/cdn.atarde.com.br\/img\/inline\/1340000\/724x0\/Jequie-e-Juazeiro-estao-no-top-3-das-cidades-mais-0134492601202507242150-1.webp?w=800&#038;ssl=1\" alt=\"Diogo, do lado esquerdo, \u00e9 l\u00edder da fac\u00e7\u00e3o Honda; Robson, na direita, conhecido por v\u00e1rios homic\u00eddios na regi\u00e3o\" src=\"data:image\/gif;base64,R0lGODlhAQABAAAAACH5BAEKAAEALAAAAAABAAEAAAICTAEAOw==\" class=\"lazyload\" \/><noscript><img data-recalc-dims=\"1\" decoding=\"async\" src=\"https:\/\/i0.wp.com\/cdn.atarde.com.br\/img\/inline\/1340000\/724x0\/Jequie-e-Juazeiro-estao-no-top-3-das-cidades-mais-0134492601202507242150-1.webp?w=800&#038;ssl=1\" alt=\"Diogo, do lado esquerdo, \u00e9 l\u00edder da fac\u00e7\u00e3o Honda; Robson, na direita, conhecido por v\u00e1rios homic\u00eddios na regi\u00e3o\"\/><\/noscript><\/figure>\n<\/div>\n\n\n<p>Diogo, do lado esquerdo, \u00e9 l\u00edder da fac\u00e7\u00e3o Honda; Robson, na direita, conhecido por v\u00e1rios homic\u00eddios na regi\u00e3o&nbsp;| Foto: Reprodu\u00e7\u00e3o<\/p>\n\n\n\n<p>Al\u00e9m dele, outro nome que estava entre os presos transferidos, foi&nbsp;Robson dos Santos. Apesar de n\u00e3o te uma vincula\u00e7\u00e3o firme na fac\u00e7\u00e3o, ele atuava no tr\u00e1fico de drogas da regi\u00e3o e era respons\u00e1vel por homic\u00eddios.<\/p>\n\n\n\n<h2 class=\"wp-block-heading\">O que diz a Secretaria de Seguran\u00e7a P\u00fablica?<\/h2>\n\n\n\n<p>Em nota, a Secretaria de Seguran\u00e7a P\u00fablica da Bahia (SSP-BA) informou que nos \u00faltimos dois anos houve redu\u00e7\u00e3o no n\u00famero de mortes violentas: 6% em 2023 e 8,2% em 2024.<\/p>\n\n\n\n<p>A SSP tamb\u00e9m afirmou que a For\u00e7a Integrada de Combate ao Crime Organizado (FICCO) fez um trabalho espec\u00edfico em Jequi\u00e9 e que, depois disso, n\u00e3o houve registro de aumento de mortes violentas na cidade. A secretaria n\u00e3o especificou qual foi o tipo de trabalho, nem quando ele foi realizado.<\/p>\n\n\n\n<p>No que se refere aos casos de mortes decorrentes de interven\u00e7\u00f5es policiais, a &#8220;SSP reafirma que todas as ocorr\u00eancias s\u00e3o investigadas pela Pol\u00edcia Civil e pelas respectivas corregedorias. Al\u00e9m disso, medidas de aperfei\u00e7oamento do controle da atividade policial v\u00eam sendo adotadas, a exemplo da Portaria n\u00ba 070-CG\/2025, da Pol\u00edcia Militar da Bahia, que estabelece o afastamento e acompanhamento psicol\u00f3gico de policiais envolvidos em ocorr\u00eancias com mortes por interven\u00e7\u00e3o legal, garantindo tamb\u00e9m suporte jur\u00eddico, emocional e profissional&#8221;.<\/p>\n\n\n\n<p>Atarde<\/p>\n","protected":false},"excerpt":{"rendered":"<p>Somando pouco mais de 400 mil habitantes juntas,&nbsp;as cidades baianas de&nbsp;Jequi\u00e9&nbsp;e&nbsp;Juazeiro&nbsp;est\u00e3o entre as cidades mais violentas do Brasil. Ambas ocupam, respectivamente, o 2\u00ba e o 3\u00ba lugar no ranking do&nbsp;Anu\u00e1rio de Seguran\u00e7a, divulgados nesta quinta-feira, 24, pelo F\u00f3rum Brasileiro de Seguran\u00e7a P\u00fablica (FBSP). O anu\u00e1rio calcula as taxas de viol\u00eancia a cada 100 mil habitantes [&hellip;]<\/p>\n","protected":false},"author":2,"featured_media":32744,"comment_status":"open","ping_status":"open","sticky":false,"template":"","format":"standard","meta":{"_jetpack_memberships_contains_paid_content":false,"footnotes":""},"categories":[3],"tags":[],"class_list":["post-32743","post","type-post","status-publish","format-standard","has-post-thumbnail","hentry","category-regional"],"aioseo_notices":[],"jetpack_featured_media_url":"https:\/\/i0.wp.com\/minutobahia24h.com.br\/wp-content\/uploads\/2025\/07\/Sem-titulo-329.jpg?fit=866%2C541&ssl=1","jetpack_sharing_enabled":true,"_links":{"self":[{"href":"https:\/\/minutobahia24h.com.br\/index.php?rest_route=\/wp\/v2\/posts\/32743","targetHints":{"allow":["GET"]}}],"collection":[{"href":"https:\/\/minutobahia24h.com.br\/index.php?rest_route=\/wp\/v2\/posts"}],"about":[{"href":"https:\/\/minutobahia24h.com.br\/index.php?rest_route=\/wp\/v2\/types\/post"}],"author":[{"embeddable":true,"href":"https:\/\/minutobahia24h.com.br\/index.php?rest_route=\/wp\/v2\/users\/2"}],"replies":[{"embeddable":true,"href":"https:\/\/minutobahia24h.com.br\/index.php?rest_route=%2Fwp%2Fv2%2Fcomments&post=32743"}],"version-history":[{"count":1,"href":"https:\/\/minutobahia24h.com.br\/index.php?rest_route=\/wp\/v2\/posts\/32743\/revisions"}],"predecessor-version":[{"id":32745,"href":"https:\/\/minutobahia24h.com.br\/index.php?rest_route=\/wp\/v2\/posts\/32743\/revisions\/32745"}],"wp:featuredmedia":[{"embeddable":true,"href":"https:\/\/minutobahia24h.com.br\/index.php?rest_route=\/wp\/v2\/media\/32744"}],"wp:attachment":[{"href":"https:\/\/minutobahia24h.com.br\/index.php?rest_route=%2Fwp%2Fv2%2Fmedia&parent=32743"}],"wp:term":[{"taxonomy":"category","embeddable":true,"href":"https:\/\/minutobahia24h.com.br\/index.php?rest_route=%2Fwp%2Fv2%2Fcategories&post=32743"},{"taxonomy":"post_tag","embeddable":true,"href":"https:\/\/minutobahia24h.com.br\/index.php?rest_route=%2Fwp%2Fv2%2Ftags&post=32743"}],"curies":[{"name":"wp","href":"https:\/\/api.w.org\/{rel}","templated":true}]}}