{"id":3272,"date":"2023-11-02T08:10:35","date_gmt":"2023-11-02T11:10:35","guid":{"rendered":"https:\/\/minutobahia24h.com.br\/?p=3272"},"modified":"2023-11-02T08:10:38","modified_gmt":"2023-11-02T11:10:38","slug":"prefeito-de-cidade-do-sul-baiano-e-cassado-pela-camara-de-vereadores","status":"publish","type":"post","link":"https:\/\/minutobahia24h.com.br\/?p=3272","title":{"rendered":"Prefeito de cidade do Sul baiano \u00e9 cassado pela C\u00e2mara de Vereadores"},"content":{"rendered":"<div class=\"wp-block-image\">\n<figure class=\"aligncenter size-large\"><img data-recalc-dims=\"1\" fetchpriority=\"high\" decoding=\"async\" width=\"800\" height=\"420\" src=\"https:\/\/i0.wp.com\/minutobahia24h.com.br\/wp-content\/uploads\/2023\/11\/Sem-titulo-21-1024x538.jpg?resize=800%2C420&#038;ssl=1\" alt=\"\" class=\"wp-image-3274\" srcset=\"https:\/\/i0.wp.com\/minutobahia24h.com.br\/wp-content\/uploads\/2023\/11\/Sem-titulo-21.jpg?resize=1024%2C538&amp;ssl=1 1024w, https:\/\/i0.wp.com\/minutobahia24h.com.br\/wp-content\/uploads\/2023\/11\/Sem-titulo-21.jpg?resize=300%2C158&amp;ssl=1 300w, https:\/\/i0.wp.com\/minutobahia24h.com.br\/wp-content\/uploads\/2023\/11\/Sem-titulo-21.jpg?resize=768%2C403&amp;ssl=1 768w, https:\/\/i0.wp.com\/minutobahia24h.com.br\/wp-content\/uploads\/2023\/11\/Sem-titulo-21.jpg?resize=750%2C394&amp;ssl=1 750w, https:\/\/i0.wp.com\/minutobahia24h.com.br\/wp-content\/uploads\/2023\/11\/Sem-titulo-21.jpg?resize=1140%2C599&amp;ssl=1 1140w, https:\/\/i0.wp.com\/minutobahia24h.com.br\/wp-content\/uploads\/2023\/11\/Sem-titulo-21.jpg?w=1200&amp;ssl=1 1200w\" sizes=\"(max-width: 800px) 100vw, 800px\" \/><figcaption class=\"wp-element-caption\">Foto: Reprodu\u00e7\u00e3o \/ Pol\u00edticos do Sul da Bahia<br><\/figcaption><\/figure>\n<\/div>\n\n\n<p>O prefeito de\u00a0<a href=\"https:\/\/www.bahianoticias.com.br\/tags\/canavieiras\" target=\"_blank\" rel=\"noreferrer noopener\"><strong>Canavieiras<\/strong><\/a>, no Litoral Sul, Cl\u00f3vis Roberto Almeida de Souza (Solidariedade), foi cassado pela C\u00e2mara de Vereadores do munic\u00edpio nesta quarta-feira (1\u00b0). Foram oito votos a 3 pelo afastamento do gestor, conhecido como Doutor Almeida.<\/p>\n\n\n\n<p>Segundo o\u00a0<a href=\"https:\/\/www.politicosdosuldabahia.com.br\/v1\/2023\/11\/01\/canavieiras-camara-cassa-mandato-do-prefeito\/\" target=\"_blank\" rel=\"noreferrer noopener\"><strong>Pol\u00edticos do Sul da Bahia<\/strong><\/a>, parceiro do Bahia Not\u00edcias, o gestor foi denunciado por irregularidades no recolhimento de INSS, pedaladas fiscais e na gest\u00e3o das finan\u00e7as do munic\u00edpio. Com a cassa\u00e7\u00e3o de Doutor Almeida, deve assumir o comando do munic\u00edpio o vice-prefeito, Paulo Carvalho (PTB), que j\u00e1 estava rompido com o prefeito.<\/p>\n\n\n\n<p>O gestor j\u00e1 tinha sido cassado por&nbsp;<a href=\"https:\/\/www.bahianoticias.com.br\/municipios\/noticia\/30825-canavieiras-juiz-cassa-prefeito-por-abuso-de-poder-economico-e-defesa-recorre.html\" target=\"_blank\" rel=\"noreferrer noopener\"><strong>abuso de poder econ\u00f4mico em 2020<\/strong><\/a>, quando se reelegeu no cargo. A den\u00fancia relatava que o administrador fez diversos partos no hospital municipal, evitando contratar m\u00e9dicos especializados e divulgava os procedimentos feitos por ele nas redes sociais. Depois,&nbsp;<a href=\"https:\/\/www.bahianoticias.com.br\/municipios\/noticia\/32117-canavieiras-tre-ba-aceita-recurso-e-mantem-prefeito-que-havia-sido-cassado-por-abuso-de-poder\" target=\"_blank\" rel=\"noreferrer noopener\"><strong>Doutor Almeida recorreu e conseguiu reverter a decis\u00e3o, voltando ao posto.<\/strong><\/a><\/p>\n\n\n\n<p>Ainda segundo informa\u00e7\u00f5es, o prefeito \u00e9 considerado um pol\u00edtico in\u00e1bil, com dificuldades de relacionar tanto com aliados como opositores.<\/p>\n\n\n\n<p>BN<\/p>\n","protected":false},"excerpt":{"rendered":"<p>O prefeito de\u00a0Canavieiras, no Litoral Sul, Cl\u00f3vis Roberto Almeida de Souza (Solidariedade), foi cassado pela C\u00e2mara de Vereadores do munic\u00edpio nesta quarta-feira (1\u00b0). Foram oito votos a 3 pelo afastamento do gestor, conhecido como Doutor Almeida. Segundo o\u00a0Pol\u00edticos do Sul da Bahia, parceiro do Bahia Not\u00edcias, o gestor foi denunciado por irregularidades no recolhimento de [&hellip;]<\/p>\n","protected":false},"author":2,"featured_media":3274,"comment_status":"open","ping_status":"open","sticky":false,"template":"","format":"standard","meta":{"_jetpack_memberships_contains_paid_content":false,"footnotes":""},"categories":[21],"tags":[],"class_list":["post-3272","post","type-post","status-publish","format-standard","has-post-thumbnail","hentry","category-bahia"],"aioseo_notices":[],"jetpack_featured_media_url":"https:\/\/i0.wp.com\/minutobahia24h.com.br\/wp-content\/uploads\/2023\/11\/Sem-titulo-21.jpg?fit=1200%2C630&ssl=1","jetpack_sharing_enabled":true,"_links":{"self":[{"href":"https:\/\/minutobahia24h.com.br\/index.php?rest_route=\/wp\/v2\/posts\/3272","targetHints":{"allow":["GET"]}}],"collection":[{"href":"https:\/\/minutobahia24h.com.br\/index.php?rest_route=\/wp\/v2\/posts"}],"about":[{"href":"https:\/\/minutobahia24h.com.br\/index.php?rest_route=\/wp\/v2\/types\/post"}],"author":[{"embeddable":true,"href":"https:\/\/minutobahia24h.com.br\/index.php?rest_route=\/wp\/v2\/users\/2"}],"replies":[{"embeddable":true,"href":"https:\/\/minutobahia24h.com.br\/index.php?rest_route=%2Fwp%2Fv2%2Fcomments&post=3272"}],"version-history":[{"count":1,"href":"https:\/\/minutobahia24h.com.br\/index.php?rest_route=\/wp\/v2\/posts\/3272\/revisions"}],"predecessor-version":[{"id":3275,"href":"https:\/\/minutobahia24h.com.br\/index.php?rest_route=\/wp\/v2\/posts\/3272\/revisions\/3275"}],"wp:featuredmedia":[{"embeddable":true,"href":"https:\/\/minutobahia24h.com.br\/index.php?rest_route=\/wp\/v2\/media\/3274"}],"wp:attachment":[{"href":"https:\/\/minutobahia24h.com.br\/index.php?rest_route=%2Fwp%2Fv2%2Fmedia&parent=3272"}],"wp:term":[{"taxonomy":"category","embeddable":true,"href":"https:\/\/minutobahia24h.com.br\/index.php?rest_route=%2Fwp%2Fv2%2Fcategories&post=3272"},{"taxonomy":"post_tag","embeddable":true,"href":"https:\/\/minutobahia24h.com.br\/index.php?rest_route=%2Fwp%2Fv2%2Ftags&post=3272"}],"curies":[{"name":"wp","href":"https:\/\/api.w.org\/{rel}","templated":true}]}}