{"id":3252,"date":"2023-11-02T07:45:40","date_gmt":"2023-11-02T10:45:40","guid":{"rendered":"https:\/\/minutobahia24h.com.br\/?p=3252"},"modified":"2023-11-02T08:18:28","modified_gmt":"2023-11-02T11:18:28","slug":"pacheco-anula-envio-de-nomes-indicados-ao-stj-e-pede-apuracao-por-suspeita-de-favorecimento","status":"publish","type":"post","link":"https:\/\/minutobahia24h.com.br\/?p=3252","title":{"rendered":"Pacheco anula envio de nomes indicados ao STJ e pede apura\u00e7\u00e3o por suspeita de favorecimento"},"content":{"rendered":"<div class=\"wp-block-image\">\n<figure class=\"aligncenter size-full\"><img data-recalc-dims=\"1\" fetchpriority=\"high\" decoding=\"async\" width=\"800\" height=\"475\" src=\"https:\/\/i0.wp.com\/minutobahia24h.com.br\/wp-content\/uploads\/2023\/11\/Sem-titulo-16.jpg?resize=800%2C475&#038;ssl=1\" alt=\"\" class=\"wp-image-3254\" srcset=\"https:\/\/i0.wp.com\/minutobahia24h.com.br\/wp-content\/uploads\/2023\/11\/Sem-titulo-16.jpg?w=889&amp;ssl=1 889w, https:\/\/i0.wp.com\/minutobahia24h.com.br\/wp-content\/uploads\/2023\/11\/Sem-titulo-16.jpg?resize=300%2C178&amp;ssl=1 300w, https:\/\/i0.wp.com\/minutobahia24h.com.br\/wp-content\/uploads\/2023\/11\/Sem-titulo-16.jpg?resize=768%2C456&amp;ssl=1 768w, https:\/\/i0.wp.com\/minutobahia24h.com.br\/wp-content\/uploads\/2023\/11\/Sem-titulo-16.jpg?resize=750%2C445&amp;ssl=1 750w\" sizes=\"(max-width: 800px) 100vw, 800px\" \/><figcaption class=\"wp-element-caption\">Plen\u00e1rio do Senado Federal durante sess\u00e3o de vota\u00e7\u00e3o \u2014 Foto: Waldemir Barreto\/Ag\u00eancia Senado<br><\/figcaption><\/figure>\n<\/div>\n\n\n<p>O presidente do Senado, Rodrigo Pacheco (PSD-MG), suspendeu o envio dos nomes&nbsp;<a class=\"\" href=\"https:\/\/oglobo.globo.com\/politica\/noticia\/2023\/10\/25\/comissao-do-senado-aprova-indicacoes-de-lula-para-o-stj.ghtml\"><strong>aprovados pela Casa para ocupar vagas no Superior Tribunal de Justi\u00e7a (STJ)&nbsp;<\/strong><\/a>e pediu para averiguar se houve favorecimento \u00e0&nbsp;<a class=\"\" href=\"https:\/\/oglobo.globo.com\/politica\/noticia\/2023\/10\/29\/entrevista-somos-50percent-da-populacao-mas-ha-tribunais-com-mais-luiz-do-que-mulheres-diz-nova-ministra-do-stj.ghtml\"><strong>advogada Daniela Teixeira,<\/strong><\/a>&nbsp;uma das indicadas pelo presidente Luiz In\u00e1cio Lula da Silva. A nomea\u00e7\u00e3o dela como ministra do tribunal dependia apenas de publica\u00e7\u00e3o no Di\u00e1rio Oficial da Uni\u00e3o.<\/p>\n\n\n\n<p>A Advocacia do Senado, no entanto, est\u00e1 checando o fato de a Mesa Diretora do Senado ter enviado \u00e0 Presid\u00eancia da Rep\u00fablica apenas o nome de Teixeira para publica\u00e7\u00e3o, embora outros dois indicados ao STJ tenham sido aprovados na mesma sess\u00e3o \u2014 os desembargadores Teodoro Silva Santos (Cear\u00e1) e Jos\u00e9 Afr\u00e2nio Vilela (Minas). A apura\u00e7\u00e3o trata do ato da Mesa, sem rela\u00e7\u00e3o com qualquer a\u00e7\u00e3o da advogada.<\/p>\n\n\n\n<p>Ao ser nomeada primeiro, Teixeira poderia ter prefer\u00eancia na hora de ocupar uma vaga no Tribunal Superior Eleitoral (TSE) ou na escolha das turmas das quais far\u00e1 parte, por exemplo. Esses postos s\u00e3o preechidos com base no crit\u00e9rio de antiguidade no STJ.<\/p>\n\n\n\n<p>Procurada, Teixeira rejeitou essa possibilidade e disse que aguarda sua nomea\u00e7\u00e3o no pr\u00f3ximo dia 22.<\/p>\n\n\n\n<p>\u2014 Pelo regimento interno, \u00e9 a data da posse. N\u00e3o vejo qualquer irregularidade, \u00e9 apenas um ato formal. N\u00e3o tenho qualquer interesse nisso. As turmas j\u00e1 foram escolhidas por n\u00f3s em reuni\u00e3o com a presid\u00eancia (do STJ), n\u00e3o tiraria qualquer vantagem disso. Aguardo a posse no dia 22 \u2014 afirmou ela ao GLOBO.<\/p>\n\n\n\n<p>O artigo 30 do Regimento Interno do STJ prev\u00ea a data da posse como primeiro crit\u00e9rio para definir a antiguidade. O dia da nomea\u00e7\u00e3o, por sua vez, \u00e9 o segundo item a ser considerado e, em seguida, a idade.<\/p>\n\n\n\n<p>&#8220;A antiguidade do Ministro no Tribunal, para sua coloca\u00e7\u00e3o nas sess\u00f5es, distribui\u00e7\u00e3o de servi\u00e7o, revis\u00e3o dos processos, substitui\u00e7\u00f5es e outros quaisquer efeitos legais ou regimentais, \u00e9 regulada na seguinte ordem: I &#8211; pela posse; II &#8211; pela nomea\u00e7\u00e3o; III &#8211; pela idade&#8221;, diz o regimento.<\/p>\n\n\n\n<p>A decis\u00e3o de Pacheco de suspender o envio do nome de Teixeira \u00e0 Presid\u00eancia n\u00e3o anula a vota\u00e7\u00e3o que aprovou sua indica\u00e7\u00e3o ao STJ. Os tr\u00eas nomes enviados por Lula foram sabatinados e tiveram o aval do Senado no \u00faltimo dia 25. Para ser aprovado, cada um deles obteve o voto de, no m\u00ednimo, 41 dos 81 senadores.<\/p>\n\n\n\n<p>Teixeira foi indicada por Lula a partir de uma lista de nomes elaborada pela Ordem dos Advogados do Brasil (OAB). Na disputa pelo STJ, ela teve o apoio do Prerrogativas, grupo de advogados que apoiou o petista na campanha eleitoral.<\/p>\n","protected":false},"excerpt":{"rendered":"<p>O presidente do Senado, Rodrigo Pacheco (PSD-MG), suspendeu o envio dos nomes&nbsp;aprovados pela Casa para ocupar vagas no Superior Tribunal de Justi\u00e7a (STJ)&nbsp;e pediu para averiguar se houve favorecimento \u00e0&nbsp;advogada Daniela Teixeira,&nbsp;uma das indicadas pelo presidente Luiz In\u00e1cio Lula da Silva. A nomea\u00e7\u00e3o dela como ministra do tribunal dependia apenas de publica\u00e7\u00e3o no Di\u00e1rio Oficial [&hellip;]<\/p>\n","protected":false},"author":2,"featured_media":3254,"comment_status":"open","ping_status":"open","sticky":false,"template":"","format":"standard","meta":{"_jetpack_memberships_contains_paid_content":false,"footnotes":""},"categories":[39],"tags":[],"class_list":["post-3252","post","type-post","status-publish","format-standard","has-post-thumbnail","hentry","category-politica"],"aioseo_notices":[],"jetpack_featured_media_url":"https:\/\/i0.wp.com\/minutobahia24h.com.br\/wp-content\/uploads\/2023\/11\/Sem-titulo-16.jpg?fit=889%2C528&ssl=1","jetpack_sharing_enabled":true,"_links":{"self":[{"href":"https:\/\/minutobahia24h.com.br\/index.php?rest_route=\/wp\/v2\/posts\/3252","targetHints":{"allow":["GET"]}}],"collection":[{"href":"https:\/\/minutobahia24h.com.br\/index.php?rest_route=\/wp\/v2\/posts"}],"about":[{"href":"https:\/\/minutobahia24h.com.br\/index.php?rest_route=\/wp\/v2\/types\/post"}],"author":[{"embeddable":true,"href":"https:\/\/minutobahia24h.com.br\/index.php?rest_route=\/wp\/v2\/users\/2"}],"replies":[{"embeddable":true,"href":"https:\/\/minutobahia24h.com.br\/index.php?rest_route=%2Fwp%2Fv2%2Fcomments&post=3252"}],"version-history":[{"count":2,"href":"https:\/\/minutobahia24h.com.br\/index.php?rest_route=\/wp\/v2\/posts\/3252\/revisions"}],"predecessor-version":[{"id":3284,"href":"https:\/\/minutobahia24h.com.br\/index.php?rest_route=\/wp\/v2\/posts\/3252\/revisions\/3284"}],"wp:featuredmedia":[{"embeddable":true,"href":"https:\/\/minutobahia24h.com.br\/index.php?rest_route=\/wp\/v2\/media\/3254"}],"wp:attachment":[{"href":"https:\/\/minutobahia24h.com.br\/index.php?rest_route=%2Fwp%2Fv2%2Fmedia&parent=3252"}],"wp:term":[{"taxonomy":"category","embeddable":true,"href":"https:\/\/minutobahia24h.com.br\/index.php?rest_route=%2Fwp%2Fv2%2Fcategories&post=3252"},{"taxonomy":"post_tag","embeddable":true,"href":"https:\/\/minutobahia24h.com.br\/index.php?rest_route=%2Fwp%2Fv2%2Ftags&post=3252"}],"curies":[{"name":"wp","href":"https:\/\/api.w.org\/{rel}","templated":true}]}}