{"id":32488,"date":"2025-07-21T08:33:26","date_gmt":"2025-07-21T11:33:26","guid":{"rendered":"https:\/\/minutobahia24h.com.br\/?p=32488"},"modified":"2025-07-21T08:33:28","modified_gmt":"2025-07-21T11:33:28","slug":"eduardo-afirma-que-nao-vai-renunciar-ao-cargo-e-reforca-pedido-de-anistia-para-o-pai","status":"publish","type":"post","link":"https:\/\/minutobahia24h.com.br\/?p=32488","title":{"rendered":"Eduardo afirma que n\u00e3o vai renunciar ao cargo e refor\u00e7a pedido de anistia para o pai"},"content":{"rendered":"<div class=\"wp-block-image\">\n<figure class=\"aligncenter size-full\"><img data-recalc-dims=\"1\" fetchpriority=\"high\" decoding=\"async\" width=\"600\" height=\"420\" src=\"https:\/\/i0.wp.com\/minutobahia24h.com.br\/wp-content\/uploads\/2025\/07\/Sem-titulo-260.jpg?resize=600%2C420&#038;ssl=1\" alt=\"\" class=\"wp-image-32489\" srcset=\"https:\/\/i0.wp.com\/minutobahia24h.com.br\/wp-content\/uploads\/2025\/07\/Sem-titulo-260.jpg?w=600&amp;ssl=1 600w, https:\/\/i0.wp.com\/minutobahia24h.com.br\/wp-content\/uploads\/2025\/07\/Sem-titulo-260.jpg?resize=300%2C210&amp;ssl=1 300w\" sizes=\"(max-width: 600px) 100vw, 600px\" \/><figcaption class=\"wp-element-caption\">Foto: Marcos Corr\u00eaa\/PR<br><\/figcaption><\/figure>\n<\/div>\n\n\n<p>Em transmiss\u00e3o ao vivo realizada neste domingo (20), o deputado federal Eduardo Bolsonaro (PL-SP) afirmou que n\u00e3o vai renunciar ao cargo. O filho do ex-presidente Jair Bolsonaro (PL) pediu licen\u00e7a do mandato em mar\u00e7o e foi morar nos Estados Unidos, sob a alega\u00e7\u00e3o de persegui\u00e7\u00e3o pol\u00edtica.<\/p>\n\n\n\n<p>Eduardo afirmou que vai conseguir \u201clevar o mandato\u201d por mais tr\u00eas meses. \u201cEu n\u00e3o vou fazer nenhum tipo de ren\u00fancia. Se eu quiser, eu consigo levar meu mandato, pelo menos, at\u00e9 os pr\u00f3ximos tr\u00eas meses\u201d, disse.<\/p>\n\n\n\n<p><strong>A licen\u00e7a parlamentar de 120 dias de Eduardo termina neste domingo<\/strong>, e o caso n\u00e3o retorne ao Brasil, ele pode ser cassado por faltas.<\/p>\n\n\n\n<p>Eduardo \u00e9 investigado no Supremo Tribunal Federal (STF) pela sua atua\u00e7\u00e3o junto ao governo norte-americano para promover medidas de retalia\u00e7\u00e3o contra o Brasil e contra os ministros da Suprema Corte, e tentar barrar o andamento da a\u00e7\u00e3o penal sobre a trama golpista, que tem seu pai como um dos r\u00e9us.<\/p>\n\n\n\n<p>O ministro Alexandre de Moraes foi alvo de cr\u00edticas. Eduardo ironizou a decis\u00e3o do governo do presidente Donald Trump que suspendeu o visto de ministros do STF. o deputado comentou a decis\u00e3o de Moraes, que afirmou que o parlamentar \u201cintensificou as condutas il\u00edcitas\u201d e determinou que entrevistas e postagens recentes nas redes sejam inclu\u00eddas na investiga\u00e7\u00e3o.<\/p>\n\n\n\n<p>\u201cO cara que se diz ofendido [Moraes], ele pega e junta no processo que ele abriu. O cara que vai me julgar, ele vai ver o que eu fa\u00e7o na rede social. Ent\u00e3o, voc\u00ea da Pol\u00edcia Federal, que est\u00e1 me vendo, um forte abra\u00e7o. A depender de quem for, est\u00e1 sem visto\u201d, declarou.<\/p>\n\n\n\n<p>Antes de finalizar, Eduardo pediu anistia para Jair Bolsonaro e afirmou que est\u00e1 \u201cdisposto a ir \u00e0s \u00faltimas consequ\u00eancias\u201d. \u201c\u00c9 para entender que n\u00e3o haver\u00e1 recuo. N\u00e3o \u00e9 jogar n\u00e3o para ver se depois d\u00e1 certo, achar um meio-termo. N\u00e3o estou aqui para isso\u201d, concluiu.<\/p>\n\n\n\n<p>Bahia.ba<\/p>\n","protected":false},"excerpt":{"rendered":"<p>Em transmiss\u00e3o ao vivo realizada neste domingo (20), o deputado federal Eduardo Bolsonaro (PL-SP) afirmou que n\u00e3o vai renunciar ao cargo. O filho do ex-presidente Jair Bolsonaro (PL) pediu licen\u00e7a do mandato em mar\u00e7o e foi morar nos Estados Unidos, sob a alega\u00e7\u00e3o de persegui\u00e7\u00e3o pol\u00edtica. Eduardo afirmou que vai conseguir \u201clevar o mandato\u201d por [&hellip;]<\/p>\n","protected":false},"author":2,"featured_media":32489,"comment_status":"open","ping_status":"open","sticky":false,"template":"","format":"standard","meta":{"_jetpack_memberships_contains_paid_content":false,"footnotes":""},"categories":[39],"tags":[],"class_list":["post-32488","post","type-post","status-publish","format-standard","has-post-thumbnail","hentry","category-politica"],"aioseo_notices":[],"jetpack_featured_media_url":"https:\/\/i0.wp.com\/minutobahia24h.com.br\/wp-content\/uploads\/2025\/07\/Sem-titulo-260.jpg?fit=600%2C420&ssl=1","jetpack_sharing_enabled":true,"_links":{"self":[{"href":"https:\/\/minutobahia24h.com.br\/index.php?rest_route=\/wp\/v2\/posts\/32488","targetHints":{"allow":["GET"]}}],"collection":[{"href":"https:\/\/minutobahia24h.com.br\/index.php?rest_route=\/wp\/v2\/posts"}],"about":[{"href":"https:\/\/minutobahia24h.com.br\/index.php?rest_route=\/wp\/v2\/types\/post"}],"author":[{"embeddable":true,"href":"https:\/\/minutobahia24h.com.br\/index.php?rest_route=\/wp\/v2\/users\/2"}],"replies":[{"embeddable":true,"href":"https:\/\/minutobahia24h.com.br\/index.php?rest_route=%2Fwp%2Fv2%2Fcomments&post=32488"}],"version-history":[{"count":1,"href":"https:\/\/minutobahia24h.com.br\/index.php?rest_route=\/wp\/v2\/posts\/32488\/revisions"}],"predecessor-version":[{"id":32490,"href":"https:\/\/minutobahia24h.com.br\/index.php?rest_route=\/wp\/v2\/posts\/32488\/revisions\/32490"}],"wp:featuredmedia":[{"embeddable":true,"href":"https:\/\/minutobahia24h.com.br\/index.php?rest_route=\/wp\/v2\/media\/32489"}],"wp:attachment":[{"href":"https:\/\/minutobahia24h.com.br\/index.php?rest_route=%2Fwp%2Fv2%2Fmedia&parent=32488"}],"wp:term":[{"taxonomy":"category","embeddable":true,"href":"https:\/\/minutobahia24h.com.br\/index.php?rest_route=%2Fwp%2Fv2%2Fcategories&post=32488"},{"taxonomy":"post_tag","embeddable":true,"href":"https:\/\/minutobahia24h.com.br\/index.php?rest_route=%2Fwp%2Fv2%2Ftags&post=32488"}],"curies":[{"name":"wp","href":"https:\/\/api.w.org\/{rel}","templated":true}]}}