{"id":3248,"date":"2023-11-02T07:43:31","date_gmt":"2023-11-02T10:43:31","guid":{"rendered":"https:\/\/minutobahia24h.com.br\/?p=3248"},"modified":"2023-11-02T07:43:32","modified_gmt":"2023-11-02T10:43:32","slug":"reforma-tributaria-mesmo-com-trava-brasil-seguira-entre-paises-com-maior-peso-de-impostos-sobre-consumo","status":"publish","type":"post","link":"https:\/\/minutobahia24h.com.br\/?p=3248","title":{"rendered":"Reforma tribut\u00e1ria: mesmo com &#8216;trava&#8217;, Brasil seguir\u00e1 entre pa\u00edses com maior peso de impostos sobre consumo"},"content":{"rendered":"<div class=\"wp-block-image\">\n<figure class=\"aligncenter size-full\"><img data-recalc-dims=\"1\" fetchpriority=\"high\" decoding=\"async\" width=\"800\" height=\"533\" src=\"https:\/\/i0.wp.com\/minutobahia24h.com.br\/wp-content\/uploads\/2023\/11\/Sem-titulo-15.jpg?resize=800%2C533&#038;ssl=1\" alt=\"\" class=\"wp-image-3250\" srcset=\"https:\/\/i0.wp.com\/minutobahia24h.com.br\/wp-content\/uploads\/2023\/11\/Sem-titulo-15.jpg?w=984&amp;ssl=1 984w, https:\/\/i0.wp.com\/minutobahia24h.com.br\/wp-content\/uploads\/2023\/11\/Sem-titulo-15.jpg?resize=300%2C200&amp;ssl=1 300w, https:\/\/i0.wp.com\/minutobahia24h.com.br\/wp-content\/uploads\/2023\/11\/Sem-titulo-15.jpg?resize=768%2C512&amp;ssl=1 768w, https:\/\/i0.wp.com\/minutobahia24h.com.br\/wp-content\/uploads\/2023\/11\/Sem-titulo-15.jpg?resize=750%2C500&amp;ssl=1 750w\" sizes=\"(max-width: 800px) 100vw, 800px\" \/><figcaption class=\"wp-element-caption\">Reforma tribut\u00e1ria abrange os impostos sobre o consumo \u2014 Foto: Reprodu\u00e7\u00e3o: Freepik<br><\/figcaption><\/figure>\n<\/div>\n\n\n<p>A proposta de\u00a0<a class=\"\" href=\"https:\/\/g1.globo.com\/economia\/noticia\/2023\/10\/25\/reforma-tributaria-veja-os-principais-pontos-do-texto-que-vai-ser-avaliado-pelo-senado.ghtml\">reforma dos impostos sobre o consumo<\/a>\u00a0do relator no\u00a0<a class=\"\" href=\"https:\/\/g1.globo.com\/tudo-sobre\/senado-federal\/\">Senado<\/a>,\u00a0<a class=\"\" href=\"https:\/\/g1.globo.com\/politica\/politico\/eduardo-braga\/\">Eduardo Braga\u00a0<\/a>(<a class=\"\" href=\"https:\/\/g1.globo.com\/politica\/partido\/mdb\/\">MDB<\/a>-AM), traz uma &#8220;trava&#8221; para a carga tribut\u00e1ria, ou seja, um limite que n\u00e3o poder\u00e1 ser ultrapassado.<\/p>\n\n\n\n<p>Pelo texto apresentado pelo senador, o limite para a carga tribut\u00e1ria ser\u00e1 a m\u00e9dia de 2012 a 2021, na propor\u00e7\u00e3o com o Produto Interno Bruto (PIB), representada pelas receitas com PIS\/PASEP, COFINS, IPI, ISS e ICMS.<\/p>\n\n\n\n<p>A Secretaria Extraordin\u00e1ria de Reforma Tribut\u00e1ria do Minist\u00e9rio da Fazenda informou que&nbsp;a m\u00e9dia desses dez anos (2012 a 2021) da carga relativa a esses impostos \u00e9 de 12,5% do PIB.<\/p>\n\n\n\n<p>Esse patamar&nbsp;supera o da Organiza\u00e7\u00e3o para a Coopera\u00e7\u00e3o e Desenvolvimento Econ\u00f4mico (OCDE), que re\u00fane pa\u00edses mais desenvolvidos, e de outras na\u00e7\u00f5es.<\/p>\n\n\n\n<p>O senador Eduardo Braga tem dito que essa trava \u00e9 importante para dar tranquilidade ao contribuinte e ao setor produtivo brasileiro, e garantir a &#8220;neutralidade&#8221; da carga tribut\u00e1ria brasileira.<\/p>\n\n\n\n<p>E acrescenta que a fixa\u00e7\u00e3o de um teto para a carga tribut\u00e1ria &#8220;vai ajudar o cidad\u00e3o a mobilizar-se contra aumento na carga desses tributos, exigindo, dos governantes, compromisso com a austeridade e com o controle de gastos&#8221;.<\/p>\n\n\n\n<h2 class=\"wp-block-heading\">Compara\u00e7\u00e3o internacional<\/h2>\n\n\n\n<p>Para uma compara\u00e7\u00e3o internacional, a Receita Federal usou os dados de 2020, quando a arrecada\u00e7\u00e3o sobre o consumo no pa\u00eds representava 13,5% do PIB.<\/p>\n\n\n\n<p>No ano passado, segundo o Minist\u00e9rio da Fazenda, os cinco tributos envolvidos na reforma tribut\u00e1ria (PIS, Cofins, IPI, ICMS e ISS)&nbsp;<strong>arrecadaram o equivalente a 13% do PIB.<\/strong><\/p>\n\n\n\n<p>Mesmo em 12,5% do PIB, no limite estabelecido pela proposta do relator Eduardo Braga, a carga tribut\u00e1ria brasileira sobre o consumo (envolvendo PIS , Cofins, IPI, ICMS e ISS) ficaria acima da m\u00e9dia da OCDE, composta por pa\u00edses mais desenvolvidos (10,8% do PIB).<\/p>\n\n\n\n<p>E tamb\u00e9m de pa\u00edses como Reino Unido (10,1% do PIB), Canad\u00e1 (8,8% do PIB) e Chile (10,6% do PIB) &#8211;&nbsp;<strong><em>veja abaixo<\/em><\/strong>.<\/p>\n\n\n\n<figure class=\"wp-block-image\"><img data-recalc-dims=\"1\" decoding=\"async\" src=\"https:\/\/i0.wp.com\/s2-g1.glbimg.com\/wQMGG8xI89bh6XNCvgJO8gwA2c8%3D\/0x0%3A1108x694\/984x0\/smart\/filters%3Astrip_icc%28%29\/i.s3.glbimg.com\/v1\/AUTH_59edd422c0c84a879bd37670ae4f538a\/internal_photos\/bs\/2023\/e\/w\/8kUpxhRGiXrD3LBmykzg\/consumo-carga.jpg?w=800&#038;ssl=1\" alt=\"Carga tribut\u00e1ria sobre o consumo \u2014 Foto: Estudo da Receita Federal\"\/><\/figure>\n\n\n\n<p>Carga tribut\u00e1ria sobre o consumo \u2014 Foto: Estudo da Receita Federal<\/p>\n\n\n\n<p>Se o Brasil tributasse o consumo pelo patamar m\u00e9dio da OCDE, ou seja, em 10,8% do PIB,&nbsp;cerca de&nbsp;<strong>R$ 200 bilh\u00f5es<\/strong>&nbsp;a menos em impostos teriam sido cobrados sobre produtos e servi\u00e7os no ano de 2020 no pa\u00eds.<\/p>\n\n\n\n<h2 class=\"wp-block-heading\">Pobres pagam a conta<\/h2>\n\n\n\n<p>A consequ\u00eancia da concentra\u00e7\u00e3o maior da carga tribut\u00e1ria brasileira sobre o consumo no Brasil \u00e9 o alto grau de &#8220;regressividade&#8221; (se arrecada proporcionalmente mais de quem ganha menos).<\/p>\n\n\n\n<p>A l\u00f3gica \u00e9 que, se o imposto \u00e9 igual para todos, ela consome uma parcela maior da renda de quem ganha menos.<\/p>\n\n\n\n<blockquote class=\"wp-block-quote is-layout-flow wp-block-quote-is-layout-flow\">\n<p>&#8220;In\u00fameros estudos demonstram que a tributa\u00e7\u00e3o brasileira \u00e9 profundamente regressiva, pois onera muito mais os mais pobres do que os mais ricos, proporcionalmente a renda de cada um, ou seja, \u00e9 um fator que aprofunda a desigualdade social&#8221;, avaliou o Instituto Justi\u00e7a Fiscal, uma associa\u00e7\u00e3o civil sem fins lucrativos.<\/p>\n<\/blockquote>\n\n\n\n<p>O senador Eduardo Braga, relator da reforma tribut\u00e1ria no Senado, tamb\u00e9m chama a aten\u00e7\u00e3o para esse ponto.<\/p>\n\n\n\n<blockquote class=\"wp-block-quote is-layout-flow wp-block-quote-is-layout-flow\">\n<p>&#8220;Temos a firme convic\u00e7\u00e3o de que o contribuinte, na condi\u00e7\u00e3o de consumidor, n\u00e3o pode continuar a sustentar o peso de Estado. Os impostos sobre o consumo s\u00e3o regressivos e pesam mais nas costas dos mais pobres&#8221;, diz o relat\u00f3rio do senador Eduardo Braga.<\/p>\n<cite>Impostos sobre renda<br><br>Enquanto a tributa\u00e7\u00e3o sobre o consumo \u00e9 considerada elevada no Brasil,\u00a0<a class=\"\" href=\"https:\/\/g1.globo.com\/economia\/noticia\/2023\/05\/04\/folha-de-pagamentos-ministerio-da-fazenda-considera-propor-desoneracao-do-salario-minimo.ghtml\">assim como no caso da folha de pagamentos<\/a>, outras bases de tributa\u00e7\u00e3o, como a renda e o patrim\u00f4nio, t\u00eam valores abaixo da m\u00e9dia mundial.<br>Em\u00a06,9% do PIB em 2020, a carga tribut\u00e1ria sobre a renda no Brasil ficou bem abaixo da m\u00e9dia da OCDE\u00a0(10,6% do PIB) e de pa\u00edses mais desenvolvidos, como Canad\u00e1 (16,7% do PIB) e Fran\u00e7a (11,9% do PIB).<br><br><img data-recalc-dims=\"1\" decoding=\"async\" srcset=\"https:\/\/s2-g1.glbimg.com\/s2SkpUDWgNExEC3PLSyoQVvkZs4=\/0x0:1132x681\/1000x0\/smart\/filters:strip_icc()\/i.s3.glbimg.com\/v1\/AUTH_59edd422c0c84a879bd37670ae4f538a\/internal_photos\/bs\/2023\/Y\/P\/u4T5DcSu6g8RitMwlWPw\/renda-carga.jpg 1000w, https:\/\/s2-g1.glbimg.com\/qQf4ciPMvfaoeoSVITb7fmh6MgA=\/0x0:1132x681\/984x0\/smart\/filters:strip_icc()\/i.s3.glbimg.com\/v1\/AUTH_59edd422c0c84a879bd37670ae4f538a\/internal_photos\/bs\/2023\/Y\/P\/u4T5DcSu6g8RitMwlWPw\/renda-carga.jpg 984w, https:\/\/s2-g1.glbimg.com\/kVXhOBcZ0cQlDIHT3XRZTh66Aso=\/0x0:1132x681\/640x0\/smart\/filters:strip_icc()\/i.s3.glbimg.com\/v1\/AUTH_59edd422c0c84a879bd37670ae4f538a\/internal_photos\/bs\/2023\/Y\/P\/u4T5DcSu6g8RitMwlWPw\/renda-carga.jpg 640w, https:\/\/s2-g1.glbimg.com\/Y_1JkIT0Vqdb_XQqTutx2RRO0MY=\/0x0:1132x681\/600x0\/smart\/filters:strip_icc()\/i.s3.glbimg.com\/v1\/AUTH_59edd422c0c84a879bd37670ae4f538a\/internal_photos\/bs\/2023\/Y\/P\/u4T5DcSu6g8RitMwlWPw\/renda-carga.jpg 600w\" src=\"https:\/\/i0.wp.com\/s2-g1.glbimg.com\/qQf4ciPMvfaoeoSVITb7fmh6MgA%3D\/0x0%3A1132x681\/984x0\/smart\/filters%3Astrip_icc%28%29\/i.s3.glbimg.com\/v1\/AUTH_59edd422c0c84a879bd37670ae4f538a\/internal_photos\/bs\/2023\/Y\/P\/u4T5DcSu6g8RitMwlWPw\/renda-carga.jpg?w=800&#038;ssl=1\" alt=\"Tributa\u00e7\u00e3o sobre a renda no Brasil \u2014 Foto: Estudo da Receita Federal\"><br>Tributa\u00e7\u00e3o sobre a renda no Brasil \u2014 Foto: Estudo da Receita Federal<br>O\u00a0governo federal tem dito que pretende trata de mudan\u00e7as no Imposto de Renda somente ap\u00f3s a aprova\u00e7\u00e3o da reforma tribut\u00e1ria sobre o consumo no\u00a0<a class=\"\" href=\"https:\/\/g1.globo.com\/tudo-sobre\/congresso-nacional\/\">Congresso Nacional<\/a>.<\/cite><\/blockquote>\n\n\n\n<p>Em janeiro desse ano, durante o F\u00f3rum Econ\u00f4mico Mundial, realizado em Davos (Su\u00ed\u00e7a), a&nbsp;<a class=\"\" href=\"https:\/\/g1.globo.com\/economia\/noticia\/2023\/01\/16\/em-davos-oxfam-recomendara-aumentar-tributo-sobre-os-super-ricos-para-combater-fome.ghtml\">Oxfam, organiza\u00e7\u00e3o independente sem fins lucrativos, recomendou o aumento da taxa\u00e7\u00e3o de milion\u00e1rios.<\/a><\/p>\n\n\n\n<p>Aumentar a tributa\u00e7\u00e3o sobre a renda \u00e9 uma das recomenda\u00e7\u00f5es de analistas para tributar os mais ricos e reduzir as desigualdades sociais. Entre os caminhos poss\u00edveis, est\u00e3o:<\/p>\n\n\n\n<ul class=\"wp-block-list\">\n<li>Retomar a&nbsp;<a class=\"\" href=\"https:\/\/g1.globo.com\/economia\/noticia\/2022\/10\/22\/entenda-a-taxacao-de-lucros-e-dividendos-proposta-ja-defendida-por-lula-e-bolsonaro-na-campanha.ghtml\">cobran\u00e7a do Imposto de Renda sobre a distribui\u00e7\u00e3o de lucros e dividendos das empresas para as pessoas f\u00edsicas<\/a>. Os lucros das empresas j\u00e1 s\u00e3o taxados no Brasil, mas a sua distribui\u00e7\u00e3o para as pessoas f\u00edsicas, desde 1996, \u00e9 livre de tributa\u00e7\u00e3o \u2013 algo que n\u00e3o acontece na maioria dos pa\u00edses. Essa \u00e9 considerada uma&nbsp;<a class=\"\" href=\"https:\/\/g1.globo.com\/economia\/noticia\/2023\/05\/03\/entre-jabutis-jabuticabas-e-beneficios-veja-onde-governo-ja-indicou-que-buscara-recursos.ghtml\">jabuticaba da economia brasileira, pois a grande maioria das na\u00e7\u00f5es tributa a distribui\u00e7\u00e3o de lucros e dividendos.<\/a><\/li>\n\n\n\n<li>Instituir uma faixa, e uma al\u00edquota maior, de cobran\u00e7a para no IRPF. Atualmente, a maior al\u00edquota no Brasil \u00e9 de 27,5%, enquanto<a class=\"\" href=\"https:\/\/g1.globo.com\/economia\/imposto-de-renda\/2019\/noticia\/2019\/04\/28\/veja-como-e-o-imposto-de-renda-no-brasil-e-em-outros-paises.ghtml\">&nbsp;supera esse patamar em pa\u00edses desenvolvidos<\/a>. Nos EUA, as al\u00edquotas variam de 10% a 37%. Em Portugal, a tabela traz varia\u00e7\u00e3o de 14,5% a 48%, e na Argentina, de 5% a 35%.<\/li>\n\n\n\n<li>Reduzir as dedu\u00e7\u00f5es de&nbsp;<a class=\"\" href=\"https:\/\/g1.globo.com\/economia\/noticia\/2022\/09\/18\/limitar-abono-e-reavaliar-subsidio-para-idosos-e-para-deducoes-medicas-no-ir-veja-recomendacoes-da-equipe-economica-para-beneficios-fiscais.ghtml\">sa\u00fade<\/a>&nbsp;e&nbsp;<a class=\"\" href=\"https:\/\/g1.globo.com\/economia\/noticia\/2020\/08\/13\/governo-diz-que-descontar-gastos-com-educacao-do-ir-favorece-mais-ricos-e-sugere-rever-beneficio.ghtml\">educa\u00e7\u00e3o<\/a>&nbsp;no Imposto de Renda das Pessoas F\u00edsicas. As dedu\u00e7\u00f5es com educa\u00e7\u00e3o favorecem os mais ricos e a sugest\u00e3o \u00e9 de rever o benef\u00edcio. J\u00e1 88% do benef\u00edcio do IR para a sa\u00fade, avaliou o antigo Minist\u00e9rio da Economia, em 2022, concentra-se na parcela (20%) correspondente \u00e0s fam\u00edlias de maiores rendas, e 16,4% (1%) de maior rendimento.<\/li>\n<\/ul>\n\n\n\n<p>O ministro da Fazenda, Fernando Haddad, tamb\u00e9m j\u00e1 prop\u00f4s, e aprovou na C\u00e2mara dos Deputados, projeto de lei que prev\u00ea a<a class=\"\" href=\"https:\/\/g1.globo.com\/economia\/noticia\/2023\/10\/25\/camara-aprova-texto-de-projeto-que-taxa-offshores-e-fundos-exclusivos.ghtml\">&nbsp;taxa\u00e7\u00e3o das &#8220;offshores&#8221; (investimentos no exterior) e dos fundos exclusivos (fundos de investimento personalizados para pessoas de alta renda).<\/a>&nbsp;Para ter validade, o texto ainda precisa passar pelo Senado Federal.<\/p>\n\n\n\n<h2 class=\"wp-block-heading\">Tributos sobre patrim\u00f4nio<\/h2>\n\n\n\n<p>De acordo com dados da Receita Federal sobre a carga tribut\u00e1ria de 2021, somente 4,87% de todos os tributos arrecadados no Brasil naquele ano foram sobre o patrim\u00f4nio.<\/p>\n\n\n\n<p>Em 2020, os tributos sobre o patrim\u00f4nio representaram 1,6% do Produto Interno Bruto (PIB), ficando abaixo da m\u00e9dia da OCDE,&nbsp;formado por na\u00e7\u00f5es mais desenvolvidas, de 1,8%.<\/p>\n\n\n\n<p>Tamb\u00e9m ficaram abaixo de pa\u00edses como Canad\u00e1 (4,2% do PIB), Fran\u00e7a (4% do PIB), Reino Unido (3,9% do PIB) e Estados Unidos (3% do PIB).<\/p>\n\n\n\n<p>Em semin\u00e1rio promovido pelo Instituto de Pesquisa Econ\u00f4mica Aplicada (<a class=\"\" href=\"https:\/\/g1.globo.com\/tudo-sobre\/ipea\/\">Ipea<\/a>) na semana passada, Alberto Barreix, consultor do Banco Interamericano de Desenvolvimento (BID), avaliou que o aumento da d\u00edvida e das desigualdades na Am\u00e9rica Latina poder\u00e1 levar os pa\u00edses da regi\u00e3o a revisar seus modelos de tributa\u00e7\u00e3o sobre o patrim\u00f4nio, que, segundo ele, registra baixa arrecada\u00e7\u00e3o.<\/p>\n\n\n\n<p>O imposto sobre heran\u00e7a no Brasil tem al\u00edquotas diferentes de acordo com o estado, que variam de 1% a at\u00e9 8% \u2013 percentual m\u00e1ximo permitido pela legisla\u00e7\u00e3o nacional. Dados de 2017\u00a0<a class=\"\" href=\"https:\/\/g1.globo.com\/economia\/seu-dinheiro\/noticia\/imposto-sobre-heranca-e-doacoes-sobe-em-quase-metade-dos-estados-diz-ey.ghtml\">mostram que os valores s\u00e3o mais altos em outros pa\u00edses, com limite de 40% nos EUA, de 50% na Alemanha e de 60% na Fran\u00e7a.<\/a><\/p>\n\n\n\n<p>Entre os tributos sobre patrim\u00f4nio no Brasil, ou propriedades, est\u00e3o o IPVA (estadual) sobre autom\u00f3veis; o IPTU (municipal) sobre o valor de im\u00f3veis; o ITCMD (estadual), tamb\u00e9m conhecido como imposto sobre heran\u00e7as; o ITBI (municipal) sobre a transfer\u00eancia de im\u00f3veis; o ITR (estadual), sobre propriedades rurais.<\/p>\n\n\n\n<blockquote class=\"wp-block-quote is-layout-flow wp-block-quote-is-layout-flow\">\n<p>\u201cImposto ao patrim\u00f4nio \u00e9 importante e \u00e9 preciso consider\u00e1-lo. Na Am\u00e9rica Latina, cobra-se muito mal especialmente o imposto de im\u00f3veis. A\u00ed temos um d\u00e9ficit que precisamos corrigir. Mas \u00e9 preciso pensar em desenhos inteligentes\u201d, afirmou Alberto Barreix, consultor do Banco Interamericano de Desenvolvimento (BID), em meados desse ano.<\/p>\n<\/blockquote>\n\n\n\n<p>A reforma tribut\u00e1ria aprovada pela C\u00e2mara traz a&nbsp;<a class=\"\" href=\"https:\/\/g1.globo.com\/politica\/noticia\/2023\/07\/06\/camara-aprova-texto-base-da-reforma-tributaria-em-1o-turno.ghtml\">taxa\u00e7\u00e3o de aeronaves e embarca\u00e7\u00f5es de luxo com o Imposto Sobre Ve\u00edculos Automotores (IPVA).<\/a>&nbsp;No sistema atual, jatinhos e lanchas n\u00e3o pagam o tributo.<\/p>\n\n\n\n<p>O texto tamb\u00e9m contempla a cobran\u00e7a do&nbsp;<strong>ITCMD (Imposto de Transmiss\u00e3o Causa Mortis e Doa\u00e7\u00e3o) de forma progressiva em raz\u00e3o do valor da heran\u00e7a ou da doa\u00e7\u00e3o<\/strong>. A cobran\u00e7a ser\u00e1 feita no domic\u00edlio da pessoa falecida.<\/p>\n\n\n\n<p>Nota t\u00e9cnica do Unafisco Nacional, divulgada em mar\u00e7o deste ano, recomenda instituir o chamado imposto sobre grandes fortunas para tributar mais os ricos.<\/p>\n\n\n\n<p>&#8220;Historicamente, a tributa\u00e7\u00e3o sobre fortunas j\u00e1 foi adotada em diversos pa\u00edses, sendo mantida em alguns (como por exemplo Uruguai, Su\u00ed\u00e7a, Noruega e Fran\u00e7a) e extinto e depois retomado em outros (como na Espanha, que reintroduziu o tributo em 2011)&#8221;, diz o documento.<\/p>\n","protected":false},"excerpt":{"rendered":"<p>A proposta de\u00a0reforma dos impostos sobre o consumo\u00a0do relator no\u00a0Senado,\u00a0Eduardo Braga\u00a0(MDB-AM), traz uma &#8220;trava&#8221; para a carga tribut\u00e1ria, ou seja, um limite que n\u00e3o poder\u00e1 ser ultrapassado. Pelo texto apresentado pelo senador, o limite para a carga tribut\u00e1ria ser\u00e1 a m\u00e9dia de 2012 a 2021, na propor\u00e7\u00e3o com o Produto Interno Bruto (PIB), representada pelas [&hellip;]<\/p>\n","protected":false},"author":2,"featured_media":3250,"comment_status":"open","ping_status":"open","sticky":false,"template":"","format":"standard","meta":{"_jetpack_memberships_contains_paid_content":false,"footnotes":""},"categories":[19],"tags":[],"class_list":["post-3248","post","type-post","status-publish","format-standard","has-post-thumbnail","hentry","category-economia"],"aioseo_notices":[],"jetpack_featured_media_url":"https:\/\/i0.wp.com\/minutobahia24h.com.br\/wp-content\/uploads\/2023\/11\/Sem-titulo-15.jpg?fit=984%2C656&ssl=1","jetpack_sharing_enabled":true,"_links":{"self":[{"href":"https:\/\/minutobahia24h.com.br\/index.php?rest_route=\/wp\/v2\/posts\/3248","targetHints":{"allow":["GET"]}}],"collection":[{"href":"https:\/\/minutobahia24h.com.br\/index.php?rest_route=\/wp\/v2\/posts"}],"about":[{"href":"https:\/\/minutobahia24h.com.br\/index.php?rest_route=\/wp\/v2\/types\/post"}],"author":[{"embeddable":true,"href":"https:\/\/minutobahia24h.com.br\/index.php?rest_route=\/wp\/v2\/users\/2"}],"replies":[{"embeddable":true,"href":"https:\/\/minutobahia24h.com.br\/index.php?rest_route=%2Fwp%2Fv2%2Fcomments&post=3248"}],"version-history":[{"count":1,"href":"https:\/\/minutobahia24h.com.br\/index.php?rest_route=\/wp\/v2\/posts\/3248\/revisions"}],"predecessor-version":[{"id":3251,"href":"https:\/\/minutobahia24h.com.br\/index.php?rest_route=\/wp\/v2\/posts\/3248\/revisions\/3251"}],"wp:featuredmedia":[{"embeddable":true,"href":"https:\/\/minutobahia24h.com.br\/index.php?rest_route=\/wp\/v2\/media\/3250"}],"wp:attachment":[{"href":"https:\/\/minutobahia24h.com.br\/index.php?rest_route=%2Fwp%2Fv2%2Fmedia&parent=3248"}],"wp:term":[{"taxonomy":"category","embeddable":true,"href":"https:\/\/minutobahia24h.com.br\/index.php?rest_route=%2Fwp%2Fv2%2Fcategories&post=3248"},{"taxonomy":"post_tag","embeddable":true,"href":"https:\/\/minutobahia24h.com.br\/index.php?rest_route=%2Fwp%2Fv2%2Ftags&post=3248"}],"curies":[{"name":"wp","href":"https:\/\/api.w.org\/{rel}","templated":true}]}}