{"id":32476,"date":"2025-07-21T08:27:06","date_gmt":"2025-07-21T11:27:06","guid":{"rendered":"https:\/\/minutobahia24h.com.br\/?p=32476"},"modified":"2025-07-21T08:27:08","modified_gmt":"2025-07-21T11:27:08","slug":"preta-gil-morre-aos-50-anos-apos-luta-contra-o-cancer","status":"publish","type":"post","link":"https:\/\/minutobahia24h.com.br\/?p=32476","title":{"rendered":"Preta Gil morre aos 50 anos ap\u00f3s luta contra o c\u00e2ncer"},"content":{"rendered":"<div class=\"wp-block-image\">\n<figure class=\"aligncenter size-full\"><img data-recalc-dims=\"1\" fetchpriority=\"high\" decoding=\"async\" width=\"800\" height=\"428\" src=\"https:\/\/i0.wp.com\/minutobahia24h.com.br\/wp-content\/uploads\/2025\/07\/Sem-titulo-256.jpg?resize=800%2C428&#038;ssl=1\" alt=\"\" class=\"wp-image-32477\" srcset=\"https:\/\/i0.wp.com\/minutobahia24h.com.br\/wp-content\/uploads\/2025\/07\/Sem-titulo-256.jpg?w=898&amp;ssl=1 898w, https:\/\/i0.wp.com\/minutobahia24h.com.br\/wp-content\/uploads\/2025\/07\/Sem-titulo-256.jpg?resize=300%2C160&amp;ssl=1 300w, https:\/\/i0.wp.com\/minutobahia24h.com.br\/wp-content\/uploads\/2025\/07\/Sem-titulo-256.jpg?resize=768%2C411&amp;ssl=1 768w, https:\/\/i0.wp.com\/minutobahia24h.com.br\/wp-content\/uploads\/2025\/07\/Sem-titulo-256.jpg?resize=750%2C401&amp;ssl=1 750w\" sizes=\"(max-width: 800px) 100vw, 800px\" \/><\/figure>\n<\/div>\n\n\n<p>A cantora, atriz, apresentadora e produtora cultural Preta Gil morreu aos 50 anos, neste domingo (20),&nbsp;ap\u00f3s uma longa e corajosa batalha contra o c\u00e2ncer de intestino.&nbsp;A informa\u00e7\u00e3o foi divulgada pela coluna&nbsp;F\u00e1bia Oliveira, do Metr\u00f3poles, que afirma ter confirmado com a assessoria da artista. No entanto, a&nbsp;fam\u00edlia ainda n\u00e3o confirmou oficialmente.<\/p>\n\n\n\n<p>Filha de Gilberto Gil, um dos maiores nomes da m\u00fasica brasileira, Preta construiu sua pr\u00f3pria trajet\u00f3ria art\u00edstica com irrever\u00eancia, autenticidade e forte presen\u00e7a nas lutas sociais \u2014 especialmente na defesa da diversidade, do corpo livre e da mulher negra.&nbsp;<\/p>\n\n\n\n<p>A artista estava nos Estados Unidos&nbsp;realizando um protocolo inovador de cuidados m\u00e9dicos, com o apoio de duas institui\u00e7\u00f5es norte-americanas, em Washington e em Nova York. Durante o processo, Preta recebeu visita de familiares e amigos.&nbsp;<\/p>\n\n\n\n<p>Preta Maria Gadelha Gil Moreira nasceu no Rio de Janeiro em 8 de agosto de 1974. Come\u00e7ou sua carreira musical em 2003 com o disco Pr\u00eat-\u00e0-Porter.&nbsp;Ao longo dos anos, lan\u00e7ou outros \u00e1lbuns, como Preta, Sou Como Sou e Todas as Cores, e ficou conhecida pelo seu carisma nos palcos, blocos de Carnaval e programas de televis\u00e3o.<\/p>\n\n\n\n<p><strong>Luta contra o c\u00e2ncer<\/strong><\/p>\n\n\n\n<p>Em janeiro de 2023, Preta Gil foi diagnosticada com um c\u00e2ncer no intestino. Desde ent\u00e3o, travou uma batalha p\u00fablica e intensa contra a doen\u00e7a. Passou por cirurgias, interna\u00e7\u00f5es, choques s\u00e9pticos, e chegou a anunciar a cura em dezembro daquele ano. Mas em agosto de 2024, exames revelaram uma met\u00e1stase, e a artista retomou o tratamento.<\/p>\n\n\n\n<p>Nos \u00faltimos meses, Preta compartilhou sua rotina com o p\u00fablico: passou por uma cirurgia de 21 horas, viveu com uma bolsa de colostomia definitiva e embarcou para os Estados Unidos em busca de um tratamento alternativo. \u201cA minha realidade pode ser dura, mas tamb\u00e9m \u00e9 cheia de amor, cuidado e gratid\u00e3o\u201d, escreveu em uma de suas \u00faltimas postagens.<\/p>\n\n\n\n<p>portalespacoaberto<\/p>\n","protected":false},"excerpt":{"rendered":"<p>A cantora, atriz, apresentadora e produtora cultural Preta Gil morreu aos 50 anos, neste domingo (20),&nbsp;ap\u00f3s uma longa e corajosa batalha contra o c\u00e2ncer de intestino.&nbsp;A informa\u00e7\u00e3o foi divulgada pela coluna&nbsp;F\u00e1bia Oliveira, do Metr\u00f3poles, que afirma ter confirmado com a assessoria da artista. No entanto, a&nbsp;fam\u00edlia ainda n\u00e3o confirmou oficialmente. Filha de Gilberto Gil, um [&hellip;]<\/p>\n","protected":false},"author":2,"featured_media":32477,"comment_status":"open","ping_status":"open","sticky":false,"template":"","format":"standard","meta":{"_jetpack_memberships_contains_paid_content":false,"footnotes":""},"categories":[46],"tags":[],"class_list":["post-32476","post","type-post","status-publish","format-standard","has-post-thumbnail","hentry","category-noticia"],"aioseo_notices":[],"jetpack_featured_media_url":"https:\/\/i0.wp.com\/minutobahia24h.com.br\/wp-content\/uploads\/2025\/07\/Sem-titulo-256.jpg?fit=898%2C480&ssl=1","jetpack_sharing_enabled":true,"_links":{"self":[{"href":"https:\/\/minutobahia24h.com.br\/index.php?rest_route=\/wp\/v2\/posts\/32476","targetHints":{"allow":["GET"]}}],"collection":[{"href":"https:\/\/minutobahia24h.com.br\/index.php?rest_route=\/wp\/v2\/posts"}],"about":[{"href":"https:\/\/minutobahia24h.com.br\/index.php?rest_route=\/wp\/v2\/types\/post"}],"author":[{"embeddable":true,"href":"https:\/\/minutobahia24h.com.br\/index.php?rest_route=\/wp\/v2\/users\/2"}],"replies":[{"embeddable":true,"href":"https:\/\/minutobahia24h.com.br\/index.php?rest_route=%2Fwp%2Fv2%2Fcomments&post=32476"}],"version-history":[{"count":1,"href":"https:\/\/minutobahia24h.com.br\/index.php?rest_route=\/wp\/v2\/posts\/32476\/revisions"}],"predecessor-version":[{"id":32478,"href":"https:\/\/minutobahia24h.com.br\/index.php?rest_route=\/wp\/v2\/posts\/32476\/revisions\/32478"}],"wp:featuredmedia":[{"embeddable":true,"href":"https:\/\/minutobahia24h.com.br\/index.php?rest_route=\/wp\/v2\/media\/32477"}],"wp:attachment":[{"href":"https:\/\/minutobahia24h.com.br\/index.php?rest_route=%2Fwp%2Fv2%2Fmedia&parent=32476"}],"wp:term":[{"taxonomy":"category","embeddable":true,"href":"https:\/\/minutobahia24h.com.br\/index.php?rest_route=%2Fwp%2Fv2%2Fcategories&post=32476"},{"taxonomy":"post_tag","embeddable":true,"href":"https:\/\/minutobahia24h.com.br\/index.php?rest_route=%2Fwp%2Fv2%2Ftags&post=32476"}],"curies":[{"name":"wp","href":"https:\/\/api.w.org\/{rel}","templated":true}]}}