{"id":32469,"date":"2025-07-21T07:18:57","date_gmt":"2025-07-21T10:18:57","guid":{"rendered":"https:\/\/minutobahia24h.com.br\/?p=32469"},"modified":"2025-07-21T07:18:58","modified_gmt":"2025-07-21T10:18:58","slug":"deputado-estadual-bobo-participa-do-festival-de-inverno-de-itaitu-e-reforca-apoio-a-economia-solidaria","status":"publish","type":"post","link":"https:\/\/minutobahia24h.com.br\/?p=32469","title":{"rendered":"Deputado Estadual Bob\u00f4 participa do Festival de Inverno de Itait\u00fa e refor\u00e7a apoio \u00e0 economia solid\u00e1ria"},"content":{"rendered":"<div class=\"wp-block-image\">\n<figure class=\"aligncenter size-large\"><img data-recalc-dims=\"1\" fetchpriority=\"high\" decoding=\"async\" width=\"800\" height=\"450\" src=\"https:\/\/i0.wp.com\/minutobahia24h.com.br\/wp-content\/uploads\/2025\/07\/01-1024x576.jpg?resize=800%2C450&#038;ssl=1\" alt=\"\" class=\"wp-image-32470\" srcset=\"https:\/\/i0.wp.com\/minutobahia24h.com.br\/wp-content\/uploads\/2025\/07\/01.jpg?resize=1024%2C576&amp;ssl=1 1024w, https:\/\/i0.wp.com\/minutobahia24h.com.br\/wp-content\/uploads\/2025\/07\/01.jpg?resize=300%2C169&amp;ssl=1 300w, https:\/\/i0.wp.com\/minutobahia24h.com.br\/wp-content\/uploads\/2025\/07\/01.jpg?resize=768%2C432&amp;ssl=1 768w, https:\/\/i0.wp.com\/minutobahia24h.com.br\/wp-content\/uploads\/2025\/07\/01.jpg?resize=1536%2C864&amp;ssl=1 1536w, https:\/\/i0.wp.com\/minutobahia24h.com.br\/wp-content\/uploads\/2025\/07\/01.jpg?resize=750%2C422&amp;ssl=1 750w, https:\/\/i0.wp.com\/minutobahia24h.com.br\/wp-content\/uploads\/2025\/07\/01.jpg?resize=1140%2C641&amp;ssl=1 1140w, https:\/\/i0.wp.com\/minutobahia24h.com.br\/wp-content\/uploads\/2025\/07\/01.jpg?w=2048&amp;ssl=1 2048w, https:\/\/i0.wp.com\/minutobahia24h.com.br\/wp-content\/uploads\/2025\/07\/01.jpg?w=1600 1600w\" sizes=\"(max-width: 800px) 100vw, 800px\" \/><\/figure>\n<\/div>\n\n\n<p class=\"has-text-align-justify\">O deputado estadual Bob\u00f4 esteve no distrito de Itait\u00fa, em Jacobina, no \u00faltimo s\u00e1bado (19), para participar do segundo dia do 2\u00ba Festival de Inverno, em uma agenda repleta de atividades. A programa\u00e7\u00e3o come\u00e7ou com a visita \u00e0 sede do projeto social desenvolvido pela Associa\u00e7\u00e3o das Mulheres do Vale das Arapongas (AMUVA), coordenado pela professora Gabriela. A iniciativa promove a produ\u00e7\u00e3o de alimentos a partir da biomassa de frutas como banana verde, laranja, jaca, coco e maracuj\u00e1. Atualmente, o trabalho envolve 20 mulheres e conta com a assist\u00eancia t\u00e9cnica do Centro P\u00fablico de Economia Solid\u00e1ria (Cesol) Piemonte da Diamantina, sediado em Senhor do Bonfim.<\/p>\n\n\n\n<p>Durante a visita, Bob\u00f4 conheceu todas as etapas do processo produtivo e experimentou a famosa coxinha de jaca, um dos produtos mais apreciados do projeto. \u201c\u00c9 um trabalho admir\u00e1vel, que gera renda, promove a sustentabilidade e valoriza a produ\u00e7\u00e3o local\u201d, afirmou o deputado.<\/p>\n\n\n\n<figure class=\"wp-block-gallery has-nested-images columns-default is-cropped wp-block-gallery-1 is-layout-flex wp-block-gallery-is-layout-flex\">\n<figure class=\"wp-block-image size-large\"><img data-recalc-dims=\"1\" decoding=\"async\" width=\"576\" height=\"1024\" data-id=\"32472\" src=\"https:\/\/i0.wp.com\/minutobahia24h.com.br\/wp-content\/uploads\/2025\/07\/02-576x1024.jpg?resize=576%2C1024&#038;ssl=1\" alt=\"\" class=\"wp-image-32472\" srcset=\"https:\/\/i0.wp.com\/minutobahia24h.com.br\/wp-content\/uploads\/2025\/07\/02.jpg?resize=576%2C1024&amp;ssl=1 576w, https:\/\/i0.wp.com\/minutobahia24h.com.br\/wp-content\/uploads\/2025\/07\/02.jpg?resize=169%2C300&amp;ssl=1 169w, https:\/\/i0.wp.com\/minutobahia24h.com.br\/wp-content\/uploads\/2025\/07\/02.jpg?w=615&amp;ssl=1 615w\" sizes=\"(max-width: 576px) 100vw, 576px\" \/><\/figure>\n\n\n\n<figure class=\"wp-block-image size-large\"><img data-recalc-dims=\"1\" decoding=\"async\" width=\"480\" height=\"853\" data-id=\"32473\" src=\"https:\/\/i0.wp.com\/minutobahia24h.com.br\/wp-content\/uploads\/2025\/07\/03-1.jpg?resize=480%2C853&#038;ssl=1\" alt=\"\" class=\"wp-image-32473\" srcset=\"https:\/\/i0.wp.com\/minutobahia24h.com.br\/wp-content\/uploads\/2025\/07\/03-1.jpg?w=480&amp;ssl=1 480w, https:\/\/i0.wp.com\/minutobahia24h.com.br\/wp-content\/uploads\/2025\/07\/03-1.jpg?resize=169%2C300&amp;ssl=1 169w\" sizes=\"(max-width: 480px) 100vw, 480px\" \/><\/figure>\n\n\n\n<figure class=\"wp-block-image size-large\"><img data-recalc-dims=\"1\" loading=\"lazy\" decoding=\"async\" width=\"480\" height=\"853\" data-id=\"32474\" src=\"https:\/\/i0.wp.com\/minutobahia24h.com.br\/wp-content\/uploads\/2025\/07\/04.jpg?resize=480%2C853&#038;ssl=1\" alt=\"\" class=\"wp-image-32474\" srcset=\"https:\/\/i0.wp.com\/minutobahia24h.com.br\/wp-content\/uploads\/2025\/07\/04.jpg?w=480&amp;ssl=1 480w, https:\/\/i0.wp.com\/minutobahia24h.com.br\/wp-content\/uploads\/2025\/07\/04.jpg?resize=169%2C300&amp;ssl=1 169w\" sizes=\"(max-width: 480px) 100vw, 480px\" \/><\/figure>\n<\/figure>\n\n\n\n<p>Em seguida, o parlamentar visitou os estandes da Feira de Economia Solid\u00e1ria, que contou com mais de 20 expositores apresentando produtos da agricultura familiar e da economia solid\u00e1ria. A feira, organizada pela ADESBA com apoio do Governo do Estado, por meio da SETRE, reuniu artesanatos, doces, geleias, biscoitos, licores, caf\u00e9 da regi\u00e3o, al\u00e9m de produtos derivados do baba\u00e7u e muito mais.<\/p>\n\n\n\n<p>Ao final da agenda, Bob\u00f4 anunciou um importante compromisso para fortalecer o evento: \u201cTive o prazer de prestigiar o II Festival de Inverno de Itait\u00fa, que evento maravilhoso! Quero contribuir ainda mais com essa festa e, por isso, destinarei, por meio de emenda parlamentar, R$ 100 mil para a contrata\u00e7\u00e3o de artistas na edi\u00e7\u00e3o de 2026. Tamb\u00e9m visitei a Feira de Economia Solid\u00e1ria e fiquei encantado com o talento e a dedica\u00e7\u00e3o dos expositores. Parabenizo o Cesol, representado pelo coordenador Nilo Ramos, pelo excelente trabalho de assist\u00eancia, capacita\u00e7\u00e3o e orienta\u00e7\u00e3o aos empreendedores, desde a produ\u00e7\u00e3o at\u00e9 a comercializa\u00e7\u00e3o\u201d, destacou.<br><\/p>\n","protected":false},"excerpt":{"rendered":"<p>O deputado estadual Bob\u00f4 esteve no distrito de Itait\u00fa, em Jacobina, no \u00faltimo s\u00e1bado (19), para participar do segundo dia do 2\u00ba Festival de Inverno, em uma agenda repleta de atividades. A programa\u00e7\u00e3o come\u00e7ou com a visita \u00e0 sede do projeto social desenvolvido pela Associa\u00e7\u00e3o das Mulheres do Vale das Arapongas (AMUVA), coordenado pela professora [&hellip;]<\/p>\n","protected":false},"author":2,"featured_media":32470,"comment_status":"open","ping_status":"open","sticky":false,"template":"","format":"standard","meta":{"_jetpack_memberships_contains_paid_content":false,"footnotes":""},"categories":[3],"tags":[],"class_list":["post-32469","post","type-post","status-publish","format-standard","has-post-thumbnail","hentry","category-regional"],"aioseo_notices":[],"jetpack_featured_media_url":"https:\/\/i0.wp.com\/minutobahia24h.com.br\/wp-content\/uploads\/2025\/07\/01.jpg?fit=2048%2C1152&ssl=1","jetpack_sharing_enabled":true,"_links":{"self":[{"href":"https:\/\/minutobahia24h.com.br\/index.php?rest_route=\/wp\/v2\/posts\/32469","targetHints":{"allow":["GET"]}}],"collection":[{"href":"https:\/\/minutobahia24h.com.br\/index.php?rest_route=\/wp\/v2\/posts"}],"about":[{"href":"https:\/\/minutobahia24h.com.br\/index.php?rest_route=\/wp\/v2\/types\/post"}],"author":[{"embeddable":true,"href":"https:\/\/minutobahia24h.com.br\/index.php?rest_route=\/wp\/v2\/users\/2"}],"replies":[{"embeddable":true,"href":"https:\/\/minutobahia24h.com.br\/index.php?rest_route=%2Fwp%2Fv2%2Fcomments&post=32469"}],"version-history":[{"count":1,"href":"https:\/\/minutobahia24h.com.br\/index.php?rest_route=\/wp\/v2\/posts\/32469\/revisions"}],"predecessor-version":[{"id":32475,"href":"https:\/\/minutobahia24h.com.br\/index.php?rest_route=\/wp\/v2\/posts\/32469\/revisions\/32475"}],"wp:featuredmedia":[{"embeddable":true,"href":"https:\/\/minutobahia24h.com.br\/index.php?rest_route=\/wp\/v2\/media\/32470"}],"wp:attachment":[{"href":"https:\/\/minutobahia24h.com.br\/index.php?rest_route=%2Fwp%2Fv2%2Fmedia&parent=32469"}],"wp:term":[{"taxonomy":"category","embeddable":true,"href":"https:\/\/minutobahia24h.com.br\/index.php?rest_route=%2Fwp%2Fv2%2Fcategories&post=32469"},{"taxonomy":"post_tag","embeddable":true,"href":"https:\/\/minutobahia24h.com.br\/index.php?rest_route=%2Fwp%2Fv2%2Ftags&post=32469"}],"curies":[{"name":"wp","href":"https:\/\/api.w.org\/{rel}","templated":true}]}}