{"id":32462,"date":"2025-07-21T07:09:37","date_gmt":"2025-07-21T10:09:37","guid":{"rendered":"https:\/\/minutobahia24h.com.br\/?p=32462"},"modified":"2025-07-21T07:09:39","modified_gmt":"2025-07-21T10:09:39","slug":"comunidade-catolica-de-filadelfia-se-prepara-para-os-festejos-de-sao-cristovao-padroeiro-dos-motoristas","status":"publish","type":"post","link":"https:\/\/minutobahia24h.com.br\/?p=32462","title":{"rendered":"Comunidade cat\u00f3lica de Filadelfia se prepara para os Festejos de S\u00e3o Crist\u00f3v\u00e3o, padroeiro dos motoristas"},"content":{"rendered":"<div class=\"wp-block-image\">\n<figure class=\"aligncenter size-full\"><img data-recalc-dims=\"1\" fetchpriority=\"high\" decoding=\"async\" width=\"800\" height=\"572\" src=\"https:\/\/i0.wp.com\/minutobahia24h.com.br\/wp-content\/uploads\/2025\/07\/Sem-titulo-254.jpg?resize=800%2C572&#038;ssl=1\" alt=\"\" class=\"wp-image-32464\" srcset=\"https:\/\/i0.wp.com\/minutobahia24h.com.br\/wp-content\/uploads\/2025\/07\/Sem-titulo-254.jpg?w=900&amp;ssl=1 900w, https:\/\/i0.wp.com\/minutobahia24h.com.br\/wp-content\/uploads\/2025\/07\/Sem-titulo-254.jpg?resize=300%2C214&amp;ssl=1 300w, https:\/\/i0.wp.com\/minutobahia24h.com.br\/wp-content\/uploads\/2025\/07\/Sem-titulo-254.jpg?resize=768%2C549&amp;ssl=1 768w, https:\/\/i0.wp.com\/minutobahia24h.com.br\/wp-content\/uploads\/2025\/07\/Sem-titulo-254.jpg?resize=120%2C86&amp;ssl=1 120w, https:\/\/i0.wp.com\/minutobahia24h.com.br\/wp-content\/uploads\/2025\/07\/Sem-titulo-254.jpg?resize=350%2C250&amp;ssl=1 350w, https:\/\/i0.wp.com\/minutobahia24h.com.br\/wp-content\/uploads\/2025\/07\/Sem-titulo-254.jpg?resize=750%2C536&amp;ssl=1 750w\" sizes=\"(max-width: 800px) 100vw, 800px\" \/><\/figure>\n<\/div>\n\n\n<p>A comunidade da Par\u00f3quia S\u00e3o Sebasti\u00e3o convida todos os fi\u00e9is para participarem dos Festejos de S\u00e3o Crist\u00f3v\u00e3o, padroeiro dos motoristas, que acontecer\u00e3o na pr\u00f3xima semana com uma programa\u00e7\u00e3o especial de f\u00e9, devo\u00e7\u00e3o e confraterniza\u00e7\u00e3o.<\/p>\n\n\n\n<p>A celebra\u00e7\u00e3o ter\u00e1 in\u00edcio no dia 23 de julho, com o in\u00edcio do tr\u00edduo em honra a S\u00e3o Crist\u00f3v\u00e3o. Ser\u00e3o tr\u00eas noites de Santa Missa, sempre \u00e0s 19 horas, reunindo devotos e moradores da regi\u00e3o para momentos de ora\u00e7\u00e3o e reflex\u00e3o.<\/p>\n\n\n\n<p>A programa\u00e7\u00e3o ser\u00e1 encerrada com chave de ouro no s\u00e1bado, com uma linda carreata pelas ruas da comunidade, marcada para as 16h30. Em seguida, haver\u00e1 Santa Missa \u00e0s 18 horas, e logo ap\u00f3s, todos est\u00e3o convidados para um animado bingo beneficente, com premia\u00e7\u00e3o de um garrote e um Pix no valor de 300 reais.<\/p>\n\n\n\n<p>&#8220;Eu estou aqui com S\u00e3o Crist\u00f3v\u00e3o e quero, junto com ele, convidar voc\u00ea para fazer parte desses festejos. Eu, voc\u00ea e toda a nossa comunidade unidos nesta linda festa de f\u00e9. Voc\u00ea \u00e9 o nosso convidado especial!&#8221;, refor\u00e7a a organiza\u00e7\u00e3o.<\/p>\n\n\n\n<p>Participe com sua fam\u00edlia, traga sua f\u00e9, seu carro e sua alegria para homenagear aquele que protege todos os que vivem sobre as estradas do nosso Brasil.<\/p>\n\n\n\n<p>Filad\u00e9lfia em Not\u00edcias<\/p>\n","protected":false},"excerpt":{"rendered":"<p>A comunidade da Par\u00f3quia S\u00e3o Sebasti\u00e3o convida todos os fi\u00e9is para participarem dos Festejos de S\u00e3o Crist\u00f3v\u00e3o, padroeiro dos motoristas, que acontecer\u00e3o na pr\u00f3xima semana com uma programa\u00e7\u00e3o especial de f\u00e9, devo\u00e7\u00e3o e confraterniza\u00e7\u00e3o. A celebra\u00e7\u00e3o ter\u00e1 in\u00edcio no dia 23 de julho, com o in\u00edcio do tr\u00edduo em honra a S\u00e3o Crist\u00f3v\u00e3o. Ser\u00e3o tr\u00eas [&hellip;]<\/p>\n","protected":false},"author":2,"featured_media":32464,"comment_status":"open","ping_status":"open","sticky":false,"template":"","format":"standard","meta":{"_jetpack_memberships_contains_paid_content":false,"footnotes":""},"categories":[3],"tags":[],"class_list":["post-32462","post","type-post","status-publish","format-standard","has-post-thumbnail","hentry","category-regional"],"aioseo_notices":[],"jetpack_featured_media_url":"https:\/\/i0.wp.com\/minutobahia24h.com.br\/wp-content\/uploads\/2025\/07\/Sem-titulo-254.jpg?fit=900%2C643&ssl=1","jetpack_sharing_enabled":true,"_links":{"self":[{"href":"https:\/\/minutobahia24h.com.br\/index.php?rest_route=\/wp\/v2\/posts\/32462","targetHints":{"allow":["GET"]}}],"collection":[{"href":"https:\/\/minutobahia24h.com.br\/index.php?rest_route=\/wp\/v2\/posts"}],"about":[{"href":"https:\/\/minutobahia24h.com.br\/index.php?rest_route=\/wp\/v2\/types\/post"}],"author":[{"embeddable":true,"href":"https:\/\/minutobahia24h.com.br\/index.php?rest_route=\/wp\/v2\/users\/2"}],"replies":[{"embeddable":true,"href":"https:\/\/minutobahia24h.com.br\/index.php?rest_route=%2Fwp%2Fv2%2Fcomments&post=32462"}],"version-history":[{"count":1,"href":"https:\/\/minutobahia24h.com.br\/index.php?rest_route=\/wp\/v2\/posts\/32462\/revisions"}],"predecessor-version":[{"id":32465,"href":"https:\/\/minutobahia24h.com.br\/index.php?rest_route=\/wp\/v2\/posts\/32462\/revisions\/32465"}],"wp:featuredmedia":[{"embeddable":true,"href":"https:\/\/minutobahia24h.com.br\/index.php?rest_route=\/wp\/v2\/media\/32464"}],"wp:attachment":[{"href":"https:\/\/minutobahia24h.com.br\/index.php?rest_route=%2Fwp%2Fv2%2Fmedia&parent=32462"}],"wp:term":[{"taxonomy":"category","embeddable":true,"href":"https:\/\/minutobahia24h.com.br\/index.php?rest_route=%2Fwp%2Fv2%2Fcategories&post=32462"},{"taxonomy":"post_tag","embeddable":true,"href":"https:\/\/minutobahia24h.com.br\/index.php?rest_route=%2Fwp%2Fv2%2Ftags&post=32462"}],"curies":[{"name":"wp","href":"https:\/\/api.w.org\/{rel}","templated":true}]}}