{"id":32384,"date":"2025-07-17T14:16:47","date_gmt":"2025-07-17T17:16:47","guid":{"rendered":"https:\/\/minutobahia24h.com.br\/?p=32384"},"modified":"2025-07-17T14:17:00","modified_gmt":"2025-07-17T17:17:00","slug":"camara-de-andorinha-realiza-18a-sessao-ordinaria-e-marca-retorno-dos-trabalhos-legislativos-do-segundo-semestre","status":"publish","type":"post","link":"https:\/\/minutobahia24h.com.br\/?p=32384","title":{"rendered":"C\u00e2mara de Andorinha realiza 18\u00aa Sess\u00e3o Ordin\u00e1ria e marca retorno dos trabalhos legislativos do segundo semestre"},"content":{"rendered":"<div class=\"wp-block-image\">\n<figure class=\"aligncenter size-large\"><img data-recalc-dims=\"1\" fetchpriority=\"high\" decoding=\"async\" width=\"800\" height=\"1000\" src=\"https:\/\/i0.wp.com\/minutobahia24h.com.br\/wp-content\/uploads\/2025\/07\/img-20250717-wa10216614929817387663035-819x1024.jpg?resize=800%2C1000&#038;ssl=1\" alt=\"\" class=\"wp-image-32383\" srcset=\"https:\/\/i0.wp.com\/minutobahia24h.com.br\/wp-content\/uploads\/2025\/07\/img-20250717-wa10216614929817387663035.jpg?resize=819%2C1024&amp;ssl=1 819w, https:\/\/i0.wp.com\/minutobahia24h.com.br\/wp-content\/uploads\/2025\/07\/img-20250717-wa10216614929817387663035.jpg?resize=240%2C300&amp;ssl=1 240w, https:\/\/i0.wp.com\/minutobahia24h.com.br\/wp-content\/uploads\/2025\/07\/img-20250717-wa10216614929817387663035.jpg?resize=768%2C960&amp;ssl=1 768w, https:\/\/i0.wp.com\/minutobahia24h.com.br\/wp-content\/uploads\/2025\/07\/img-20250717-wa10216614929817387663035.jpg?resize=750%2C938&amp;ssl=1 750w, https:\/\/i0.wp.com\/minutobahia24h.com.br\/wp-content\/uploads\/2025\/07\/img-20250717-wa10216614929817387663035.jpg?w=1080&amp;ssl=1 1080w\" sizes=\"(max-width: 800px) 100vw, 800px\" \/><\/figure>\n<\/div>\n\n\n<p class=\"wp-block-paragraph\">A C\u00e2mara Municipal de Andorinha realizou, na tarde desta quarta-feira (16), a 18\u00aa Sess\u00e3o Ordin\u00e1ria do ano e a primeira sess\u00e3o do segundo semestre de 2025. A reuni\u00e3o, conduzida pelo presidente da Casa, vereador Cleriston Grig\u00f3rio, contou com a presen\u00e7a dos demais parlamentares e marcou o retorno oficial das atividades legislativas ap\u00f3s o recesso parlamentar.<br><br>Os trabalhos foram abertos com a leitura e aprova\u00e7\u00e3o da ata da sess\u00e3o anterior. Em seguida, foi lida a mensagem de boas-vindas enviada pelo prefeito Adilberto Evangelista, que destacou a import\u00e2ncia da atua\u00e7\u00e3o legislativa para o munic\u00edpio e desejou um semestre produtivo a todos os parlamentares.<br><br>Durante a sess\u00e3o, foram lidas as mat\u00e9rias em tramita\u00e7\u00e3o na Casa, com destaque para o Projeto de Lei n\u00ba 007\/2025, de autoria do Poder Legislativo, que altera o artigo 5\u00ba da Lei Municipal n\u00ba 470\/2017. A proposta trata da apreens\u00e3o de animais soltos em vias p\u00fablicas e define que a taxa de perman\u00eancia di\u00e1ria ser\u00e1 de 10% do sal\u00e1rio m\u00ednimo vigente, acumulada at\u00e9 a quita\u00e7\u00e3o, com recolhimento feito atrav\u00e9s de documento emitido pelo setor de tributos.<br><br>A pauta tamb\u00e9m incluiu diversas indica\u00e7\u00f5es dos vereadores, abordando demandas importantes da popula\u00e7\u00e3o, como:<br><br>\u2022\tIndica\u00e7\u00e3o n\u00ba 12\/25: Destina\u00e7\u00e3o de cadeiras de rodas el\u00e9tricas \u00e0 UBS Pablo Campos \u2013 vereador Ednaldo de Oliveira;<br>\u2022\tIndica\u00e7\u00e3o n\u00ba 13\/25: Constru\u00e7\u00e3o de coberturas e reparos na UBS \u2013 vereador Edilson Bento;<br>\u2022\tIndica\u00e7\u00f5es n\u00ba 20\/25 e 21\/25: Melhoria da parede da barragem em Caldeir\u00e3o da Vaca e recupera\u00e7\u00e3o da estrada vicinal em Medrado \u2013 vereador Marinaldo de Oliveira;<br>\u2022\tIndica\u00e7\u00e3o n\u00ba 007\/25: Estudo para instala\u00e7\u00e3o de bueiro em Riacho Seco \u2013 vereador Ariston J\u00fanior;<br>\u2022\tIndica\u00e7\u00f5es n\u00ba 14\/25 e 15\/25: Patrolamento de estradas vicinais e instala\u00e7\u00e3o de redutores de velocidade na comunidade de Lages \u2013 vereador Rodrigo Evangelista;<br>\u2022\tIndica\u00e7\u00f5es n\u00ba 20\/25 a 23\/25: Capina escolar, reparo de ilumina\u00e7\u00e3o p\u00fablica, designa\u00e7\u00e3o de guarda de tr\u00e2nsito e melhorias em estradas vicinais \u2013 vereadora Fausta Amorim.<br><br>Na ordem do dia, foram encaminhados \u00e0 Comiss\u00e3o de Justi\u00e7a e Reda\u00e7\u00e3o os Projetos de Lei apresentados pelos vereadores Gilberto Pereira e Agnaldo Oliveira, que agora seguem para an\u00e1lise.<br><br>Ao final da sess\u00e3o, o presidente Cleriston Grig\u00f3rio refor\u00e7ou a import\u00e2ncia da retomada dos trabalhos legislativos para atender \u00e0s demandas da popula\u00e7\u00e3o. A pr\u00f3xima sess\u00e3o ordin\u00e1ria est\u00e1 marcada para 23 de julho, \u00e0s 14h, no plen\u00e1rio da C\u00e2mara.<br><br>ASCOM \u2013 C\u00e2mara Municipal de Andorinha<\/p>\n","protected":false},"excerpt":{"rendered":"<p>A C\u00e2mara Municipal de Andorinha realizou, na tarde desta quarta-feira (16), a 18\u00aa Sess\u00e3o Ordin\u00e1ria do ano e a primeira sess\u00e3o do segundo semestre de 2025. A reuni\u00e3o, conduzida pelo presidente da Casa, vereador Cleriston Grig\u00f3rio, contou com a presen\u00e7a dos demais parlamentares e marcou o retorno oficial das atividades legislativas ap\u00f3s o recesso parlamentar. [&hellip;]<\/p>\n","protected":false},"author":2,"featured_media":32383,"comment_status":"open","ping_status":"open","sticky":false,"template":"","format":"standard","meta":{"_jetpack_newsletter_access":"","_jetpack_dont_email_post_to_subs":false,"_jetpack_newsletter_tier_id":0,"_jetpack_memberships_contains_paywalled_content":false,"_jetpack_feature_clip_id":0,"_jetpack_memberships_contains_paid_content":false,"footnotes":"","jetpack_post_was_ever_published":false},"categories":[3],"tags":[55],"class_list":["post-32384","post","type-post","status-publish","format-standard","has-post-thumbnail","hentry","category-regional","tag-andorinha"],"aioseo_notices":[],"aioseo_head":"\n\t\t<!-- All in One SEO 5.0.1.1 - aioseo.com -->\n\t<meta name=\"description\" content=\"A C\u00e2mara Municipal de Andorinha realizou, na tarde desta quarta-feira (16), a 18\u00aa Sess\u00e3o Ordin\u00e1ria do ano e a primeira sess\u00e3o do segundo semestre de 2025. A reuni\u00e3o, conduzida pelo presidente da Casa, vereador Cleriston Grig\u00f3rio, contou com a presen\u00e7a dos demais parlamentares e marcou o retorno oficial das atividades legislativas ap\u00f3s o recesso parlamentar.Os\" \/>\n\t<meta name=\"robots\" content=\"max-image-preview:large\" \/>\n\t<meta name=\"author\" content=\"andre\"\/>\n\t<link rel=\"canonical\" href=\"https:\/\/minutobahia24h.com.br\/?p=32384\" \/>\n\t<meta name=\"generator\" content=\"All in One SEO (AIOSEO) 5.0.1.1\" \/>\n\t\t<meta property=\"og:locale\" content=\"pt_BR\" \/>\n\t\t<meta property=\"og:site_name\" content=\"Minuto Bahia 24h - O seu portal de not\u00edcias\" \/>\n\t\t<meta property=\"og:type\" content=\"article\" \/>\n\t\t<meta property=\"og:title\" content=\"C\u00e2mara de Andorinha realiza 18\u00aa Sess\u00e3o Ordin\u00e1ria e marca retorno dos trabalhos legislativos do segundo semestre - Minuto Bahia 24h\" \/>\n\t\t<meta property=\"og:description\" content=\"A C\u00e2mara Municipal de Andorinha realizou, na tarde desta quarta-feira (16), a 18\u00aa Sess\u00e3o Ordin\u00e1ria do ano e a primeira sess\u00e3o do segundo semestre de 2025. A reuni\u00e3o, conduzida pelo presidente da Casa, vereador Cleriston Grig\u00f3rio, contou com a presen\u00e7a dos demais parlamentares e marcou o retorno oficial das atividades legislativas ap\u00f3s o recesso parlamentar.Os\" \/>\n\t\t<meta property=\"og:url\" content=\"https:\/\/minutobahia24h.com.br\/?p=32384\" \/>\n\t\t<meta property=\"og:image\" content=\"https:\/\/minutobahia24h.com.br\/wp-content\/uploads\/2025\/07\/img-20250717-wa10216614929817387663035.jpg\" \/>\n\t\t<meta property=\"og:image:secure_url\" content=\"https:\/\/minutobahia24h.com.br\/wp-content\/uploads\/2025\/07\/img-20250717-wa10216614929817387663035.jpg\" \/>\n\t\t<meta property=\"og:image:width\" content=\"1080\" \/>\n\t\t<meta property=\"og:image:height\" content=\"1350\" \/>\n\t\t<meta property=\"article:published_time\" content=\"2025-07-17T17:16:47+00:00\" \/>\n\t\t<meta property=\"article:modified_time\" content=\"2025-07-17T17:17:00+00:00\" \/>\n\t\t<meta name=\"twitter:card\" content=\"summary_large_image\" \/>\n\t\t<meta name=\"twitter:title\" content=\"C\u00e2mara de Andorinha realiza 18\u00aa Sess\u00e3o Ordin\u00e1ria e marca retorno dos trabalhos legislativos do segundo semestre - Minuto Bahia 24h\" \/>\n\t\t<meta name=\"twitter:description\" content=\"A C\u00e2mara Municipal de Andorinha realizou, na tarde desta quarta-feira (16), a 18\u00aa Sess\u00e3o Ordin\u00e1ria do ano e a primeira sess\u00e3o do segundo semestre de 2025. A reuni\u00e3o, conduzida pelo presidente da Casa, vereador Cleriston Grig\u00f3rio, contou com a presen\u00e7a dos demais parlamentares e marcou o retorno oficial das atividades legislativas ap\u00f3s o recesso parlamentar.Os\" \/>\n\t\t<meta name=\"twitter:image\" content=\"https:\/\/minutobahia24h.com.br\/wp-content\/uploads\/2025\/07\/img-20250717-wa10216614929817387663035.jpg\" \/>\n\t\t<script type=\"application\/ld+json\" class=\"aioseo-schema\">\n\t\t\t{\"@context\":\"https:\\\/\\\/schema.org\",\"@graph\":[{\"@type\":\"BlogPosting\",\"@id\":\"https:\\\/\\\/minutobahia24h.com.br\\\/?p=32384#blogposting\",\"name\":\"C\\u00e2mara de Andorinha realiza 18\\u00aa Sess\\u00e3o Ordin\\u00e1ria e marca retorno dos trabalhos legislativos do segundo semestre - Minuto Bahia 24h\",\"headline\":\"C\\u00e2mara de Andorinha realiza 18\\u00aa Sess\\u00e3o Ordin\\u00e1ria e marca retorno dos trabalhos legislativos do segundo semestre\",\"author\":{\"@id\":\"https:\\\/\\\/minutobahia24h.com.br\\\/?author=2#author\"},\"publisher\":{\"@id\":\"https:\\\/\\\/minutobahia24h.com.br\\\/#organization\"},\"image\":{\"@type\":\"ImageObject\",\"url\":\"https:\\\/\\\/i0.wp.com\\\/minutobahia24h.com.br\\\/wp-content\\\/uploads\\\/2025\\\/07\\\/img-20250717-wa10216614929817387663035.jpg?fit=1080%2C1350&ssl=1\",\"width\":1080,\"height\":1350},\"datePublished\":\"2025-07-17T14:16:47-03:00\",\"dateModified\":\"2025-07-17T14:17:00-03:00\",\"inLanguage\":\"pt-BR\",\"mainEntityOfPage\":{\"@id\":\"https:\\\/\\\/minutobahia24h.com.br\\\/?p=32384#webpage\"},\"isPartOf\":{\"@id\":\"https:\\\/\\\/minutobahia24h.com.br\\\/?p=32384#webpage\"},\"articleSection\":\"Regional, Andorinha\"},{\"@type\":\"BreadcrumbList\",\"@id\":\"https:\\\/\\\/minutobahia24h.com.br\\\/?p=32384#breadcrumblist\",\"itemListElement\":[{\"@type\":\"ListItem\",\"@id\":\"https:\\\/\\\/minutobahia24h.com.br#listItem\",\"position\":1,\"name\":\"In\\u00edcio\",\"item\":\"https:\\\/\\\/minutobahia24h.com.br\",\"nextItem\":{\"@type\":\"ListItem\",\"@id\":\"https:\\\/\\\/minutobahia24h.com.br\\\/?cat=3#listItem\",\"name\":\"Regional\"}},{\"@type\":\"ListItem\",\"@id\":\"https:\\\/\\\/minutobahia24h.com.br\\\/?cat=3#listItem\",\"position\":2,\"name\":\"Regional\",\"item\":\"https:\\\/\\\/minutobahia24h.com.br\\\/?cat=3\",\"nextItem\":{\"@type\":\"ListItem\",\"@id\":\"https:\\\/\\\/minutobahia24h.com.br\\\/?p=32384#listItem\",\"name\":\"C\\u00e2mara de Andorinha realiza 18\\u00aa Sess\\u00e3o Ordin\\u00e1ria e marca retorno dos trabalhos legislativos do segundo semestre\"},\"previousItem\":{\"@type\":\"ListItem\",\"@id\":\"https:\\\/\\\/minutobahia24h.com.br#listItem\",\"name\":\"In\\u00edcio\"}},{\"@type\":\"ListItem\",\"@id\":\"https:\\\/\\\/minutobahia24h.com.br\\\/?p=32384#listItem\",\"position\":3,\"name\":\"C\\u00e2mara de Andorinha realiza 18\\u00aa Sess\\u00e3o Ordin\\u00e1ria e marca retorno dos trabalhos legislativos do segundo semestre\",\"previousItem\":{\"@type\":\"ListItem\",\"@id\":\"https:\\\/\\\/minutobahia24h.com.br\\\/?cat=3#listItem\",\"name\":\"Regional\"}}]},{\"@type\":\"Organization\",\"@id\":\"https:\\\/\\\/minutobahia24h.com.br\\\/#organization\",\"name\":\"Minuto Bahia 24h\",\"description\":\"O seu portal de not\\u00edcias\",\"url\":\"https:\\\/\\\/minutobahia24h.com.br\\\/\",\"logo\":{\"@type\":\"ImageObject\",\"url\":\"https:\\\/\\\/i0.wp.com\\\/minutobahia24h.com.br\\\/wp-content\\\/uploads\\\/2023\\\/09\\\/cropped-minutoba.png?fit=457%2C119&ssl=1\",\"@id\":\"https:\\\/\\\/minutobahia24h.com.br\\\/?p=32384\\\/#organizationLogo\",\"width\":457,\"height\":119},\"image\":{\"@id\":\"https:\\\/\\\/minutobahia24h.com.br\\\/?p=32384\\\/#organizationLogo\"}},{\"@type\":\"Person\",\"@id\":\"https:\\\/\\\/minutobahia24h.com.br\\\/?author=2#author\",\"url\":\"https:\\\/\\\/minutobahia24h.com.br\\\/?author=2\",\"name\":\"andre\",\"image\":{\"@type\":\"ImageObject\",\"@id\":\"https:\\\/\\\/minutobahia24h.com.br\\\/?p=32384#authorImage\",\"url\":\"https:\\\/\\\/secure.gravatar.com\\\/avatar\\\/0ec5eafed5f3925c321625d79a680d589901b94bca787ae396a35f6c4a960922?s=96&d=mm&r=g\",\"width\":96,\"height\":96,\"caption\":\"andre\"}},{\"@type\":\"WebPage\",\"@id\":\"https:\\\/\\\/minutobahia24h.com.br\\\/?p=32384#webpage\",\"url\":\"https:\\\/\\\/minutobahia24h.com.br\\\/?p=32384\",\"name\":\"C\\u00e2mara de Andorinha realiza 18\\u00aa Sess\\u00e3o Ordin\\u00e1ria e marca retorno dos trabalhos legislativos do segundo semestre - Minuto Bahia 24h\",\"description\":\"A C\\u00e2mara Municipal de Andorinha realizou, na tarde desta quarta-feira (16), a 18\\u00aa Sess\\u00e3o Ordin\\u00e1ria do ano e a primeira sess\\u00e3o do segundo semestre de 2025. A reuni\\u00e3o, conduzida pelo presidente da Casa, vereador Cleriston Grig\\u00f3rio, contou com a presen\\u00e7a dos demais parlamentares e marcou o retorno oficial das atividades legislativas ap\\u00f3s o recesso parlamentar.Os\",\"inLanguage\":\"pt-BR\",\"isPartOf\":{\"@id\":\"https:\\\/\\\/minutobahia24h.com.br\\\/#website\"},\"breadcrumb\":{\"@id\":\"https:\\\/\\\/minutobahia24h.com.br\\\/?p=32384#breadcrumblist\"},\"author\":{\"@id\":\"https:\\\/\\\/minutobahia24h.com.br\\\/?author=2#author\"},\"creator\":{\"@id\":\"https:\\\/\\\/minutobahia24h.com.br\\\/?author=2#author\"},\"image\":{\"@type\":\"ImageObject\",\"url\":\"https:\\\/\\\/i0.wp.com\\\/minutobahia24h.com.br\\\/wp-content\\\/uploads\\\/2025\\\/07\\\/img-20250717-wa10216614929817387663035.jpg?fit=1080%2C1350&ssl=1\",\"@id\":\"https:\\\/\\\/minutobahia24h.com.br\\\/?p=32384\\\/#mainImage\",\"width\":1080,\"height\":1350},\"primaryImageOfPage\":{\"@id\":\"https:\\\/\\\/minutobahia24h.com.br\\\/?p=32384#mainImage\"},\"datePublished\":\"2025-07-17T14:16:47-03:00\",\"dateModified\":\"2025-07-17T14:17:00-03:00\"},{\"@type\":\"WebSite\",\"@id\":\"https:\\\/\\\/minutobahia24h.com.br\\\/#website\",\"url\":\"https:\\\/\\\/minutobahia24h.com.br\\\/\",\"name\":\"Minuto Bahia 24h\",\"description\":\"O seu portal de not\\u00edcias\",\"inLanguage\":\"pt-BR\",\"publisher\":{\"@id\":\"https:\\\/\\\/minutobahia24h.com.br\\\/#organization\"}}]}\n\t\t<\/script>\n\t\t<!-- All in One SEO -->\n\n","aioseo_head_json":{"title":"C\u00e2mara de Andorinha realiza 18\u00aa Sess\u00e3o Ordin\u00e1ria e marca retorno dos trabalhos legislativos do segundo semestre - Minuto Bahia 24h","description":"A C\u00e2mara Municipal de Andorinha realizou, na tarde desta quarta-feira (16), a 18\u00aa Sess\u00e3o Ordin\u00e1ria do ano e a primeira sess\u00e3o do segundo semestre de 2025. A reuni\u00e3o, conduzida pelo presidente da Casa, vereador Cleriston Grig\u00f3rio, contou com a presen\u00e7a dos demais parlamentares e marcou o retorno oficial das atividades legislativas ap\u00f3s o recesso parlamentar.Os","canonical_url":"https:\/\/minutobahia24h.com.br\/?p=32384","robots":"max-image-preview:large","keywords":"","webmasterTools":{"miscellaneous":""},"schema":{"@context":"https:\/\/schema.org","@graph":[{"@type":"BlogPosting","@id":"https:\/\/minutobahia24h.com.br\/?p=32384#blogposting","name":"C\u00e2mara de Andorinha realiza 18\u00aa Sess\u00e3o Ordin\u00e1ria e marca retorno dos trabalhos legislativos do segundo semestre - Minuto Bahia 24h","headline":"C\u00e2mara de Andorinha realiza 18\u00aa Sess\u00e3o Ordin\u00e1ria e marca retorno dos trabalhos legislativos do segundo semestre","author":{"@id":"https:\/\/minutobahia24h.com.br\/?author=2#author"},"publisher":{"@id":"https:\/\/minutobahia24h.com.br\/#organization"},"image":{"@type":"ImageObject","url":"https:\/\/i0.wp.com\/minutobahia24h.com.br\/wp-content\/uploads\/2025\/07\/img-20250717-wa10216614929817387663035.jpg?fit=1080%2C1350&ssl=1","width":1080,"height":1350},"datePublished":"2025-07-17T14:16:47-03:00","dateModified":"2025-07-17T14:17:00-03:00","inLanguage":"pt-BR","mainEntityOfPage":{"@id":"https:\/\/minutobahia24h.com.br\/?p=32384#webpage"},"isPartOf":{"@id":"https:\/\/minutobahia24h.com.br\/?p=32384#webpage"},"articleSection":"Regional, Andorinha"},{"@type":"BreadcrumbList","@id":"https:\/\/minutobahia24h.com.br\/?p=32384#breadcrumblist","itemListElement":[{"@type":"ListItem","@id":"https:\/\/minutobahia24h.com.br#listItem","position":1,"name":"In\u00edcio","item":"https:\/\/minutobahia24h.com.br","nextItem":{"@type":"ListItem","@id":"https:\/\/minutobahia24h.com.br\/?cat=3#listItem","name":"Regional"}},{"@type":"ListItem","@id":"https:\/\/minutobahia24h.com.br\/?cat=3#listItem","position":2,"name":"Regional","item":"https:\/\/minutobahia24h.com.br\/?cat=3","nextItem":{"@type":"ListItem","@id":"https:\/\/minutobahia24h.com.br\/?p=32384#listItem","name":"C\u00e2mara de Andorinha realiza 18\u00aa Sess\u00e3o Ordin\u00e1ria e marca retorno dos trabalhos legislativos do segundo semestre"},"previousItem":{"@type":"ListItem","@id":"https:\/\/minutobahia24h.com.br#listItem","name":"In\u00edcio"}},{"@type":"ListItem","@id":"https:\/\/minutobahia24h.com.br\/?p=32384#listItem","position":3,"name":"C\u00e2mara de Andorinha realiza 18\u00aa Sess\u00e3o Ordin\u00e1ria e marca retorno dos trabalhos legislativos do segundo semestre","previousItem":{"@type":"ListItem","@id":"https:\/\/minutobahia24h.com.br\/?cat=3#listItem","name":"Regional"}}]},{"@type":"Organization","@id":"https:\/\/minutobahia24h.com.br\/#organization","name":"Minuto Bahia 24h","description":"O seu portal de not\u00edcias","url":"https:\/\/minutobahia24h.com.br\/","logo":{"@type":"ImageObject","url":"https:\/\/i0.wp.com\/minutobahia24h.com.br\/wp-content\/uploads\/2023\/09\/cropped-minutoba.png?fit=457%2C119&ssl=1","@id":"https:\/\/minutobahia24h.com.br\/?p=32384\/#organizationLogo","width":457,"height":119},"image":{"@id":"https:\/\/minutobahia24h.com.br\/?p=32384\/#organizationLogo"}},{"@type":"Person","@id":"https:\/\/minutobahia24h.com.br\/?author=2#author","url":"https:\/\/minutobahia24h.com.br\/?author=2","name":"andre","image":{"@type":"ImageObject","@id":"https:\/\/minutobahia24h.com.br\/?p=32384#authorImage","url":"https:\/\/secure.gravatar.com\/avatar\/0ec5eafed5f3925c321625d79a680d589901b94bca787ae396a35f6c4a960922?s=96&d=mm&r=g","width":96,"height":96,"caption":"andre"}},{"@type":"WebPage","@id":"https:\/\/minutobahia24h.com.br\/?p=32384#webpage","url":"https:\/\/minutobahia24h.com.br\/?p=32384","name":"C\u00e2mara de Andorinha realiza 18\u00aa Sess\u00e3o Ordin\u00e1ria e marca retorno dos trabalhos legislativos do segundo semestre - Minuto Bahia 24h","description":"A C\u00e2mara Municipal de Andorinha realizou, na tarde desta quarta-feira (16), a 18\u00aa Sess\u00e3o Ordin\u00e1ria do ano e a primeira sess\u00e3o do segundo semestre de 2025. A reuni\u00e3o, conduzida pelo presidente da Casa, vereador Cleriston Grig\u00f3rio, contou com a presen\u00e7a dos demais parlamentares e marcou o retorno oficial das atividades legislativas ap\u00f3s o recesso parlamentar.Os","inLanguage":"pt-BR","isPartOf":{"@id":"https:\/\/minutobahia24h.com.br\/#website"},"breadcrumb":{"@id":"https:\/\/minutobahia24h.com.br\/?p=32384#breadcrumblist"},"author":{"@id":"https:\/\/minutobahia24h.com.br\/?author=2#author"},"creator":{"@id":"https:\/\/minutobahia24h.com.br\/?author=2#author"},"image":{"@type":"ImageObject","url":"https:\/\/i0.wp.com\/minutobahia24h.com.br\/wp-content\/uploads\/2025\/07\/img-20250717-wa10216614929817387663035.jpg?fit=1080%2C1350&ssl=1","@id":"https:\/\/minutobahia24h.com.br\/?p=32384\/#mainImage","width":1080,"height":1350},"primaryImageOfPage":{"@id":"https:\/\/minutobahia24h.com.br\/?p=32384#mainImage"},"datePublished":"2025-07-17T14:16:47-03:00","dateModified":"2025-07-17T14:17:00-03:00"},{"@type":"WebSite","@id":"https:\/\/minutobahia24h.com.br\/#website","url":"https:\/\/minutobahia24h.com.br\/","name":"Minuto Bahia 24h","description":"O seu portal de not\u00edcias","inLanguage":"pt-BR","publisher":{"@id":"https:\/\/minutobahia24h.com.br\/#organization"}}]},"og:locale":"pt_BR","og:site_name":"Minuto Bahia 24h - O seu portal de not\u00edcias","og:type":"article","og:title":"C\u00e2mara de Andorinha realiza 18\u00aa Sess\u00e3o Ordin\u00e1ria e marca retorno dos trabalhos legislativos do segundo semestre - Minuto Bahia 24h","og:description":"A C\u00e2mara Municipal de Andorinha realizou, na tarde desta quarta-feira (16), a 18\u00aa Sess\u00e3o Ordin\u00e1ria do ano e a primeira sess\u00e3o do segundo semestre de 2025. A reuni\u00e3o, conduzida pelo presidente da Casa, vereador Cleriston Grig\u00f3rio, contou com a presen\u00e7a dos demais parlamentares e marcou o retorno oficial das atividades legislativas ap\u00f3s o recesso parlamentar.Os","og:url":"https:\/\/minutobahia24h.com.br\/?p=32384","og:image":"https:\/\/minutobahia24h.com.br\/wp-content\/uploads\/2025\/07\/img-20250717-wa10216614929817387663035.jpg","og:image:secure_url":"https:\/\/minutobahia24h.com.br\/wp-content\/uploads\/2025\/07\/img-20250717-wa10216614929817387663035.jpg","og:image:width":1080,"og:image:height":1350,"article:published_time":"2025-07-17T17:16:47+00:00","article:modified_time":"2025-07-17T17:17:00+00:00","twitter:card":"summary_large_image","twitter:title":"C\u00e2mara de Andorinha realiza 18\u00aa Sess\u00e3o Ordin\u00e1ria e marca retorno dos trabalhos legislativos do segundo semestre - Minuto Bahia 24h","twitter:description":"A C\u00e2mara Municipal de Andorinha realizou, na tarde desta quarta-feira (16), a 18\u00aa Sess\u00e3o Ordin\u00e1ria do ano e a primeira sess\u00e3o do segundo semestre de 2025. A reuni\u00e3o, conduzida pelo presidente da Casa, vereador Cleriston Grig\u00f3rio, contou com a presen\u00e7a dos demais parlamentares e marcou o retorno oficial das atividades legislativas ap\u00f3s o recesso parlamentar.Os","twitter:image":"https:\/\/minutobahia24h.com.br\/wp-content\/uploads\/2025\/07\/img-20250717-wa10216614929817387663035.jpg"},"aioseo_meta_data":{"post_id":"32384","title":null,"description":null,"keywords":null,"keyphrases":null,"primary_term":null,"canonical_url":null,"og_title":null,"og_description":null,"og_object_type":"default","og_image_type":"default","og_image_url":null,"og_image_width":null,"og_image_height":null,"og_image_custom_url":null,"og_image_custom_fields":null,"og_video":null,"og_custom_url":null,"og_article_section":null,"og_article_tags":null,"twitter_use_og":true,"twitter_card":"default","twitter_image_type":"default","twitter_image_url":null,"twitter_image_custom_url":null,"twitter_image_custom_fields":null,"twitter_title":null,"twitter_description":null,"schema":{"blockGraphs":[],"customGraphs":[],"default":{"data":{"Article":[],"Course":[],"Dataset":[],"FAQPage":[],"Movie":[],"Person":[],"Product":[],"ProductReview":[],"Car":[],"Recipe":[],"Service":[],"SoftwareApplication":[],"WebPage":[]},"graphName":"","isEnabled":true},"graphs":[]},"schema_type":"default","schema_type_options":null,"pillar_content":false,"robots_default":true,"robots_noindex":false,"robots_noarchive":false,"robots_nosnippet":false,"robots_nofollow":false,"robots_noimageindex":false,"robots_noodp":false,"robots_notranslate":false,"robots_max_snippet":null,"robots_max_videopreview":null,"robots_max_imagepreview":"large","priority":null,"frequency":null,"local_seo":null,"breadcrumb_settings":null,"limit_modified_date":false,"ai":null,"created":"2025-07-17 17:25:09","updated":"2025-07-17 17:25:09","seo_analyzer_scan_date":null,"focus_keyword":null,"additional_keywords":null,"truseo_locale":null},"aioseo_breadcrumb":"<div class=\"aioseo-breadcrumbs\"><span class=\"aioseo-breadcrumb\">\n\t\t\t<a href=\"https:\/\/minutobahia24h.com.br\" title=\"In\u00edcio\">In\u00edcio<\/a>\n\t\t<\/span><span class=\"aioseo-breadcrumb-separator\">&raquo;<\/span><span class=\"aioseo-breadcrumb\">\n\t\t\t<a href=\"https:\/\/minutobahia24h.com.br\/?cat=3\" title=\"Regional\">Regional<\/a>\n\t\t<\/span><span class=\"aioseo-breadcrumb-separator\">&raquo;<\/span><span class=\"aioseo-breadcrumb\">\n\t\t\tC\u00e2mara de Andorinha realiza 18\u00aa Sess\u00e3o Ordin\u00e1ria e marca retorno dos trabalhos legislativos do segundo semestre\n\t\t<\/span><\/div>","aioseo_breadcrumb_json":[{"label":"In\u00edcio","link":"https:\/\/minutobahia24h.com.br"},{"label":"Regional","link":"https:\/\/minutobahia24h.com.br\/?cat=3"},{"label":"C\u00e2mara de Andorinha realiza 18\u00aa Sess\u00e3o Ordin\u00e1ria e marca retorno dos trabalhos legislativos do segundo semestre","link":"https:\/\/minutobahia24h.com.br\/?p=32384"}],"jetpack_sharing_enabled":true,"jetpack_featured_media_url":"https:\/\/i0.wp.com\/minutobahia24h.com.br\/wp-content\/uploads\/2025\/07\/img-20250717-wa10216614929817387663035.jpg?fit=1080%2C1350&ssl=1","_links":{"self":[{"href":"https:\/\/minutobahia24h.com.br\/index.php?rest_route=\/wp\/v2\/posts\/32384","targetHints":{"allow":["GET"]}}],"collection":[{"href":"https:\/\/minutobahia24h.com.br\/index.php?rest_route=\/wp\/v2\/posts"}],"about":[{"href":"https:\/\/minutobahia24h.com.br\/index.php?rest_route=\/wp\/v2\/types\/post"}],"author":[{"embeddable":true,"href":"https:\/\/minutobahia24h.com.br\/index.php?rest_route=\/wp\/v2\/users\/2"}],"replies":[{"embeddable":true,"href":"https:\/\/minutobahia24h.com.br\/index.php?rest_route=%2Fwp%2Fv2%2Fcomments&post=32384"}],"version-history":[{"count":1,"href":"https:\/\/minutobahia24h.com.br\/index.php?rest_route=\/wp\/v2\/posts\/32384\/revisions"}],"predecessor-version":[{"id":32385,"href":"https:\/\/minutobahia24h.com.br\/index.php?rest_route=\/wp\/v2\/posts\/32384\/revisions\/32385"}],"wp:featuredmedia":[{"embeddable":true,"href":"https:\/\/minutobahia24h.com.br\/index.php?rest_route=\/wp\/v2\/media\/32383"}],"wp:attachment":[{"href":"https:\/\/minutobahia24h.com.br\/index.php?rest_route=%2Fwp%2Fv2%2Fmedia&parent=32384"}],"wp:term":[{"taxonomy":"category","embeddable":true,"href":"https:\/\/minutobahia24h.com.br\/index.php?rest_route=%2Fwp%2Fv2%2Fcategories&post=32384"},{"taxonomy":"post_tag","embeddable":true,"href":"https:\/\/minutobahia24h.com.br\/index.php?rest_route=%2Fwp%2Fv2%2Ftags&post=32384"}],"curies":[{"name":"wp","href":"https:\/\/api.w.org\/{rel}","templated":true}]}}