{"id":32346,"date":"2025-07-17T07:51:02","date_gmt":"2025-07-17T10:51:02","guid":{"rendered":"https:\/\/minutobahia24h.com.br\/?p=32346"},"modified":"2025-07-17T07:51:04","modified_gmt":"2025-07-17T10:51:04","slug":"joao-campos-defende-uniao-e-reafirma-apoio-a-chapa-lula-alckmin-para-2026","status":"publish","type":"post","link":"https:\/\/minutobahia24h.com.br\/?p=32346","title":{"rendered":"Jo\u00e3o Campos defende uni\u00e3o e reafirma apoio \u00e0 chapa Lula-Alckmin para 2026"},"content":{"rendered":"<div class=\"wp-block-image\">\n<figure class=\"aligncenter size-full\"><img data-recalc-dims=\"1\" fetchpriority=\"high\" decoding=\"async\" width=\"692\" height=\"464\" src=\"https:\/\/i0.wp.com\/minutobahia24h.com.br\/wp-content\/uploads\/2025\/07\/Sem-titulo-221.jpg?resize=692%2C464&#038;ssl=1\" alt=\"\" class=\"wp-image-32347\" srcset=\"https:\/\/i0.wp.com\/minutobahia24h.com.br\/wp-content\/uploads\/2025\/07\/Sem-titulo-221.jpg?w=692&amp;ssl=1 692w, https:\/\/i0.wp.com\/minutobahia24h.com.br\/wp-content\/uploads\/2025\/07\/Sem-titulo-221.jpg?resize=300%2C201&amp;ssl=1 300w\" sizes=\"(max-width: 692px) 100vw, 692px\" \/><figcaption class=\"wp-element-caption\">Foto: arquivo\/reprodu\u00e7\u00e3o<br><\/figcaption><\/figure>\n<\/div>\n\n\n<p class=\"wp-block-paragraph\">O prefeito do Recife e presidente nacional do PSB, Jo\u00e3o Campos, reafirmou nesta quarta-feira (16) a parceria com o presidente Luiz In\u00e1cio Lula da Silva (PT) e defendeu a manuten\u00e7\u00e3o da chapa Lula-Alckmin para a disputa presidencial de 2026. A declara\u00e7\u00e3o ocorre ap\u00f3s especula\u00e7\u00f5es sobre a exist\u00eancia de dois palanques para Lula em Pernambuco, uma possibilidade levantada ap\u00f3s a aproxima\u00e7\u00e3o entre o presidente e a governadora Raquel Lyra (PSD).<\/p>\n\n\n\n<p class=\"wp-block-paragraph\">Durante participa\u00e7\u00e3o na 77\u00aa Reuni\u00e3o da Sociedade Brasileira para o Progresso da Ci\u00eancia (SBPC), na Universidade Federal Rural de Pernambuco, Campos destacou que a rela\u00e7\u00e3o com o presidente \u00e9&nbsp;<em>\u201charm\u00f4nica, saud\u00e1vel e de parceria\u201d,<\/em>&nbsp;e afirmou que o PSB foi o primeiro partido a defender publicamente a recondu\u00e7\u00e3o da chapa presidencial formada em 2022.<\/p>\n\n\n\n<p class=\"wp-block-paragraph\"><em>\u201cO cen\u00e1rio de 2026 que se apresenta no Brasil, e que a gente v\u00ea mundo afora, \u00e9 muito desafiador. \u00c9 momento de ter capacidade de trabalho conjunto e tranquilidade nas rela\u00e7\u00f5es constru\u00eddas\u201d<\/em>, disse.<\/p>\n\n\n\n<p class=\"wp-block-paragraph\">Campos tamb\u00e9m comentou o avan\u00e7o nas negocia\u00e7\u00f5es para forma\u00e7\u00e3o de uma federa\u00e7\u00e3o partid\u00e1ria entre o PSB e o Cidadania, em di\u00e1logo com lideran\u00e7as como Comte Bittencourt e Carlos Siqueira. Segundo ele, as conversas seguem em bom ritmo e envolvem os n\u00facleos jur\u00eddicos e pol\u00edticos das legendas.<\/p>\n\n\n\n<p class=\"wp-block-paragraph\">Na ocasi\u00e3o, o prefeito apresentou ao ministro da Educa\u00e7\u00e3o, Camilo Santana, o funcionamento do aplicativo Conecta Recife, projeto da gest\u00e3o municipal, no estande da Prefeitura dentro do pavilh\u00e3o da SBPC. A agenda tamb\u00e9m contou com a presen\u00e7a da ministra da Ci\u00eancia, Tecnologia e Inova\u00e7\u00e3o, Luciana Santos.<\/p>\n\n\n\n<p class=\"wp-block-paragraph\">carlosbritto<\/p>\n","protected":false},"excerpt":{"rendered":"<p>O prefeito do Recife e presidente nacional do PSB, Jo\u00e3o Campos, reafirmou nesta quarta-feira (16) a parceria com o presidente Luiz In\u00e1cio Lula da Silva (PT) e defendeu a manuten\u00e7\u00e3o da chapa Lula-Alckmin para a disputa presidencial de 2026. A declara\u00e7\u00e3o ocorre ap\u00f3s especula\u00e7\u00f5es sobre a exist\u00eancia de dois palanques para Lula em Pernambuco, uma [&hellip;]<\/p>\n","protected":false},"author":2,"featured_media":32347,"comment_status":"open","ping_status":"open","sticky":false,"template":"","format":"standard","meta":{"_jetpack_newsletter_access":"","_jetpack_dont_email_post_to_subs":false,"_jetpack_newsletter_tier_id":0,"_jetpack_memberships_contains_paywalled_content":false,"_jetpack_feature_clip_id":0,"_jetpack_memberships_contains_paid_content":false,"footnotes":"","jetpack_post_was_ever_published":false},"categories":[39],"tags":[],"class_list":["post-32346","post","type-post","status-publish","format-standard","has-post-thumbnail","hentry","category-politica"],"aioseo_notices":[],"aioseo_head":"\n\t\t<!-- All in One SEO 5.0.1.1 - aioseo.com -->\n\t<meta name=\"description\" content=\"O prefeito do Recife e presidente nacional do PSB, Jo\u00e3o Campos, reafirmou nesta quarta-feira (16) a parceria com o presidente Luiz In\u00e1cio Lula da Silva (PT) e defendeu a manuten\u00e7\u00e3o da chapa Lula-Alckmin para a disputa presidencial de 2026. A declara\u00e7\u00e3o ocorre ap\u00f3s especula\u00e7\u00f5es sobre a exist\u00eancia de dois palanques para Lula em Pernambuco, uma\" \/>\n\t<meta name=\"robots\" content=\"max-image-preview:large\" \/>\n\t<meta name=\"author\" content=\"andre\"\/>\n\t<link rel=\"canonical\" href=\"https:\/\/minutobahia24h.com.br\/?p=32346\" \/>\n\t<meta name=\"generator\" content=\"All in One SEO (AIOSEO) 5.0.1.1\" \/>\n\t\t<meta property=\"og:locale\" content=\"pt_BR\" \/>\n\t\t<meta property=\"og:site_name\" content=\"Minuto Bahia 24h - O seu portal de not\u00edcias\" \/>\n\t\t<meta property=\"og:type\" content=\"article\" \/>\n\t\t<meta property=\"og:title\" content=\"Jo\u00e3o Campos defende uni\u00e3o e reafirma apoio \u00e0 chapa Lula-Alckmin para 2026 - Minuto Bahia 24h\" \/>\n\t\t<meta property=\"og:description\" content=\"O prefeito do Recife e presidente nacional do PSB, Jo\u00e3o Campos, reafirmou nesta quarta-feira (16) a parceria com o presidente Luiz In\u00e1cio Lula da Silva (PT) e defendeu a manuten\u00e7\u00e3o da chapa Lula-Alckmin para a disputa presidencial de 2026. A declara\u00e7\u00e3o ocorre ap\u00f3s especula\u00e7\u00f5es sobre a exist\u00eancia de dois palanques para Lula em Pernambuco, uma\" \/>\n\t\t<meta property=\"og:url\" content=\"https:\/\/minutobahia24h.com.br\/?p=32346\" \/>\n\t\t<meta property=\"og:image\" content=\"https:\/\/minutobahia24h.com.br\/wp-content\/uploads\/2025\/07\/Sem-titulo-221.jpg\" \/>\n\t\t<meta property=\"og:image:secure_url\" content=\"https:\/\/minutobahia24h.com.br\/wp-content\/uploads\/2025\/07\/Sem-titulo-221.jpg\" \/>\n\t\t<meta property=\"og:image:width\" content=\"692\" \/>\n\t\t<meta property=\"og:image:height\" content=\"464\" \/>\n\t\t<meta property=\"article:published_time\" content=\"2025-07-17T10:51:02+00:00\" \/>\n\t\t<meta property=\"article:modified_time\" content=\"2025-07-17T10:51:04+00:00\" \/>\n\t\t<meta name=\"twitter:card\" content=\"summary_large_image\" \/>\n\t\t<meta name=\"twitter:title\" content=\"Jo\u00e3o Campos defende uni\u00e3o e reafirma apoio \u00e0 chapa Lula-Alckmin para 2026 - Minuto Bahia 24h\" \/>\n\t\t<meta name=\"twitter:description\" content=\"O prefeito do Recife e presidente nacional do PSB, Jo\u00e3o Campos, reafirmou nesta quarta-feira (16) a parceria com o presidente Luiz In\u00e1cio Lula da Silva (PT) e defendeu a manuten\u00e7\u00e3o da chapa Lula-Alckmin para a disputa presidencial de 2026. A declara\u00e7\u00e3o ocorre ap\u00f3s especula\u00e7\u00f5es sobre a exist\u00eancia de dois palanques para Lula em Pernambuco, uma\" \/>\n\t\t<meta name=\"twitter:image\" content=\"https:\/\/minutobahia24h.com.br\/wp-content\/uploads\/2025\/07\/Sem-titulo-221.jpg\" \/>\n\t\t<script type=\"application\/ld+json\" class=\"aioseo-schema\">\n\t\t\t{\"@context\":\"https:\\\/\\\/schema.org\",\"@graph\":[{\"@type\":\"BlogPosting\",\"@id\":\"https:\\\/\\\/minutobahia24h.com.br\\\/?p=32346#blogposting\",\"name\":\"Jo\\u00e3o Campos defende uni\\u00e3o e reafirma apoio \\u00e0 chapa Lula-Alckmin para 2026 - Minuto Bahia 24h\",\"headline\":\"Jo\\u00e3o Campos defende uni\\u00e3o e reafirma apoio \\u00e0 chapa Lula-Alckmin para 2026\",\"author\":{\"@id\":\"https:\\\/\\\/minutobahia24h.com.br\\\/?author=2#author\"},\"publisher\":{\"@id\":\"https:\\\/\\\/minutobahia24h.com.br\\\/#organization\"},\"image\":{\"@type\":\"ImageObject\",\"url\":\"https:\\\/\\\/i0.wp.com\\\/minutobahia24h.com.br\\\/wp-content\\\/uploads\\\/2025\\\/07\\\/Sem-titulo-221.jpg?fit=692%2C464&ssl=1\",\"width\":692,\"height\":464},\"datePublished\":\"2025-07-17T07:51:02-03:00\",\"dateModified\":\"2025-07-17T07:51:04-03:00\",\"inLanguage\":\"pt-BR\",\"mainEntityOfPage\":{\"@id\":\"https:\\\/\\\/minutobahia24h.com.br\\\/?p=32346#webpage\"},\"isPartOf\":{\"@id\":\"https:\\\/\\\/minutobahia24h.com.br\\\/?p=32346#webpage\"},\"articleSection\":\"Pol\\u00edtica\"},{\"@type\":\"BreadcrumbList\",\"@id\":\"https:\\\/\\\/minutobahia24h.com.br\\\/?p=32346#breadcrumblist\",\"itemListElement\":[{\"@type\":\"ListItem\",\"@id\":\"https:\\\/\\\/minutobahia24h.com.br#listItem\",\"position\":1,\"name\":\"In\\u00edcio\",\"item\":\"https:\\\/\\\/minutobahia24h.com.br\",\"nextItem\":{\"@type\":\"ListItem\",\"@id\":\"https:\\\/\\\/minutobahia24h.com.br\\\/?cat=39#listItem\",\"name\":\"Pol\\u00edtica\"}},{\"@type\":\"ListItem\",\"@id\":\"https:\\\/\\\/minutobahia24h.com.br\\\/?cat=39#listItem\",\"position\":2,\"name\":\"Pol\\u00edtica\",\"item\":\"https:\\\/\\\/minutobahia24h.com.br\\\/?cat=39\",\"nextItem\":{\"@type\":\"ListItem\",\"@id\":\"https:\\\/\\\/minutobahia24h.com.br\\\/?p=32346#listItem\",\"name\":\"Jo\\u00e3o Campos defende uni\\u00e3o e reafirma apoio \\u00e0 chapa Lula-Alckmin para 2026\"},\"previousItem\":{\"@type\":\"ListItem\",\"@id\":\"https:\\\/\\\/minutobahia24h.com.br#listItem\",\"name\":\"In\\u00edcio\"}},{\"@type\":\"ListItem\",\"@id\":\"https:\\\/\\\/minutobahia24h.com.br\\\/?p=32346#listItem\",\"position\":3,\"name\":\"Jo\\u00e3o Campos defende uni\\u00e3o e reafirma apoio \\u00e0 chapa Lula-Alckmin para 2026\",\"previousItem\":{\"@type\":\"ListItem\",\"@id\":\"https:\\\/\\\/minutobahia24h.com.br\\\/?cat=39#listItem\",\"name\":\"Pol\\u00edtica\"}}]},{\"@type\":\"Organization\",\"@id\":\"https:\\\/\\\/minutobahia24h.com.br\\\/#organization\",\"name\":\"Minuto Bahia 24h\",\"description\":\"O seu portal de not\\u00edcias\",\"url\":\"https:\\\/\\\/minutobahia24h.com.br\\\/\",\"logo\":{\"@type\":\"ImageObject\",\"url\":\"https:\\\/\\\/i0.wp.com\\\/minutobahia24h.com.br\\\/wp-content\\\/uploads\\\/2023\\\/09\\\/cropped-minutoba.png?fit=457%2C119&ssl=1\",\"@id\":\"https:\\\/\\\/minutobahia24h.com.br\\\/?p=32346\\\/#organizationLogo\",\"width\":457,\"height\":119},\"image\":{\"@id\":\"https:\\\/\\\/minutobahia24h.com.br\\\/?p=32346\\\/#organizationLogo\"}},{\"@type\":\"Person\",\"@id\":\"https:\\\/\\\/minutobahia24h.com.br\\\/?author=2#author\",\"url\":\"https:\\\/\\\/minutobahia24h.com.br\\\/?author=2\",\"name\":\"andre\",\"image\":{\"@type\":\"ImageObject\",\"@id\":\"https:\\\/\\\/minutobahia24h.com.br\\\/?p=32346#authorImage\",\"url\":\"https:\\\/\\\/secure.gravatar.com\\\/avatar\\\/0ec5eafed5f3925c321625d79a680d589901b94bca787ae396a35f6c4a960922?s=96&d=mm&r=g\",\"width\":96,\"height\":96,\"caption\":\"andre\"}},{\"@type\":\"WebPage\",\"@id\":\"https:\\\/\\\/minutobahia24h.com.br\\\/?p=32346#webpage\",\"url\":\"https:\\\/\\\/minutobahia24h.com.br\\\/?p=32346\",\"name\":\"Jo\\u00e3o Campos defende uni\\u00e3o e reafirma apoio \\u00e0 chapa Lula-Alckmin para 2026 - Minuto Bahia 24h\",\"description\":\"O prefeito do Recife e presidente nacional do PSB, Jo\\u00e3o Campos, reafirmou nesta quarta-feira (16) a parceria com o presidente Luiz In\\u00e1cio Lula da Silva (PT) e defendeu a manuten\\u00e7\\u00e3o da chapa Lula-Alckmin para a disputa presidencial de 2026. A declara\\u00e7\\u00e3o ocorre ap\\u00f3s especula\\u00e7\\u00f5es sobre a exist\\u00eancia de dois palanques para Lula em Pernambuco, uma\",\"inLanguage\":\"pt-BR\",\"isPartOf\":{\"@id\":\"https:\\\/\\\/minutobahia24h.com.br\\\/#website\"},\"breadcrumb\":{\"@id\":\"https:\\\/\\\/minutobahia24h.com.br\\\/?p=32346#breadcrumblist\"},\"author\":{\"@id\":\"https:\\\/\\\/minutobahia24h.com.br\\\/?author=2#author\"},\"creator\":{\"@id\":\"https:\\\/\\\/minutobahia24h.com.br\\\/?author=2#author\"},\"image\":{\"@type\":\"ImageObject\",\"url\":\"https:\\\/\\\/i0.wp.com\\\/minutobahia24h.com.br\\\/wp-content\\\/uploads\\\/2025\\\/07\\\/Sem-titulo-221.jpg?fit=692%2C464&ssl=1\",\"@id\":\"https:\\\/\\\/minutobahia24h.com.br\\\/?p=32346\\\/#mainImage\",\"width\":692,\"height\":464},\"primaryImageOfPage\":{\"@id\":\"https:\\\/\\\/minutobahia24h.com.br\\\/?p=32346#mainImage\"},\"datePublished\":\"2025-07-17T07:51:02-03:00\",\"dateModified\":\"2025-07-17T07:51:04-03:00\"},{\"@type\":\"WebSite\",\"@id\":\"https:\\\/\\\/minutobahia24h.com.br\\\/#website\",\"url\":\"https:\\\/\\\/minutobahia24h.com.br\\\/\",\"name\":\"Minuto Bahia 24h\",\"description\":\"O seu portal de not\\u00edcias\",\"inLanguage\":\"pt-BR\",\"publisher\":{\"@id\":\"https:\\\/\\\/minutobahia24h.com.br\\\/#organization\"}}]}\n\t\t<\/script>\n\t\t<!-- All in One SEO -->\n\n","aioseo_head_json":{"title":"Jo\u00e3o Campos defende uni\u00e3o e reafirma apoio \u00e0 chapa Lula-Alckmin para 2026 - Minuto Bahia 24h","description":"O prefeito do Recife e presidente nacional do PSB, Jo\u00e3o Campos, reafirmou nesta quarta-feira (16) a parceria com o presidente Luiz In\u00e1cio Lula da Silva (PT) e defendeu a manuten\u00e7\u00e3o da chapa Lula-Alckmin para a disputa presidencial de 2026. A declara\u00e7\u00e3o ocorre ap\u00f3s especula\u00e7\u00f5es sobre a exist\u00eancia de dois palanques para Lula em Pernambuco, uma","canonical_url":"https:\/\/minutobahia24h.com.br\/?p=32346","robots":"max-image-preview:large","keywords":"","webmasterTools":{"miscellaneous":""},"schema":{"@context":"https:\/\/schema.org","@graph":[{"@type":"BlogPosting","@id":"https:\/\/minutobahia24h.com.br\/?p=32346#blogposting","name":"Jo\u00e3o Campos defende uni\u00e3o e reafirma apoio \u00e0 chapa Lula-Alckmin para 2026 - Minuto Bahia 24h","headline":"Jo\u00e3o Campos defende uni\u00e3o e reafirma apoio \u00e0 chapa Lula-Alckmin para 2026","author":{"@id":"https:\/\/minutobahia24h.com.br\/?author=2#author"},"publisher":{"@id":"https:\/\/minutobahia24h.com.br\/#organization"},"image":{"@type":"ImageObject","url":"https:\/\/i0.wp.com\/minutobahia24h.com.br\/wp-content\/uploads\/2025\/07\/Sem-titulo-221.jpg?fit=692%2C464&ssl=1","width":692,"height":464},"datePublished":"2025-07-17T07:51:02-03:00","dateModified":"2025-07-17T07:51:04-03:00","inLanguage":"pt-BR","mainEntityOfPage":{"@id":"https:\/\/minutobahia24h.com.br\/?p=32346#webpage"},"isPartOf":{"@id":"https:\/\/minutobahia24h.com.br\/?p=32346#webpage"},"articleSection":"Pol\u00edtica"},{"@type":"BreadcrumbList","@id":"https:\/\/minutobahia24h.com.br\/?p=32346#breadcrumblist","itemListElement":[{"@type":"ListItem","@id":"https:\/\/minutobahia24h.com.br#listItem","position":1,"name":"In\u00edcio","item":"https:\/\/minutobahia24h.com.br","nextItem":{"@type":"ListItem","@id":"https:\/\/minutobahia24h.com.br\/?cat=39#listItem","name":"Pol\u00edtica"}},{"@type":"ListItem","@id":"https:\/\/minutobahia24h.com.br\/?cat=39#listItem","position":2,"name":"Pol\u00edtica","item":"https:\/\/minutobahia24h.com.br\/?cat=39","nextItem":{"@type":"ListItem","@id":"https:\/\/minutobahia24h.com.br\/?p=32346#listItem","name":"Jo\u00e3o Campos defende uni\u00e3o e reafirma apoio \u00e0 chapa Lula-Alckmin para 2026"},"previousItem":{"@type":"ListItem","@id":"https:\/\/minutobahia24h.com.br#listItem","name":"In\u00edcio"}},{"@type":"ListItem","@id":"https:\/\/minutobahia24h.com.br\/?p=32346#listItem","position":3,"name":"Jo\u00e3o Campos defende uni\u00e3o e reafirma apoio \u00e0 chapa Lula-Alckmin para 2026","previousItem":{"@type":"ListItem","@id":"https:\/\/minutobahia24h.com.br\/?cat=39#listItem","name":"Pol\u00edtica"}}]},{"@type":"Organization","@id":"https:\/\/minutobahia24h.com.br\/#organization","name":"Minuto Bahia 24h","description":"O seu portal de not\u00edcias","url":"https:\/\/minutobahia24h.com.br\/","logo":{"@type":"ImageObject","url":"https:\/\/i0.wp.com\/minutobahia24h.com.br\/wp-content\/uploads\/2023\/09\/cropped-minutoba.png?fit=457%2C119&ssl=1","@id":"https:\/\/minutobahia24h.com.br\/?p=32346\/#organizationLogo","width":457,"height":119},"image":{"@id":"https:\/\/minutobahia24h.com.br\/?p=32346\/#organizationLogo"}},{"@type":"Person","@id":"https:\/\/minutobahia24h.com.br\/?author=2#author","url":"https:\/\/minutobahia24h.com.br\/?author=2","name":"andre","image":{"@type":"ImageObject","@id":"https:\/\/minutobahia24h.com.br\/?p=32346#authorImage","url":"https:\/\/secure.gravatar.com\/avatar\/0ec5eafed5f3925c321625d79a680d589901b94bca787ae396a35f6c4a960922?s=96&d=mm&r=g","width":96,"height":96,"caption":"andre"}},{"@type":"WebPage","@id":"https:\/\/minutobahia24h.com.br\/?p=32346#webpage","url":"https:\/\/minutobahia24h.com.br\/?p=32346","name":"Jo\u00e3o Campos defende uni\u00e3o e reafirma apoio \u00e0 chapa Lula-Alckmin para 2026 - Minuto Bahia 24h","description":"O prefeito do Recife e presidente nacional do PSB, Jo\u00e3o Campos, reafirmou nesta quarta-feira (16) a parceria com o presidente Luiz In\u00e1cio Lula da Silva (PT) e defendeu a manuten\u00e7\u00e3o da chapa Lula-Alckmin para a disputa presidencial de 2026. A declara\u00e7\u00e3o ocorre ap\u00f3s especula\u00e7\u00f5es sobre a exist\u00eancia de dois palanques para Lula em Pernambuco, uma","inLanguage":"pt-BR","isPartOf":{"@id":"https:\/\/minutobahia24h.com.br\/#website"},"breadcrumb":{"@id":"https:\/\/minutobahia24h.com.br\/?p=32346#breadcrumblist"},"author":{"@id":"https:\/\/minutobahia24h.com.br\/?author=2#author"},"creator":{"@id":"https:\/\/minutobahia24h.com.br\/?author=2#author"},"image":{"@type":"ImageObject","url":"https:\/\/i0.wp.com\/minutobahia24h.com.br\/wp-content\/uploads\/2025\/07\/Sem-titulo-221.jpg?fit=692%2C464&ssl=1","@id":"https:\/\/minutobahia24h.com.br\/?p=32346\/#mainImage","width":692,"height":464},"primaryImageOfPage":{"@id":"https:\/\/minutobahia24h.com.br\/?p=32346#mainImage"},"datePublished":"2025-07-17T07:51:02-03:00","dateModified":"2025-07-17T07:51:04-03:00"},{"@type":"WebSite","@id":"https:\/\/minutobahia24h.com.br\/#website","url":"https:\/\/minutobahia24h.com.br\/","name":"Minuto Bahia 24h","description":"O seu portal de not\u00edcias","inLanguage":"pt-BR","publisher":{"@id":"https:\/\/minutobahia24h.com.br\/#organization"}}]},"og:locale":"pt_BR","og:site_name":"Minuto Bahia 24h - O seu portal de not\u00edcias","og:type":"article","og:title":"Jo\u00e3o Campos defende uni\u00e3o e reafirma apoio \u00e0 chapa Lula-Alckmin para 2026 - Minuto Bahia 24h","og:description":"O prefeito do Recife e presidente nacional do PSB, Jo\u00e3o Campos, reafirmou nesta quarta-feira (16) a parceria com o presidente Luiz In\u00e1cio Lula da Silva (PT) e defendeu a manuten\u00e7\u00e3o da chapa Lula-Alckmin para a disputa presidencial de 2026. A declara\u00e7\u00e3o ocorre ap\u00f3s especula\u00e7\u00f5es sobre a exist\u00eancia de dois palanques para Lula em Pernambuco, uma","og:url":"https:\/\/minutobahia24h.com.br\/?p=32346","og:image":"https:\/\/minutobahia24h.com.br\/wp-content\/uploads\/2025\/07\/Sem-titulo-221.jpg","og:image:secure_url":"https:\/\/minutobahia24h.com.br\/wp-content\/uploads\/2025\/07\/Sem-titulo-221.jpg","og:image:width":692,"og:image:height":464,"article:published_time":"2025-07-17T10:51:02+00:00","article:modified_time":"2025-07-17T10:51:04+00:00","twitter:card":"summary_large_image","twitter:title":"Jo\u00e3o Campos defende uni\u00e3o e reafirma apoio \u00e0 chapa Lula-Alckmin para 2026 - Minuto Bahia 24h","twitter:description":"O prefeito do Recife e presidente nacional do PSB, Jo\u00e3o Campos, reafirmou nesta quarta-feira (16) a parceria com o presidente Luiz In\u00e1cio Lula da Silva (PT) e defendeu a manuten\u00e7\u00e3o da chapa Lula-Alckmin para a disputa presidencial de 2026. A declara\u00e7\u00e3o ocorre ap\u00f3s especula\u00e7\u00f5es sobre a exist\u00eancia de dois palanques para Lula em Pernambuco, uma","twitter:image":"https:\/\/minutobahia24h.com.br\/wp-content\/uploads\/2025\/07\/Sem-titulo-221.jpg"},"aioseo_meta_data":{"post_id":"32346","title":null,"description":null,"keywords":null,"keyphrases":{"focus":{"keyphrase":"","score":0,"analysis":{"keyphraseInTitle":{"score":0,"maxScore":9,"error":1}}},"additional":[]},"primary_term":null,"canonical_url":null,"og_title":null,"og_description":null,"og_object_type":"default","og_image_type":"default","og_image_url":null,"og_image_width":null,"og_image_height":null,"og_image_custom_url":null,"og_image_custom_fields":null,"og_video":"","og_custom_url":null,"og_article_section":null,"og_article_tags":null,"twitter_use_og":true,"twitter_card":"default","twitter_image_type":"default","twitter_image_url":null,"twitter_image_custom_url":null,"twitter_image_custom_fields":null,"twitter_title":null,"twitter_description":null,"schema":{"blockGraphs":[],"customGraphs":[],"default":{"data":{"Article":[],"Course":[],"Dataset":[],"FAQPage":[],"Movie":[],"Person":[],"Product":[],"ProductReview":[],"Car":[],"Recipe":[],"Service":[],"SoftwareApplication":[],"WebPage":[]},"graphName":"BlogPosting","isEnabled":true},"graphs":[]},"schema_type":"default","schema_type_options":null,"pillar_content":false,"robots_default":true,"robots_noindex":false,"robots_noarchive":false,"robots_nosnippet":false,"robots_nofollow":false,"robots_noimageindex":false,"robots_noodp":false,"robots_notranslate":false,"robots_max_snippet":"-1","robots_max_videopreview":"-1","robots_max_imagepreview":"large","priority":null,"frequency":"default","local_seo":null,"breadcrumb_settings":null,"limit_modified_date":false,"ai":{"faqs":[],"keyPoints":[],"titles":[],"descriptions":[],"socialPosts":{"email":[],"linkedin":[],"twitter":[],"facebook":[],"instagram":[]}},"created":"2025-07-17 10:51:04","updated":"2025-07-17 11:01:33","seo_analyzer_scan_date":null,"focus_keyword":null,"additional_keywords":null,"truseo_locale":null},"aioseo_breadcrumb":"<div class=\"aioseo-breadcrumbs\"><span class=\"aioseo-breadcrumb\">\n\t\t\t<a href=\"https:\/\/minutobahia24h.com.br\" title=\"In\u00edcio\">In\u00edcio<\/a>\n\t\t<\/span><span class=\"aioseo-breadcrumb-separator\">&raquo;<\/span><span class=\"aioseo-breadcrumb\">\n\t\t\t<a href=\"https:\/\/minutobahia24h.com.br\/?cat=39\" title=\"Pol\u00edtica\">Pol\u00edtica<\/a>\n\t\t<\/span><span class=\"aioseo-breadcrumb-separator\">&raquo;<\/span><span class=\"aioseo-breadcrumb\">\n\t\t\tJo\u00e3o Campos defende uni\u00e3o e reafirma apoio \u00e0 chapa Lula-Alckmin para 2026\n\t\t<\/span><\/div>","aioseo_breadcrumb_json":[{"label":"In\u00edcio","link":"https:\/\/minutobahia24h.com.br"},{"label":"Pol\u00edtica","link":"https:\/\/minutobahia24h.com.br\/?cat=39"},{"label":"Jo\u00e3o Campos defende uni\u00e3o e reafirma apoio \u00e0 chapa Lula-Alckmin para 2026","link":"https:\/\/minutobahia24h.com.br\/?p=32346"}],"jetpack_sharing_enabled":true,"jetpack_featured_media_url":"https:\/\/i0.wp.com\/minutobahia24h.com.br\/wp-content\/uploads\/2025\/07\/Sem-titulo-221.jpg?fit=692%2C464&ssl=1","_links":{"self":[{"href":"https:\/\/minutobahia24h.com.br\/index.php?rest_route=\/wp\/v2\/posts\/32346","targetHints":{"allow":["GET"]}}],"collection":[{"href":"https:\/\/minutobahia24h.com.br\/index.php?rest_route=\/wp\/v2\/posts"}],"about":[{"href":"https:\/\/minutobahia24h.com.br\/index.php?rest_route=\/wp\/v2\/types\/post"}],"author":[{"embeddable":true,"href":"https:\/\/minutobahia24h.com.br\/index.php?rest_route=\/wp\/v2\/users\/2"}],"replies":[{"embeddable":true,"href":"https:\/\/minutobahia24h.com.br\/index.php?rest_route=%2Fwp%2Fv2%2Fcomments&post=32346"}],"version-history":[{"count":1,"href":"https:\/\/minutobahia24h.com.br\/index.php?rest_route=\/wp\/v2\/posts\/32346\/revisions"}],"predecessor-version":[{"id":32348,"href":"https:\/\/minutobahia24h.com.br\/index.php?rest_route=\/wp\/v2\/posts\/32346\/revisions\/32348"}],"wp:featuredmedia":[{"embeddable":true,"href":"https:\/\/minutobahia24h.com.br\/index.php?rest_route=\/wp\/v2\/media\/32347"}],"wp:attachment":[{"href":"https:\/\/minutobahia24h.com.br\/index.php?rest_route=%2Fwp%2Fv2%2Fmedia&parent=32346"}],"wp:term":[{"taxonomy":"category","embeddable":true,"href":"https:\/\/minutobahia24h.com.br\/index.php?rest_route=%2Fwp%2Fv2%2Fcategories&post=32346"},{"taxonomy":"post_tag","embeddable":true,"href":"https:\/\/minutobahia24h.com.br\/index.php?rest_route=%2Fwp%2Fv2%2Ftags&post=32346"}],"curies":[{"name":"wp","href":"https:\/\/api.w.org\/{rel}","templated":true}]}}