{"id":32268,"date":"2025-07-16T09:09:32","date_gmt":"2025-07-16T12:09:32","guid":{"rendered":"https:\/\/minutobahia24h.com.br\/?p=32268"},"modified":"2025-07-16T09:09:33","modified_gmt":"2025-07-16T12:09:33","slug":"quaest-72-acham-que-trump-esta-errado-e-79-afirmam-que-tarifaco-vai-prejudicar-suas-vidas","status":"publish","type":"post","link":"https:\/\/minutobahia24h.com.br\/?p=32268","title":{"rendered":"Quaest: 72% acham que Trump est\u00e1 errado, e 79% afirmam que tarifa\u00e7o vai prejudicar suas vidas"},"content":{"rendered":"\n<p>Pesquisa Quaest divulgada nesta quarta-feira (16) mostra que 72% dos brasileiros consideram que o presidente dos EUA,&nbsp;<a class=\"\" href=\"https:\/\/g1.globo.com\/tudo-sobre\/donald-trump\/\">Donald Trump<\/a>, est\u00e1 errado ao impor o tarifa\u00e7o ao Brasil por acreditar que h\u00e1 uma persegui\u00e7\u00e3o pol\u00edtica a Bolsonaro.<\/p>\n\n\n\n<p><strong>Veja os n\u00fameros:<\/strong><\/p>\n\n\n\n<ul class=\"wp-block-list\">\n<li>Trump est\u00e1 certo:\u00a0<strong>19%<\/strong><\/li>\n\n\n\n<li>Trump est\u00e1 errado:\u00a0<strong>72%<\/strong><\/li>\n\n\n\n<li>N\u00e3o sabe\/n\u00e3o respondeu:\u00a0<strong>9%<\/strong><\/li>\n<\/ul>\n\n\n\n<p>Ainda de acordo com o levantamento, 79% dos entrevistados afirmam que a taxa de 50% anunciada pelo americano aos produtos brasileiros vai prejudicar suas vidas ou de suas fam\u00edlias.&nbsp;<strong>Veja os n\u00fameros abaixo:<\/strong><\/p>\n\n\n<div class=\"wp-block-image\">\n<figure class=\"aligncenter size-full\"><img data-recalc-dims=\"1\" fetchpriority=\"high\" decoding=\"async\" width=\"800\" height=\"533\" src=\"https:\/\/i0.wp.com\/minutobahia24h.com.br\/wp-content\/uploads\/2025\/07\/Sem-titulo-199.jpg?resize=800%2C533&#038;ssl=1\" alt=\"\" class=\"wp-image-32269\" srcset=\"https:\/\/i0.wp.com\/minutobahia24h.com.br\/wp-content\/uploads\/2025\/07\/Sem-titulo-199.jpg?w=984&amp;ssl=1 984w, https:\/\/i0.wp.com\/minutobahia24h.com.br\/wp-content\/uploads\/2025\/07\/Sem-titulo-199.jpg?resize=300%2C200&amp;ssl=1 300w, https:\/\/i0.wp.com\/minutobahia24h.com.br\/wp-content\/uploads\/2025\/07\/Sem-titulo-199.jpg?resize=768%2C512&amp;ssl=1 768w, https:\/\/i0.wp.com\/minutobahia24h.com.br\/wp-content\/uploads\/2025\/07\/Sem-titulo-199.jpg?resize=750%2C500&amp;ssl=1 750w\" sizes=\"(max-width: 800px) 100vw, 800px\" \/><figcaption class=\"wp-element-caption\">Presidente do Brasil, Luiz In\u00e1cio Lula da Silva, e presidente dos EUA, Donald Trump. \u2014 Foto: AFP\/Reuters<br><br><\/figcaption><\/figure>\n<\/div>\n\n\n<ul class=\"wp-block-list\">\n<li>Sim:<strong>\u00a079%<\/strong><\/li>\n\n\n\n<li>N\u00e3o:\u00a0<strong>17%<\/strong><\/li>\n\n\n\n<li>N\u00e3o sabe\/n\u00e3o respondeu:\u00a0<strong>4%<\/strong><\/li>\n<\/ul>\n\n\n\n<p>A pesquisa Quaest foi encomendada pela Genial Investimentos e realizada entre os dias 10 a 14 de julho. A pesquisa ouviu 2.004 pessoas com 16 anos ou mais, em 120 munic\u00edpios do pa\u00eds. A margem de erro \u00e9 de 2 pontos percentuais, para mais ou para menos e o n\u00edvel de confian\u00e7a \u00e9 de 95%.<\/p>\n\n\n\n<blockquote class=\"wp-block-quote is-layout-flow wp-block-quote-is-layout-flow\">\n<p>Segundo o diretor da Quaest, Felipe Nunes, o confronto com Trump ajudou governo Lula a recuperar popularidade. A recupera\u00e7\u00e3o do governo aconteceu entre quem \u00e9 de classe m\u00e9dia, que tem alta escolaridade, no Sudeste. S\u00e3o os segmentos mais informados da popula\u00e7\u00e3o, que se percebem mais prejudicados pelas tarifas de Trump, e que consideram que Lula est\u00e1 agindo de forma correta at\u00e9 aqui, por isso passam a apoiar o governo&#8221;, disse.<\/p>\n<\/blockquote>\n\n\n\n<p>&#8220;Governo saiu de coadjuvante para protagonista na pauta p\u00fablica nacional. Depois de conseguir pautar uma parte da sociedade, a ala mais petista, na taxa\u00e7\u00e3o dos super-ricos. Agora, conseguiu pautar os setores m\u00e9dios, menos ideol\u00f3gicos e mais informados, com uma agenda que unificou a esquerda e dividiu a direita&#8221;, afirmou Nunes.<\/p>\n\n\n\n<p>O levantamento mostra que a desaprova\u00e7\u00e3o oscilou 4 pontos para baixo, e est\u00e1 em 53%. J\u00e1 a aprova\u00e7\u00e3o, oscilou para cima e \u00e9 de 43%. No levantamento anterior, a desaprova\u00e7\u00e3o chegou ao recorde de 57%, enquanto a aprova\u00e7\u00e3o foi de 40%, a menor do mandato.<\/p>\n\n\n\n<p>Os n\u00fameros mostram ainda que a avalia\u00e7\u00e3o do governo melhorou entre os entrevistados do Sudeste, os que t\u00eam ensino superior completo e entre os que ganham entre 2 e 5 sal\u00e1rios m\u00ednimos.<\/p>\n\n\n\n<p>A pesquisa tamb\u00e9m aponta que 53% dos brasileiros dizem que n\u00e3o est\u00e1 certo discurso que coloca ricos contra pobres.<\/p>\n\n\n\n<h2 class=\"wp-block-heading\">A pesquisa sobre a tarifa de Trump mostra que:<\/h2>\n\n\n\n<ul class=\"wp-block-list\">\n<li>72% dizem que Trump est\u00e1 errado ao impor tarifas por acreditar que h\u00e1 persegui\u00e7\u00e3o a Bolsonaro;<\/li>\n\n\n\n<li>79% afirmam que as altas tarifas aos produtos brasileiros v\u00e3o prejudicar sua vida ou a da fam\u00edlia;<\/li>\n\n\n\n<li>55% acham que Lula provocou Trump ao critic\u00e1-lo no Brics;<\/li>\n\n\n\n<li>63% acha incorreta a afirma\u00e7\u00e3o de Trump de que a rela\u00e7\u00e3o comercial entre os dois pa\u00edses \u00e9 injusta;<\/li>\n\n\n\n<li>53% acham que Lula est\u00e1 certo ao reagir com reciprocidade \u00e0s tarifas de Trump;<\/li>\n\n\n\n<li>84% dizem que governo e oposi\u00e7\u00e3o deveriam se unir em defesa do pa\u00eds.<\/li>\n<\/ul>\n\n\n\n<h2 class=\"wp-block-heading\">Cr\u00edtica a Trump<\/h2>\n\n\n\n<p>Para 55% dos entrevistados, Lula provocou Trump ao critic\u00e1-lo durante o encontro do Brics, grupo formado por cinco grandes economias emergentes (Brasil, R\u00fassia, \u00cdndia, China e \u00c1frica do Sul). Outros 31% consideram que n\u00e3o houve provoca\u00e7\u00e3o, enquanto 14% n\u00e3o souberam ou n\u00e3o responderam.&nbsp;<\/p>\n\n\n\n<h2 class=\"wp-block-heading\">Rea\u00e7\u00e3o de Lula<\/h2>\n\n\n\n<p>Ainda de acordo com a pesquisa Quaest, outros 53% dos entrevistados disseram que Lula est\u00e1 certo ao reagir com reciprocidade \u00e0s tarifas de Trump.<\/p>\n\n\n\n<h2 class=\"wp-block-heading\">A pesquisa Quaest desta quarta tamb\u00e9m mostrou que:<\/h2>\n\n\n\n<ul class=\"wp-block-list\">\n<li>confronto com Trump ajudou governo Lula a recuperar popularidade;<\/li>\n\n\n\n<li>aprova\u00e7\u00e3o do presidente saiu de 40% para 43%, e desaprova\u00e7\u00e3o foi de 57% para 53%;<\/li>\n\n\n\n<li>a melhora na popularidade aconteceu fora da base de apoio tradicional de Lula;<\/li>\n\n\n\n<li>72% acham que Trump est\u00e1 errado e 79% afirmam que tarifa\u00e7o vai prejudicar sua vida;<\/li>\n\n\n\n<li>53% dizem que Lula est\u00e1 certo ao reagir com reciprocidade \u00e0s tarifas de Trump;<\/li>\n\n\n\n<li>46% consideram que economia piorou, e 21% dizem que melhorou;<\/li>\n\n\n\n<li>para 53%, n\u00e3o est\u00e1 certo discurso que coloca ricos contra pobres.<\/li>\n<\/ul>\n\n\n\n<h2 class=\"wp-block-heading\">Not\u00edcia sobre o tarifa\u00e7o<\/h2>\n\n\n\n<p>Segundo a pesquisa Quaest, a maioria dos entrevistados sabia da carta enviada por Donald Trump a Lula anunciando a tarifa de 50% sobre produtos brasileiros. Segundo o levantamento, 66% sabiam da not\u00edcia. Outros 33% afirmaram que n\u00e3o sabiam e que ficaram sabendo durante a entrevista.<\/p>\n\n\n\n<h2 class=\"wp-block-heading\">Rela\u00e7\u00e3o Brasil-EUA<\/h2>\n\n\n\n<p>A declara\u00e7\u00e3o de Trump de que a rela\u00e7\u00e3o comercial entre Brasil e&nbsp;<a class=\"\" href=\"https:\/\/g1.globo.com\/tudo-sobre\/estados-unidos\/\">Estados Unidos<\/a>&nbsp;\u00e9 injusta foi vista como incorreta por 63% dos brasileiros. Apenas 25% disseram que a afirma\u00e7\u00e3o est\u00e1 correta, enquanto 12% n\u00e3o souberam ou n\u00e3o quiseram responder.<\/p>\n\n\n\n<h2 class=\"wp-block-heading\">Direito de Trump criticar processo contra Bolsonaro<\/h2>\n\n\n\n<p>Ainda de acordo com o levantamento, 57% dos entrevistados consideram que Trump n\u00e3o tem direito de criticar o processo em que Bolsonaro \u00e9 r\u00e9u. Outros 36% disseram que ele tem esse direito, 7% n\u00e3o souberam ou n\u00e3o responderam.<\/p>\n\n\n\n<h2 class=\"wp-block-heading\">Motivo do tarifa\u00e7o, segundo os brasileiros<\/h2>\n\n\n\n<p>Para 26% dos entrevistados pela pesquisa Quaest, as falas de Lula contra Bolsonaro durante os BRICS provocaram o an\u00fancio do tarifa\u00e7o. Outros 22% apontaram a\u00e7\u00f5es do STF contra Bolsonaro, 17% disseram que foi a influ\u00eancia de Eduardo Bolsonaro nos Estados Unidos que provocou Trump, e 10% citaram as a\u00e7\u00f5es do STF contra big techs americanas. N\u00e3o souberam ou n\u00e3o responderam s\u00e3o 25%.<\/p>\n\n\n\n<h2 class=\"wp-block-heading\">Qual lado est\u00e1 fazendo certo?<\/h2>\n\n\n\n<p>A pesquisa Quaest tamb\u00e9m quis saber dos entrevistados qual lado est\u00e1 fazendo o que \u00e9 mais certo nesse embate de Trump com o Brasil. Para 44% dos entrevistados, Lula e o PT est\u00e3o fazendo o que \u00e9 mais certo. Outros 29%, que s\u00e3o Bolsonaro e seus aliados. Para 15%, nenhum dos dois lados est\u00e1. N\u00e3o souberam ou n\u00e3o responderam s\u00e3o 12%.<\/p>\n\n\n\n<h2 class=\"wp-block-heading\">Expectativa sobre recuo de Trump<\/h2>\n\n\n\n<p>A maioria dos brasileiros acredita que Trump vai manter a decis\u00e3o de impor tarifas. Essa \u00e9 a opini\u00e3o de 59% dos entrevistados. Para 31%, ele deve voltar atr\u00e1s, e 10% n\u00e3o souberam ou n\u00e3o quiseram responder.<\/p>\n\n\n\n<h2 class=\"wp-block-heading\">Influ\u00eancia no voto<\/h2>\n\n\n\n<p>A carta de Trump anunciando a taxa sobre o Brasil n\u00e3o vai influenciar no voto em 2026 de 53% dos entrevistados. Outros 19% responderam \u00e0 pesquisa afirmando que a carta faz querer votar mais em Bolsonaro ou no candidato apoiado por ele. Os que disseram que a carta faz querer votar mais em Lula tamb\u00e9m s\u00e3o 19%. N\u00e3o souberam ou n\u00e3o responderam s\u00e3o 9%.<\/p>\n\n\n\n<p>Jair Bolsonaro (PL) est\u00e1 ineleg\u00edvel pela Justi\u00e7a Eleitoral at\u00e9 2030 e n\u00e3o pode se candidatar na pr\u00f3xima disputa presidencial.<\/p>\n\n\n\n<h2 class=\"wp-block-heading\">Uni\u00e3o entre governo e oposi\u00e7\u00e3o<\/h2>\n\n\n\n<p>A ideia de que governo e oposi\u00e7\u00e3o deveriam se unir para defender o pa\u00eds diante do tarifa\u00e7o \u00e9 amplamente aceita. Segundo a pesquisa, 84% dos brasileiros concordam com essa proposta. Outros 9% acham que n\u00e3o deve haver uni\u00e3o, 2% se disseram indiferentes e 5% n\u00e3o souberam ou n\u00e3o responderam.<\/p>\n\n\n\n<p><\/p>\n","protected":false},"excerpt":{"rendered":"<p>Pesquisa Quaest divulgada nesta quarta-feira (16) mostra que 72% dos brasileiros consideram que o presidente dos EUA,&nbsp;Donald Trump, est\u00e1 errado ao impor o tarifa\u00e7o ao Brasil por acreditar que h\u00e1 uma persegui\u00e7\u00e3o pol\u00edtica a Bolsonaro. Veja os n\u00fameros: Ainda de acordo com o levantamento, 79% dos entrevistados afirmam que a taxa de 50% anunciada pelo [&hellip;]<\/p>\n","protected":false},"author":2,"featured_media":32269,"comment_status":"open","ping_status":"open","sticky":false,"template":"","format":"standard","meta":{"_jetpack_memberships_contains_paid_content":false,"footnotes":""},"categories":[39],"tags":[],"class_list":["post-32268","post","type-post","status-publish","format-standard","has-post-thumbnail","hentry","category-politica"],"aioseo_notices":[],"jetpack_featured_media_url":"https:\/\/i0.wp.com\/minutobahia24h.com.br\/wp-content\/uploads\/2025\/07\/Sem-titulo-199.jpg?fit=984%2C656&ssl=1","jetpack_sharing_enabled":true,"_links":{"self":[{"href":"https:\/\/minutobahia24h.com.br\/index.php?rest_route=\/wp\/v2\/posts\/32268","targetHints":{"allow":["GET"]}}],"collection":[{"href":"https:\/\/minutobahia24h.com.br\/index.php?rest_route=\/wp\/v2\/posts"}],"about":[{"href":"https:\/\/minutobahia24h.com.br\/index.php?rest_route=\/wp\/v2\/types\/post"}],"author":[{"embeddable":true,"href":"https:\/\/minutobahia24h.com.br\/index.php?rest_route=\/wp\/v2\/users\/2"}],"replies":[{"embeddable":true,"href":"https:\/\/minutobahia24h.com.br\/index.php?rest_route=%2Fwp%2Fv2%2Fcomments&post=32268"}],"version-history":[{"count":1,"href":"https:\/\/minutobahia24h.com.br\/index.php?rest_route=\/wp\/v2\/posts\/32268\/revisions"}],"predecessor-version":[{"id":32270,"href":"https:\/\/minutobahia24h.com.br\/index.php?rest_route=\/wp\/v2\/posts\/32268\/revisions\/32270"}],"wp:featuredmedia":[{"embeddable":true,"href":"https:\/\/minutobahia24h.com.br\/index.php?rest_route=\/wp\/v2\/media\/32269"}],"wp:attachment":[{"href":"https:\/\/minutobahia24h.com.br\/index.php?rest_route=%2Fwp%2Fv2%2Fmedia&parent=32268"}],"wp:term":[{"taxonomy":"category","embeddable":true,"href":"https:\/\/minutobahia24h.com.br\/index.php?rest_route=%2Fwp%2Fv2%2Fcategories&post=32268"},{"taxonomy":"post_tag","embeddable":true,"href":"https:\/\/minutobahia24h.com.br\/index.php?rest_route=%2Fwp%2Fv2%2Ftags&post=32268"}],"curies":[{"name":"wp","href":"https:\/\/api.w.org\/{rel}","templated":true}]}}