{"id":32103,"date":"2025-07-11T09:47:41","date_gmt":"2025-07-11T12:47:41","guid":{"rendered":"https:\/\/minutobahia24h.com.br\/?p=32103"},"modified":"2025-07-11T09:47:43","modified_gmt":"2025-07-11T12:47:43","slug":"mp-ba-aciona-prefeitura-de-itiuba-e-pede-r-200-mil-de-indenizacao-apos-morte-de-recem-nascido-em-hospital","status":"publish","type":"post","link":"https:\/\/minutobahia24h.com.br\/?p=32103","title":{"rendered":"MP-BA aciona prefeitura de Iti\u00faba e pede R$ 200 mil de indeniza\u00e7\u00e3o ap\u00f3s morte de rec\u00e9m-nascido em hospital"},"content":{"rendered":"<div class=\"wp-block-image\">\n<figure class=\"aligncenter size-full\"><img data-recalc-dims=\"1\" fetchpriority=\"high\" decoding=\"async\" width=\"800\" height=\"480\" src=\"https:\/\/i0.wp.com\/minutobahia24h.com.br\/wp-content\/uploads\/2025\/07\/Sem-titulo-151.jpg?resize=800%2C480&#038;ssl=1\" alt=\"\" class=\"wp-image-32104\" srcset=\"https:\/\/i0.wp.com\/minutobahia24h.com.br\/wp-content\/uploads\/2025\/07\/Sem-titulo-151.jpg?w=984&amp;ssl=1 984w, https:\/\/i0.wp.com\/minutobahia24h.com.br\/wp-content\/uploads\/2025\/07\/Sem-titulo-151.jpg?resize=300%2C180&amp;ssl=1 300w, https:\/\/i0.wp.com\/minutobahia24h.com.br\/wp-content\/uploads\/2025\/07\/Sem-titulo-151.jpg?resize=768%2C460&amp;ssl=1 768w, https:\/\/i0.wp.com\/minutobahia24h.com.br\/wp-content\/uploads\/2025\/07\/Sem-titulo-151.jpg?resize=750%2C450&amp;ssl=1 750w\" sizes=\"(max-width: 800px) 100vw, 800px\" \/><figcaption class=\"wp-element-caption\"><sub>Hospital Municipal de Iti\u00faba \u2014 Foto: Reprodu\u00e7\u00e3o\/Street View<\/sub><br><\/figcaption><\/figure>\n<\/div>\n\n\n<p class=\"has-text-align-justify\">O Minist\u00e9rio P\u00fablico da Bahia (MP-BA) ajuizou uma A\u00e7\u00e3o Civil P\u00fablica (ACP) contra a Prefeitura de Iti\u00faba, no norte da Bahia, ap\u00f3s a morte de um rec\u00e9m-nascido no hospital municipal. O \u00f3rg\u00e3o pede uma indeniza\u00e7\u00e3o de R$ 200 mil para a fam\u00edlia da crian\u00e7a. Segundo informa\u00e7\u00f5es divulgadas pelo MP-BA nesta quinta-feira (10), a medida foi tomada na \u00faltima ter\u00e7a (8), quase um ano ap\u00f3s o ocorrido.<\/p>\n\n\n\n<p>Em nota, o \u00f3rg\u00e3o pontua que o beb\u00ea foi internado na unidade no dia 31 de julho de 2024, com um quadro grave de icter\u00edcia e suspeita de infec\u00e7\u00e3o, mas o hospital n\u00e3o tinha aparelho de fototerapia \u2014 equipamento necess\u00e1rio para o tratamento.<\/p>\n\n\n\n<p>Ainda conforme as investiga\u00e7\u00f5es, a unidade de sa\u00fade tamb\u00e9m n\u00e3o tinha m\u00e9dicos suficientes e houve falhas no atendimento durante a troca de plant\u00e3o. A crian\u00e7a, que n\u00e3o teve a identidade divulgada, morreu 53 dias ap\u00f3s o nascimento.<\/p>\n\n\n\n<p>Segundo o MP-BA, o promotor de Justi\u00e7a Felipe Pazzola, respons\u00e1vel pelo caso, aponta a morte do rec\u00e9m-nascido como consequ\u00eancia dos problemas estruturais e organizacionais no hospital.<\/p>\n\n\n\n<p>Al\u00e9m da indeniza\u00e7\u00e3o, o promotor solicitou ainda que a Justi\u00e7a obrigue a Prefeitura a comprar um aparelho de fototerapia em at\u00e9 30 dias e a apresentar, em at\u00e9 60 dias, um plano de reestrutura\u00e7\u00e3o da escala m\u00e9dica do hospital.<\/p>\n\n\n\n<p>O&nbsp;<strong>g1<\/strong>&nbsp;procurou a Prefeitura de Iti\u00faba, mas n\u00e3o teve retorno at\u00e9 a \u00faltima atualiza\u00e7\u00e3o desta reportagem.<\/p>\n","protected":false},"excerpt":{"rendered":"<p>O Minist\u00e9rio P\u00fablico da Bahia (MP-BA) ajuizou uma A\u00e7\u00e3o Civil P\u00fablica (ACP) contra a Prefeitura de Iti\u00faba, no norte da Bahia, ap\u00f3s a morte de um rec\u00e9m-nascido no hospital municipal. O \u00f3rg\u00e3o pede uma indeniza\u00e7\u00e3o de R$ 200 mil para a fam\u00edlia da crian\u00e7a. Segundo informa\u00e7\u00f5es divulgadas pelo MP-BA nesta quinta-feira (10), a medida foi [&hellip;]<\/p>\n","protected":false},"author":2,"featured_media":32104,"comment_status":"open","ping_status":"open","sticky":false,"template":"","format":"standard","meta":{"_jetpack_memberships_contains_paid_content":false,"footnotes":""},"categories":[3],"tags":[],"class_list":["post-32103","post","type-post","status-publish","format-standard","has-post-thumbnail","hentry","category-regional"],"aioseo_notices":[],"jetpack_featured_media_url":"https:\/\/i0.wp.com\/minutobahia24h.com.br\/wp-content\/uploads\/2025\/07\/Sem-titulo-151.jpg?fit=984%2C590&ssl=1","jetpack_sharing_enabled":true,"_links":{"self":[{"href":"https:\/\/minutobahia24h.com.br\/index.php?rest_route=\/wp\/v2\/posts\/32103","targetHints":{"allow":["GET"]}}],"collection":[{"href":"https:\/\/minutobahia24h.com.br\/index.php?rest_route=\/wp\/v2\/posts"}],"about":[{"href":"https:\/\/minutobahia24h.com.br\/index.php?rest_route=\/wp\/v2\/types\/post"}],"author":[{"embeddable":true,"href":"https:\/\/minutobahia24h.com.br\/index.php?rest_route=\/wp\/v2\/users\/2"}],"replies":[{"embeddable":true,"href":"https:\/\/minutobahia24h.com.br\/index.php?rest_route=%2Fwp%2Fv2%2Fcomments&post=32103"}],"version-history":[{"count":1,"href":"https:\/\/minutobahia24h.com.br\/index.php?rest_route=\/wp\/v2\/posts\/32103\/revisions"}],"predecessor-version":[{"id":32105,"href":"https:\/\/minutobahia24h.com.br\/index.php?rest_route=\/wp\/v2\/posts\/32103\/revisions\/32105"}],"wp:featuredmedia":[{"embeddable":true,"href":"https:\/\/minutobahia24h.com.br\/index.php?rest_route=\/wp\/v2\/media\/32104"}],"wp:attachment":[{"href":"https:\/\/minutobahia24h.com.br\/index.php?rest_route=%2Fwp%2Fv2%2Fmedia&parent=32103"}],"wp:term":[{"taxonomy":"category","embeddable":true,"href":"https:\/\/minutobahia24h.com.br\/index.php?rest_route=%2Fwp%2Fv2%2Fcategories&post=32103"},{"taxonomy":"post_tag","embeddable":true,"href":"https:\/\/minutobahia24h.com.br\/index.php?rest_route=%2Fwp%2Fv2%2Ftags&post=32103"}],"curies":[{"name":"wp","href":"https:\/\/api.w.org\/{rel}","templated":true}]}}