{"id":32100,"date":"2025-07-11T09:45:01","date_gmt":"2025-07-11T12:45:01","guid":{"rendered":"https:\/\/minutobahia24h.com.br\/?p=32100"},"modified":"2025-07-11T09:45:03","modified_gmt":"2025-07-11T12:45:03","slug":"nova-tarifa-social-clientes-baixa-renda-tem-direito-a-gratuidade-no-consumo-de-ate-80-kwh","status":"publish","type":"post","link":"https:\/\/minutobahia24h.com.br\/?p=32100","title":{"rendered":"Nova Tarifa Social: Clientes baixa renda t\u00eam direito \u00e0 gratuidade no consumo de at\u00e9 80 kWh"},"content":{"rendered":"<div class=\"wp-block-image\">\n<figure class=\"aligncenter size-full\"><img data-recalc-dims=\"1\" fetchpriority=\"high\" decoding=\"async\" width=\"763\" height=\"432\" src=\"https:\/\/i0.wp.com\/minutobahia24h.com.br\/wp-content\/uploads\/2025\/07\/Sem-titulo-150.jpg?resize=763%2C432&#038;ssl=1\" alt=\"\" class=\"wp-image-32101\" srcset=\"https:\/\/i0.wp.com\/minutobahia24h.com.br\/wp-content\/uploads\/2025\/07\/Sem-titulo-150.jpg?w=763&amp;ssl=1 763w, https:\/\/i0.wp.com\/minutobahia24h.com.br\/wp-content\/uploads\/2025\/07\/Sem-titulo-150.jpg?resize=300%2C170&amp;ssl=1 300w, https:\/\/i0.wp.com\/minutobahia24h.com.br\/wp-content\/uploads\/2025\/07\/Sem-titulo-150.jpg?resize=750%2C425&amp;ssl=1 750w\" sizes=\"(max-width: 763px) 100vw, 763px\" \/><figcaption class=\"wp-element-caption\"><sub>Reprodu\u00e7\u00e3o<\/sub><br><\/figcaption><\/figure>\n<\/div>\n\n\n<p>Em vigor desde o dia 5 de julho, as novas regras da Tarifa Social de Energia El\u00e9trica (TSEE), estabelecidas pela Medida Provis\u00f3ria N\u00ba 1.300\/2025, traz novidade para as fam\u00edlias classificadas como baixa renda, inscritas no Cad\u00danico, que agora passam a ter gratuidade no consumo de at\u00e9 80 quilowatts-hora (kWh). Apesar da isen\u00e7\u00e3o para essa faixa de consumo, o cliente precisa ficar atento, uma vez que pode receber outras cobran\u00e7as na fatura. Na pr\u00e1tica, algumas prefeituras no estado da Bahia, por for\u00e7a de lei municipal, podem cobrar pela Contribui\u00e7\u00e3o de Ilumina\u00e7\u00e3o P\u00fablica (CIP), cujo valor incide na conta de energia.<\/p>\n\n\n\n<p>Os novos crit\u00e9rios beneficiam as fam\u00edlias de menores renda e consumo.\u202fAntes da mudan\u00e7a, um cliente que consumia 80 kWh pagava\u202fR$ 30,73\u202fpela\u202fenergia faturada. A partir de agora, passa a ter gratuidade total pelo consumo mensal da energia. Superado o limite de 80 kWh, o consumidor passa a pagar a tarifa integral do restante consumido. Isso significa que uma fam\u00edlia beneficiada pela TSEE que consome, por exemplo, 100 kWh\/m\u00eas, pagar\u00e1 pelo consumo dos 20 kWh adicionais.<\/p>\n\n\n\n<p><a href=\"https:\/\/whatsapp.com\/channel\/0029VaAT7tDLI8Yfj5y9Z50Z\"><strong><mark>&gt;&gt; Siga nosso canal no WhatsApp e veja mais not\u00edcias<\/mark><\/strong><\/a><\/p>\n\n\n\n<p>Inicialmente, a mudan\u00e7a n\u00e3o altera o quantitativo de consumidores beneficiados pela Tarifa Social. Na \u00e1rea de concess\u00e3o da Neoenergia Coelba, os atuais\u202f1,8 milh\u00e3o clientes classificados como baixa renda que pagavam, em m\u00e9dia,\u202fR$ 49,39, devem ter o valor m\u00e9dio da conta reduzido para\u202fR$ 25,80\u202f(valor espec\u00edfico da tarifa, sem impostos e contribui\u00e7\u00f5es). Diferentemente, a norma anterior estabelecia descontos escalonados, de at\u00e9 65%, para os clientes com consumo de at\u00e9 220 kwh por m\u00eas.<\/p>\n\n\n\n<h4 class=\"wp-block-heading\"><strong><mark>Composi\u00e7\u00e3o da conta\u202f<\/mark><\/strong><\/h4>\n\n\n\n<p>Al\u00e9m da tarifa estabelecida pela Ag\u00eancia Nacional de Energia El\u00e9trica (Aneel) para cada \u00e1rea de concess\u00e3o, a fatura de energia \u00e9 composta por impostos federais e estaduais, assim como pela Contribui\u00e7\u00e3o de Ilumina\u00e7\u00e3o P\u00fablica definida pelos poderes p\u00fablicos municipais. Para esses componentes a regra da gratuidade ou isen\u00e7\u00e3o n\u00e3o necessariamente corresponde \u00e0 nova regra de \u00e2mbito federal, podendo existir cobran\u00e7a mesmo nas faixas de consumo at\u00e9 80 kWh.<\/p>\n\n\n\n<h4 class=\"wp-block-heading\"><strong><mark>Atualiza\u00e7\u00e3o cadastral<\/mark><\/strong><\/h4>\n\n\n\n<p>Mesmo que a conta de energia\u202fn\u00e3o esteja no nome da pessoa que se enquadra nos crit\u00e9rios (ver abaixo), ainda assim \u00e9 poss\u00edvel solicitar a inclus\u00e3o da Tarifa Social. Nesse caso, o consumidor deve procurar a Neoenergia por meio dos canais de atendimento e informar os dados pessoais e do im\u00f3vel que reside. Basta apresentar o n\u00famero do CPF, acrescido da Carteira de Identidade ou outro documento de identifica\u00e7\u00e3o oficial com foto. Para os ind\u00edgenas que n\u00e3o possuem esses documentos, ser\u00e1 admitido apenas a apresenta\u00e7\u00e3o do RANI (Registro Administrativo de Nascimento Ind\u00edgena).<\/p>\n\n\n\n<p>A titularidade da conta\u202fn\u00e3o impede o acesso ao benef\u00edcio, contudo ser o titular da unidade consumidora permite ao cliente usufruir do benef\u00edcio automaticamente, al\u00e9m de receber informa\u00e7\u00f5es importantes nos contatos cadastrados.\u202f<\/p>\n\n\n\n<p><strong><mark>Crit\u00e9rios para ter direito \u00e0 TSEE:<\/mark><\/strong><\/p>\n\n\n\n<ul class=\"wp-block-list\">\n<li>Fam\u00edlia de baixa renda que esteja inscrita no Cadastro \u00danico para Programas Sociais do Governo Federal, com renda familiar mensal por pessoa menor ou igual a meio sal\u00e1rio-m\u00ednimo nacional, independente de possuir ou n\u00e3o o benef\u00edcio do Bolsa Fam\u00edlia;<\/li>\n\n\n\n<li>Fam\u00edlia de baixa renda que esteja inscrita no Cadastro \u00danico para Programas Sociais do Governo Federal, com renda familiar mensal de at\u00e9 tr\u00eas sal\u00e1rios-m\u00ednimos, que tenha membro familiar com doen\u00e7a ou patologia a qual necessite do uso continuado de aparelhos ou equipamentos el\u00e9tricos vitais;<\/li>\n\n\n\n<li>Fam\u00edlia de baixa renda que tenha idoso com 65 anos ou mais ou pessoa com defici\u00eancia que receba o Benef\u00edcio de Presta\u00e7\u00e3o Continuada da Assist\u00eancia Social \u2013 BPC, por meio da Lei LOAS, com seu respectivo NB \u2013 N\u00famero do Benef\u00edcio \u2013 ativo.<\/li>\n<\/ul>\n\n\n\n<p>blogdoeloiltoncajuhy<\/p>\n","protected":false},"excerpt":{"rendered":"<p>Em vigor desde o dia 5 de julho, as novas regras da Tarifa Social de Energia El\u00e9trica (TSEE), estabelecidas pela Medida Provis\u00f3ria N\u00ba 1.300\/2025, traz novidade para as fam\u00edlias classificadas como baixa renda, inscritas no Cad\u00danico, que agora passam a ter gratuidade no consumo de at\u00e9 80 quilowatts-hora (kWh). Apesar da isen\u00e7\u00e3o para essa faixa [&hellip;]<\/p>\n","protected":false},"author":2,"featured_media":32101,"comment_status":"open","ping_status":"open","sticky":false,"template":"","format":"standard","meta":{"_jetpack_memberships_contains_paid_content":false,"footnotes":""},"categories":[2],"tags":[],"class_list":["post-32100","post","type-post","status-publish","format-standard","has-post-thumbnail","hentry","category-nacional"],"aioseo_notices":[],"jetpack_featured_media_url":"https:\/\/i0.wp.com\/minutobahia24h.com.br\/wp-content\/uploads\/2025\/07\/Sem-titulo-150.jpg?fit=763%2C432&ssl=1","jetpack_sharing_enabled":true,"_links":{"self":[{"href":"https:\/\/minutobahia24h.com.br\/index.php?rest_route=\/wp\/v2\/posts\/32100","targetHints":{"allow":["GET"]}}],"collection":[{"href":"https:\/\/minutobahia24h.com.br\/index.php?rest_route=\/wp\/v2\/posts"}],"about":[{"href":"https:\/\/minutobahia24h.com.br\/index.php?rest_route=\/wp\/v2\/types\/post"}],"author":[{"embeddable":true,"href":"https:\/\/minutobahia24h.com.br\/index.php?rest_route=\/wp\/v2\/users\/2"}],"replies":[{"embeddable":true,"href":"https:\/\/minutobahia24h.com.br\/index.php?rest_route=%2Fwp%2Fv2%2Fcomments&post=32100"}],"version-history":[{"count":1,"href":"https:\/\/minutobahia24h.com.br\/index.php?rest_route=\/wp\/v2\/posts\/32100\/revisions"}],"predecessor-version":[{"id":32102,"href":"https:\/\/minutobahia24h.com.br\/index.php?rest_route=\/wp\/v2\/posts\/32100\/revisions\/32102"}],"wp:featuredmedia":[{"embeddable":true,"href":"https:\/\/minutobahia24h.com.br\/index.php?rest_route=\/wp\/v2\/media\/32101"}],"wp:attachment":[{"href":"https:\/\/minutobahia24h.com.br\/index.php?rest_route=%2Fwp%2Fv2%2Fmedia&parent=32100"}],"wp:term":[{"taxonomy":"category","embeddable":true,"href":"https:\/\/minutobahia24h.com.br\/index.php?rest_route=%2Fwp%2Fv2%2Fcategories&post=32100"},{"taxonomy":"post_tag","embeddable":true,"href":"https:\/\/minutobahia24h.com.br\/index.php?rest_route=%2Fwp%2Fv2%2Ftags&post=32100"}],"curies":[{"name":"wp","href":"https:\/\/api.w.org\/{rel}","templated":true}]}}