{"id":32096,"date":"2025-07-11T09:43:36","date_gmt":"2025-07-11T12:43:36","guid":{"rendered":"https:\/\/minutobahia24h.com.br\/?p=32096"},"modified":"2025-07-11T09:43:37","modified_gmt":"2025-07-11T12:43:37","slug":"camara-aprova-reajuste-de-9-em-salarios-das-forcas-armadas","status":"publish","type":"post","link":"https:\/\/minutobahia24h.com.br\/?p=32096","title":{"rendered":"C\u00e2mara aprova reajuste de 9% em sal\u00e1rios das For\u00e7as Armadas"},"content":{"rendered":"<div class=\"wp-block-image\">\n<figure class=\"aligncenter size-full\"><img data-recalc-dims=\"1\" fetchpriority=\"high\" decoding=\"async\" width=\"800\" height=\"376\" src=\"https:\/\/i0.wp.com\/minutobahia24h.com.br\/wp-content\/uploads\/2025\/07\/Sem-titulo-149.jpg?resize=800%2C376&#038;ssl=1\" alt=\"\" class=\"wp-image-32097\" srcset=\"https:\/\/i0.wp.com\/minutobahia24h.com.br\/wp-content\/uploads\/2025\/07\/Sem-titulo-149.jpg?w=1024&amp;ssl=1 1024w, https:\/\/i0.wp.com\/minutobahia24h.com.br\/wp-content\/uploads\/2025\/07\/Sem-titulo-149.jpg?resize=300%2C141&amp;ssl=1 300w, https:\/\/i0.wp.com\/minutobahia24h.com.br\/wp-content\/uploads\/2025\/07\/Sem-titulo-149.jpg?resize=768%2C361&amp;ssl=1 768w, https:\/\/i0.wp.com\/minutobahia24h.com.br\/wp-content\/uploads\/2025\/07\/Sem-titulo-149.jpg?resize=750%2C352&amp;ssl=1 750w\" sizes=\"(max-width: 800px) 100vw, 800px\" \/><\/figure>\n<\/div>\n\n\n<p>A C\u00e2mara dos Deputados aprovou nesta quinta-feira (10) a medida provis\u00f3ria sobre o reajuste de 9% no sal\u00e1rio de militares das For\u00e7as Armadas. A proposta segue agora para a an\u00e1lise do Senado.<\/p>\n\n\n\n<p>A medida reajusta os chamados \u201csoldos\u201d, ou seja, os sal\u00e1rios-base pagos aos integrantes do Ex\u00e9rcito, Marinha e Aeron\u00e1utica, al\u00e9m de pensionistas. O impacto estimado pelo governo \u00e9 de R$ 3 bilh\u00f5es neste ano e R$ 5,3 bilh\u00f5es em 2026.<\/p>\n\n\n\n<p>Na semana passada, o texto foi aprovado na comiss\u00e3o mista que analisou a MP. O relator, deputado Eduardo Pazuello (PL-RJ), n\u00e3o prop\u00f4s mudan\u00e7as. A MP, publicada pelo governo no fim de mar\u00e7o, prev\u00ea um reajuste de 9%, dividido em duas fases: 4,5% a partir de 2025 e igual percentual a partir de janeiro de 2026.<\/p>\n\n\n\n<p>No plen\u00e1rio, por se tratar de uma mat\u00e9ria de consenso, o texto foi aprovado de forma simb\u00f3lica, ou seja, sem o registro do voto nominal dos deputados. Apenas a bancada do Novo se manifestou contra a MP por representar o aumento de despesas. Por ter for\u00e7a de lei, o reajuste dos militares j\u00e1 est\u00e1 valendo, mas ainda precisa ser confirmado pelo Congresso antes de 8 de agosto, quando a MP perder\u00e1 validade.<\/p>\n\n\n\n<p>M1<\/p>\n","protected":false},"excerpt":{"rendered":"<p>A C\u00e2mara dos Deputados aprovou nesta quinta-feira (10) a medida provis\u00f3ria sobre o reajuste de 9% no sal\u00e1rio de militares das For\u00e7as Armadas. A proposta segue agora para a an\u00e1lise do Senado. A medida reajusta os chamados \u201csoldos\u201d, ou seja, os sal\u00e1rios-base pagos aos integrantes do Ex\u00e9rcito, Marinha e Aeron\u00e1utica, al\u00e9m de pensionistas. O impacto [&hellip;]<\/p>\n","protected":false},"author":2,"featured_media":32097,"comment_status":"open","ping_status":"open","sticky":false,"template":"","format":"standard","meta":{"_jetpack_memberships_contains_paid_content":false,"footnotes":""},"categories":[39],"tags":[],"class_list":["post-32096","post","type-post","status-publish","format-standard","has-post-thumbnail","hentry","category-politica"],"aioseo_notices":[],"jetpack_featured_media_url":"https:\/\/i0.wp.com\/minutobahia24h.com.br\/wp-content\/uploads\/2025\/07\/Sem-titulo-149.jpg?fit=1024%2C481&ssl=1","jetpack_sharing_enabled":true,"_links":{"self":[{"href":"https:\/\/minutobahia24h.com.br\/index.php?rest_route=\/wp\/v2\/posts\/32096","targetHints":{"allow":["GET"]}}],"collection":[{"href":"https:\/\/minutobahia24h.com.br\/index.php?rest_route=\/wp\/v2\/posts"}],"about":[{"href":"https:\/\/minutobahia24h.com.br\/index.php?rest_route=\/wp\/v2\/types\/post"}],"author":[{"embeddable":true,"href":"https:\/\/minutobahia24h.com.br\/index.php?rest_route=\/wp\/v2\/users\/2"}],"replies":[{"embeddable":true,"href":"https:\/\/minutobahia24h.com.br\/index.php?rest_route=%2Fwp%2Fv2%2Fcomments&post=32096"}],"version-history":[{"count":1,"href":"https:\/\/minutobahia24h.com.br\/index.php?rest_route=\/wp\/v2\/posts\/32096\/revisions"}],"predecessor-version":[{"id":32098,"href":"https:\/\/minutobahia24h.com.br\/index.php?rest_route=\/wp\/v2\/posts\/32096\/revisions\/32098"}],"wp:featuredmedia":[{"embeddable":true,"href":"https:\/\/minutobahia24h.com.br\/index.php?rest_route=\/wp\/v2\/media\/32097"}],"wp:attachment":[{"href":"https:\/\/minutobahia24h.com.br\/index.php?rest_route=%2Fwp%2Fv2%2Fmedia&parent=32096"}],"wp:term":[{"taxonomy":"category","embeddable":true,"href":"https:\/\/minutobahia24h.com.br\/index.php?rest_route=%2Fwp%2Fv2%2Fcategories&post=32096"},{"taxonomy":"post_tag","embeddable":true,"href":"https:\/\/minutobahia24h.com.br\/index.php?rest_route=%2Fwp%2Fv2%2Ftags&post=32096"}],"curies":[{"name":"wp","href":"https:\/\/api.w.org\/{rel}","templated":true}]}}