{"id":32090,"date":"2025-07-11T09:41:03","date_gmt":"2025-07-11T12:41:03","guid":{"rendered":"https:\/\/minutobahia24h.com.br\/?p=32090"},"modified":"2025-07-11T09:41:06","modified_gmt":"2025-07-11T12:41:06","slug":"quem-paga-a-conta-da-nova-tarifa-de-trump-brasil-perde-mercado-e-precos-podem-subir-nos-eua","status":"publish","type":"post","link":"https:\/\/minutobahia24h.com.br\/?p=32090","title":{"rendered":"Quem paga a conta da nova tarifa de Trump? Brasil perde mercado, e pre\u00e7os podem subir nos EUA"},"content":{"rendered":"\n<p>A&nbsp;<a class=\"\" href=\"https:\/\/g1.globo.com\/economia\/noticia\/2025\/07\/09\/trump-manda-carta-a-lula-e-anuncia-tarifa-de-50percent-sobre-produtos-brasileiros.ghtml\">nova tarifa de 50% contra produtos brasileiros<\/a>, anunciada pelo presidente dos Estados Unidos,&nbsp;<a class=\"\" href=\"https:\/\/g1.globo.com\/tudo-sobre\/donald-trump\/\">Donald Trump<\/a>, deve afetar diretamente empresas e produtores de setores estrat\u00e9gicos da economia nacional, que vendem seus produtos para os norte-americanos.<\/p>\n\n\n\n<p>\u00c9&nbsp;<a class=\"\" href=\"https:\/\/g1.globo.com\/economia\/noticia\/2025\/07\/10\/como-tarifa-de-50-dos-eua-afeta-as-exportacoes-brasileiras.ghtml\">o caso dos exportadores de petr\u00f3leo, de a\u00e7o, caf\u00e9 e carne bovina<\/a>, por exemplo, produtos que lideram as vendas do Brasil para os EUA. As exporta\u00e7\u00f5es de suco de laranja e de aeronaves tamb\u00e9m podem ser fortemente impactadas.<\/p>\n\n\n\n<p>Outra preocupa\u00e7\u00e3o no Brasil \u00e9 a infla\u00e7\u00e3o.&nbsp;O mercado financeiro reagiu mal \u00e0 nova taxa e o&nbsp;<a class=\"\" href=\"https:\/\/g1.globo.com\/economia\/noticia\/2025\/07\/10\/dolar-inicia-pregao-apos-trump-anunciar-tarifa-de-50percent-sobre-produtos-brasileiros.ghtml\">d\u00f3lar subiu forte<\/a>&nbsp;nas horas seguintes ao an\u00fancio de Trump.<\/p>\n\n\n\n<blockquote class=\"wp-block-quote is-layout-flow wp-block-quote-is-layout-flow\">\n<p>&#8220;Se o d\u00f3lar permanecer alto, a infla\u00e7\u00e3o no Brasil persiste e o Banco Central mant\u00e9m os juros altos [<a class=\"\" href=\"https:\/\/g1.globo.com\/economia\/noticia\/2025\/06\/19\/copom-crava-selic-em-15percent-e-juros-mais-altos-por-tempo-bastante-prolongado-veja-recados.ghtml\">atualmente no patamar de 15%, o maior em quase 20 anos<\/a>]. Isso desacelera a economia e pode entrar em recess\u00e3o&#8221;, alerta o economista Robson Gon\u00e7alves, professor de MBAs da FGV.<\/p>\n<\/blockquote>\n\n\n\n<ul class=\"wp-block-list\">\n<li><strong><em>\ud83d\udd0e Entre outros motivos, a alta do d\u00f3lar gera infla\u00e7\u00e3o \u00e0 medida que encarece as importa\u00e7\u00f5es.<\/em><\/strong><em>\u00a0A l\u00f3gica do BC \u00e9 que subir os juros desestimula o consumo pois fica mais caro fazer empr\u00e9stimos ou compras a prazo. Ao reduzir o consumo, a demanda por produtos diminui, o que ajuda a controlar a infla\u00e7\u00e3o, que ocorre\u00a0<\/em><a class=\"\" href=\"https:\/\/g1.globo.com\/economia\/educacao-financeira\/noticia\/o-que-e-inflacao-e-como-ela-afeta-sua-vida.ghtml\"><em>quando a oferta n\u00e3o acompanha a demanda<\/em><\/a><em>.<\/em><\/li>\n<\/ul>\n\n\n\n<p>Apesar disso, especialistas ouvidos pelo&nbsp;<a class=\"\" href=\"https:\/\/g1.globo.com\/economia\/\"><strong>g1<\/strong>&nbsp;<\/a>explicam que os consumidores brasileiros n\u00e3o s\u00e3o os \u00fanicos que podem vir a sentir o efeito da tarifa no bolso, ainda que em menor escala.&nbsp;<strong>A medida tamb\u00e9m pode impactar os pre\u00e7os dos alimentos nos EUA, principalmente do caf\u00e9.<\/strong><\/p>\n\n\n\n<p>Cerca de um ter\u00e7o do caf\u00e9 consumido nos EUA, o maior consumidor mundial da bebida, vem do Brasil, que \u00e9 o maior produtor mundial. As exporta\u00e7\u00f5es anuais de caf\u00e9 brasileiro para os EUA chegam a cerca de 8 milh\u00f5es de sacas, segundo grupos do setor.<\/p>\n\n\n\n<blockquote class=\"wp-block-quote is-layout-flow wp-block-quote-is-layout-flow\">\n<p>&#8220;Os americanos v\u00e3o procurar outros produtores globais [para substituir as importa\u00e7\u00f5es brasileiras], mas, no caso do caf\u00e9, n\u00e3o v\u00e3o encontrar no mercado externo tudo o que precisam. E o pre\u00e7o j\u00e1 est\u00e1 caro no n\u00edvel internacional&#8221;, diz Gon\u00e7alves, da FGV.<\/p>\n<\/blockquote>\n\n\n\n<p><strong>Veja abaixo mais detalhes sobre os impactos da nova tarifa para o Brasil e para os EUA.<\/strong><\/p>\n\n\n<div class=\"wp-block-image\">\n<figure class=\"aligncenter size-full\"><img data-recalc-dims=\"1\" fetchpriority=\"high\" decoding=\"async\" width=\"800\" height=\"448\" src=\"https:\/\/i0.wp.com\/minutobahia24h.com.br\/wp-content\/uploads\/2025\/07\/Sem-titulo-147.jpg?resize=800%2C448&#038;ssl=1\" alt=\"\" class=\"wp-image-32091\" srcset=\"https:\/\/i0.wp.com\/minutobahia24h.com.br\/wp-content\/uploads\/2025\/07\/Sem-titulo-147.jpg?w=984&amp;ssl=1 984w, https:\/\/i0.wp.com\/minutobahia24h.com.br\/wp-content\/uploads\/2025\/07\/Sem-titulo-147.jpg?resize=300%2C168&amp;ssl=1 300w, https:\/\/i0.wp.com\/minutobahia24h.com.br\/wp-content\/uploads\/2025\/07\/Sem-titulo-147.jpg?resize=768%2C430&amp;ssl=1 768w, https:\/\/i0.wp.com\/minutobahia24h.com.br\/wp-content\/uploads\/2025\/07\/Sem-titulo-147.jpg?resize=750%2C420&amp;ssl=1 750w\" sizes=\"(max-width: 800px) 100vw, 800px\" \/><figcaption class=\"wp-element-caption\">Gr\u00e3o de caf\u00e9 \u2014 Foto: Stephanie Rodrigues\/g1<br><br><\/figcaption><\/figure>\n<\/div>\n\n\n<h2 class=\"wp-block-heading\">Brasil<\/h2>\n\n\n\n<p>Os EUA s\u00e3o o segundo principal parceiro comercial do Brasil, atr\u00e1s apenas da China. Dados do&nbsp;<a class=\"\" href=\"https:\/\/g1.globo.com\/tudo-sobre\/ministerio-do-desenvolvimento-industria-e-comercio-exterior\/\">Minist\u00e9rio do Desenvolvimento, Ind\u00fastria e Com\u00e9rcio Exterior<\/a>&nbsp;(MDIC) apontam que o Brasil vendeu&nbsp;<strong>US$ 40,33 bilh\u00f5es&nbsp;<\/strong>em produtos para os americanos em 2024.<\/p>\n\n\n\n<ul class=\"wp-block-list\">\n<li><em>\u26a0\ufe0f Mesmo assim, o Brasil tem d\u00e9ficit comercial em rela\u00e7\u00e3o aos EUA desde 2009,\u00a0<\/em><strong><em>ou seja, compra mais do que vende para o pa\u00eds.<\/em><\/strong><em>\u00a0(<\/em><a class=\"\" href=\"https:\/\/g1.globo.com\/economia\/noticia\/2025\/07\/09\/balanca-comercial-brasil-importa-mais-do-que-exporta-na-relacao-com-os-eua-desde-2009.ghtml\"><em>entenda mais aqui<\/em><\/a><em>)<\/em><\/li>\n<\/ul>\n\n\n\n<p>Dessa forma, &#8220;se as tarifas forem efetivamente aumentadas [a partir de 1\u00ba de agosto], o Brasil perde muito espa\u00e7o dentro de um parceiro comercial superimportante&#8221;, resumiu o economista Daniel Sousa, comentarista da&nbsp;<strong>GloboNews<\/strong>,&nbsp;<a class=\"\" href=\"https:\/\/g1.globo.com\/podcast\/o-assunto\/noticia\/2025\/07\/10\/quais-os-efeitos-imediatos-da-tarifa-de-trump-para-a-economia-brasileira.ghtml\">em entrevista ao podcast O Assunto<\/a>.<\/p>\n\n\n\n<p>A Associa\u00e7\u00e3o Brasileira das Exportadoras de Carne declarou que o aumento da tarifa atrapalha o com\u00e9rcio e afeta negativamente o setor produtivo.<\/p>\n\n\n\n<p>A avalia\u00e7\u00e3o do setor \u00e9 de que&nbsp;<a class=\"\" href=\"https:\/\/g1.globo.com\/economia\/agronegocios\/noticia\/2025\/07\/10\/tarifaco-de-trump-como-ficam-as-exportacoes-de-carne-do-brasil-para-os-eua.ghtml\">as vendas de carne de boi aos americanos v\u00e3o ficar praticamente &#8220;invi\u00e1veis&#8221; se n\u00e3o houver negocia\u00e7\u00e3o<\/a>.&nbsp;E a tend\u00eancia \u00e9 que os frigor\u00edficos brasileiros se direcionem para outros mercados internacionais, como o asi\u00e1tico.<\/p>\n\n\n\n<p>Segundo Daniel Sousa, j\u00e1 existe uma tentativa de diversificar os destinos das exporta\u00e7\u00f5es brasileiras, assim como t\u00eam feito outros parceiros americanos. Ele citou como exemplos o&nbsp;<a class=\"\" href=\"https:\/\/g1.globo.com\/politica\/noticia\/2025\/07\/03\/acordo-entre-mercosul-e-efta-amplia-exportacoes-agricolas-e-pode-baratear-medicamentos-importados-diz-governo.ghtml\">acordo Mercosul\u2013EFTA<\/a>&nbsp;e as negocia\u00e7\u00f5es com a Uni\u00e3o Europeia.<\/p>\n\n\n\n<p>No caso do caf\u00e9, o Brasil dificilmente conseguir\u00e1 redirecionar para outros pa\u00edses todo o volume que hoje exporta aos EUA, afirma Robson Gon\u00e7alves, da FGV.<\/p>\n\n\n\n<p>E, com o aumento da oferta no mercado interno, a consequ\u00eancia pode ser uma queda nos pre\u00e7os por aqui. Por\u00e9m, &#8220;se o d\u00f3lar permanecer alto, pode ofuscar os efeitos desse aumento de oferta&#8221;, pondera.<\/p>\n\n\n\n<p>A tarifa tamb\u00e9m deve afetar as vendas brasileiras de aeronaves (<a class=\"\" href=\"https:\/\/g1.globo.com\/economia\/noticia\/2025\/07\/10\/dolar-inicia-pregao-apos-trump-anunciar-tarifa-de-50percent-sobre-produtos-brasileiros.ghtml\">as a\u00e7\u00f5es da Embraer ca\u00edram mais de 3% nesta quinta-feira<\/a>), de petr\u00f3leo, de semimanufaturados de ferro ou a\u00e7o, materiais de constru\u00e7\u00e3o e engenharia, madeira, m\u00e1quinas e motores, e eletr\u00f4nicos.&nbsp;<em>(<\/em><a class=\"\" href=\"https:\/\/g1.globo.com\/economia\/noticia\/2025\/07\/10\/como-tarifa-de-50-dos-eua-afeta-as-exportacoes-brasileiras.ghtml\"><em>veja a lista aqui<\/em><\/a><em>)<\/em><\/p>\n\n\n\n<p>Lembrando que, al\u00e9m da taxa anunciada nesta semana,&nbsp;<a class=\"\" href=\"https:\/\/g1.globo.com\/economia\/noticia\/2025\/06\/04\/tarifas-aco-e-aluminio-eua-impactos-brasil.ghtml\">produtos como o a\u00e7o e o alum\u00ednio j\u00e1 enfrentam tarifas de 50%<\/a>, o que tem impactado diretamente a siderurgia brasileira.<\/p>\n\n\n\n<h2 class=\"wp-block-heading\">Estados Unidos<\/h2>\n\n\n\n<p>Do outro lado da balan\u00e7a, a decis\u00e3o de Trump tamb\u00e9m deve impactar o consumidor americano, justamente porque o Brasil \u00e9 um grande vendedor de&nbsp;<strong>caf\u00e9, suco de laranja, a\u00e7\u00facar, carne bovina e etanol<\/strong>&nbsp;para os EUA, entre outros produtos.<\/p>\n\n\n\n<p>Com a eleva\u00e7\u00e3o da tarifa, os exportadores&nbsp;<strong>tendem a repassar o custo aos consumidores.<\/strong>&nbsp;E, como no caso do caf\u00e9, os EUA nem sempre conseguir\u00e3o substituir totalmente as importa\u00e7\u00f5es vindas do Brasil.<\/p>\n\n\n\n<p>Mais da metade do suco de laranja vendido nos EUA, por exemplo, vem do Brasil, que det\u00e9m 80% do com\u00e9rcio global do produto.<\/p>\n\n\n\n<blockquote class=\"wp-block-quote is-layout-flow wp-block-quote-is-layout-flow\">\n<p>&#8220;Essa medida impacta n\u00e3o s\u00f3 o Brasil, mas toda a ind\u00fastria de sucos dos EUA, que emprega milhares de pessoas e tem o Brasil como seu principal fornecedor h\u00e1 d\u00e9cadas&#8221;, disse Ibiapaba Netto, diretor executivo da CitrusBR, associa\u00e7\u00e3o brasileira da ind\u00fastria de suco de laranja.<\/p>\n<\/blockquote>\n\n\n\n<p>Nesse sentido, a Associa\u00e7\u00e3o dos Exportadores de Suco declarou que a sobretaxa \u00e9 p\u00e9ssima para o setor como um todo e&nbsp;<strong>que atinge os pr\u00f3prios americanos<\/strong>, que h\u00e1 d\u00e9cadas t\u00eam o Brasil como principal fornecedor externo.<\/p>\n\n\n\n<p>A carne bovina tamb\u00e9m tem sido um problema.&nbsp;A infla\u00e7\u00e3o do produto para o consumidor americano est\u00e1 batendo recorde&nbsp;<strong>por causa de uma redu\u00e7\u00e3o hist\u00f3rica do rebanho do pa\u00eds<\/strong>, que encareceu o pre\u00e7o do boi por l\u00e1 \u2014 ele est\u00e1 custando duas vezes mais que o boi brasileiro. Da\u00ed a disparada nas importa\u00e7\u00f5es da carne.<\/p>\n\n\n\n<p>Apesar disso, a analista de macroeconomia Sara Paix\u00e3o, da InvestSmart, ressalta que o Brasil respondeu por apenas<strong>&nbsp;1,4% das importa\u00e7\u00f5es totais dos Estados Unidos<\/strong>&nbsp;em 2024.&nbsp;Por isso, o impacto direto da tarifa sobre a economia americana tende a ser limitado.<\/p>\n\n\n\n<p>Segundo ela, outra quest\u00e3o que poderia impactar os EUA nesse contexto \u00e9 que &#8220;a imposi\u00e7\u00e3o de tarifas pode fazer com que outros blocos econ\u00f4micos se juntem para fortalecer as rela\u00e7\u00f5es comerciais&#8221;, deixando os EUA mais isolado.<\/p>\n\n\n\n<figure class=\"wp-block-image\"><img data-recalc-dims=\"1\" decoding=\"async\" src=\"https:\/\/i0.wp.com\/s2-g1.glbimg.com\/uI-tI037wvCgQ8TYHaNJWbZjCoo%3D\/0x0%3A1200x3855\/984x0\/smart\/filters%3Astrip_icc%28%29\/i.s3.glbimg.com\/v1\/AUTH_59edd422c0c84a879bd37670ae4f538a\/internal_photos\/bs\/2025\/m\/a\/KegfIuTESanMl3RaZSQw\/trump.jpg?w=800&#038;ssl=1\" alt=\"Infogr\u00e1fico - Entenda taxa de 50% anunciada por Trump ao Brasil e a rela\u00e7\u00e3o econ\u00f4mica com os EUA. \u2014 Foto: Arte\/g1\"\/><\/figure>\n\n\n\n<p>Infogr\u00e1fico &#8211; Entenda taxa de 50% anunciada por Trump ao Brasil e a rela\u00e7\u00e3o econ\u00f4mica com os EUA. \u2014 Foto: Arte\/g1<\/p>\n\n\n\n<p><em>*Com informa\u00e7\u00f5es da ag\u00eancia de not\u00edcias Reuters.<\/em><\/p>\n","protected":false},"excerpt":{"rendered":"<p>A&nbsp;nova tarifa de 50% contra produtos brasileiros, anunciada pelo presidente dos Estados Unidos,&nbsp;Donald Trump, deve afetar diretamente empresas e produtores de setores estrat\u00e9gicos da economia nacional, que vendem seus produtos para os norte-americanos. \u00c9&nbsp;o caso dos exportadores de petr\u00f3leo, de a\u00e7o, caf\u00e9 e carne bovina, por exemplo, produtos que lideram as vendas do Brasil para [&hellip;]<\/p>\n","protected":false},"author":2,"featured_media":32091,"comment_status":"open","ping_status":"open","sticky":false,"template":"","format":"standard","meta":{"_jetpack_memberships_contains_paid_content":false,"footnotes":""},"categories":[19],"tags":[],"class_list":["post-32090","post","type-post","status-publish","format-standard","has-post-thumbnail","hentry","category-economia"],"aioseo_notices":[],"jetpack_featured_media_url":"https:\/\/i0.wp.com\/minutobahia24h.com.br\/wp-content\/uploads\/2025\/07\/Sem-titulo-147.jpg?fit=984%2C551&ssl=1","jetpack_sharing_enabled":true,"_links":{"self":[{"href":"https:\/\/minutobahia24h.com.br\/index.php?rest_route=\/wp\/v2\/posts\/32090","targetHints":{"allow":["GET"]}}],"collection":[{"href":"https:\/\/minutobahia24h.com.br\/index.php?rest_route=\/wp\/v2\/posts"}],"about":[{"href":"https:\/\/minutobahia24h.com.br\/index.php?rest_route=\/wp\/v2\/types\/post"}],"author":[{"embeddable":true,"href":"https:\/\/minutobahia24h.com.br\/index.php?rest_route=\/wp\/v2\/users\/2"}],"replies":[{"embeddable":true,"href":"https:\/\/minutobahia24h.com.br\/index.php?rest_route=%2Fwp%2Fv2%2Fcomments&post=32090"}],"version-history":[{"count":1,"href":"https:\/\/minutobahia24h.com.br\/index.php?rest_route=\/wp\/v2\/posts\/32090\/revisions"}],"predecessor-version":[{"id":32092,"href":"https:\/\/minutobahia24h.com.br\/index.php?rest_route=\/wp\/v2\/posts\/32090\/revisions\/32092"}],"wp:featuredmedia":[{"embeddable":true,"href":"https:\/\/minutobahia24h.com.br\/index.php?rest_route=\/wp\/v2\/media\/32091"}],"wp:attachment":[{"href":"https:\/\/minutobahia24h.com.br\/index.php?rest_route=%2Fwp%2Fv2%2Fmedia&parent=32090"}],"wp:term":[{"taxonomy":"category","embeddable":true,"href":"https:\/\/minutobahia24h.com.br\/index.php?rest_route=%2Fwp%2Fv2%2Fcategories&post=32090"},{"taxonomy":"post_tag","embeddable":true,"href":"https:\/\/minutobahia24h.com.br\/index.php?rest_route=%2Fwp%2Fv2%2Ftags&post=32090"}],"curies":[{"name":"wp","href":"https:\/\/api.w.org\/{rel}","templated":true}]}}