{"id":32072,"date":"2025-07-11T07:34:17","date_gmt":"2025-07-11T10:34:17","guid":{"rendered":"https:\/\/minutobahia24h.com.br\/?p=32072"},"modified":"2025-07-11T07:34:19","modified_gmt":"2025-07-11T10:34:19","slug":"jaguarari-sao-pedro-de-pilar-comeca-neste-final-de-semana-com-iguinho-e-lulinha-seu-desejo-e-tayrone-confira-a-programacao","status":"publish","type":"post","link":"https:\/\/minutobahia24h.com.br\/?p=32072","title":{"rendered":"Jaguarari: S\u00e3o Pedro de Pilar come\u00e7a neste final de semana com Iguinho e Lulinha, Seu Desejo e Tayrone; confira a programa\u00e7\u00e3o"},"content":{"rendered":"<div class=\"wp-block-image\">\n<figure class=\"aligncenter size-full\"><img data-recalc-dims=\"1\" fetchpriority=\"high\" decoding=\"async\" width=\"513\" height=\"640\" src=\"https:\/\/i0.wp.com\/minutobahia24h.com.br\/wp-content\/uploads\/2025\/07\/Sem-titulo-143.jpg?resize=513%2C640&#038;ssl=1\" alt=\"\" class=\"wp-image-32073\" srcset=\"https:\/\/i0.wp.com\/minutobahia24h.com.br\/wp-content\/uploads\/2025\/07\/Sem-titulo-143.jpg?w=513&amp;ssl=1 513w, https:\/\/i0.wp.com\/minutobahia24h.com.br\/wp-content\/uploads\/2025\/07\/Sem-titulo-143.jpg?resize=240%2C300&amp;ssl=1 240w\" sizes=\"(max-width: 513px) 100vw, 513px\" \/><figcaption class=\"wp-element-caption\">Foto: Divulga\u00e7\u00e3o<br><\/figcaption><\/figure>\n<\/div>\n\n\n<p>O distrito de Pilar, localizado no interior de Jaguarari, estar\u00e1 em festa no pr\u00f3ximo final de semana com os festejos fora de \u00e9poca de S\u00e3o Pedro que prometem agitar a terra do cobre. A festa que faz parte do Arrai\u00e1 das Estrelas, acontece nos dias 11, 12 e 13 de julho na pra\u00e7a de eventos e \u00e9 promovida pela Prefeitura de Jaguarari, por meio da Secretaria de Cultura, com apoio do Governo do Estado e C\u00e2mara de Vereadores.<\/p>\n\n\n\n<p>Entre as principais atra\u00e7\u00f5es, destacam-se, os irm\u00e3os Iguinho e Lulinha, as bandas de forr\u00f3 rom\u00e2ntico Seu Desejo e Marcelo &amp; Rayane, o arrocha de Tayrone e o forr\u00f3 tradicional de Mastruz com Leite e Noda de Caju, cujos nomes s\u00e3o aguardados com ansiedade pelo p\u00fablico. O evento tamb\u00e9m ter\u00e1 o brilho das atra\u00e7\u00f5es locais e regionais.&nbsp;<\/p>\n\n\n\n<p><strong>Confira a programa\u00e7\u00e3o completa divulgada pela organiza\u00e7\u00e3o:<\/strong><\/p>\n\n\n\n<p><strong>Dia 11\/07 &#8211; Sexta-feira<\/strong><\/p>\n\n\n\n<p>03h: Alvorada &#8211; Jonas e os Dominados<\/p>\n\n\n\n<p>04h: Tinho do Acordeon<\/p>\n\n\n\n<p>20h: Gl\u00edcia Fran\u00e7a<\/p>\n\n\n\n<p>22h: Seu Desejo<\/p>\n\n\n\n<p>0h: Noda de Caju<\/p>\n\n\n\n<p>02h: J\u00falio do Acordeon&nbsp;<\/p>\n\n\n\n<p><strong>Dia 12\/07 &#8211; S\u00e1bado<\/strong><\/p>\n\n\n\n<p>16h: Deryck Sucesso<\/p>\n\n\n\n<p>18h: Marcelo e Rayane<\/p>\n\n\n\n<p>20h: Andrius e Forr\u00f3 Ostenta\u00e7\u00e3o<\/p>\n\n\n\n<p>22h: Tayrone&nbsp;<\/p>\n\n\n\n<p>0h: Mastruz com Leite<\/p>\n\n\n\n<p>02h: Kennedy Senna<\/p>\n\n\n\n<p>04h: Yuri Alves&nbsp;<\/p>\n\n\n\n<p><strong>Dia 13\/07 &#8211; Domingo<\/strong><\/p>\n\n\n\n<p>17h: Quadrilhas Juninas&nbsp;<\/p>\n\n\n\n<p>19h: Edinho Soares<\/p>\n\n\n\n<p>20h: Tarc\u00edsio Maia<\/p>\n\n\n\n<p>22h: Ferro na Muleka<\/p>\n\n\n\n<p>0h: Iguinho e Lulinha<\/p>\n\n\n\n<p>02h: Matheus do Acordeon<\/p>\n\n\n\n<p>04h: Mel Mal\u00edcia<\/p>\n\n\n\n<p><strong><em>Fonte: Portal Jaguarari<\/em><\/strong>&nbsp;<\/p>\n","protected":false},"excerpt":{"rendered":"<p>O distrito de Pilar, localizado no interior de Jaguarari, estar\u00e1 em festa no pr\u00f3ximo final de semana com os festejos fora de \u00e9poca de S\u00e3o Pedro que prometem agitar a terra do cobre. A festa que faz parte do Arrai\u00e1 das Estrelas, acontece nos dias 11, 12 e 13 de julho na pra\u00e7a de eventos [&hellip;]<\/p>\n","protected":false},"author":2,"featured_media":32073,"comment_status":"open","ping_status":"open","sticky":false,"template":"","format":"standard","meta":{"_jetpack_memberships_contains_paid_content":false,"footnotes":""},"categories":[3],"tags":[],"class_list":["post-32072","post","type-post","status-publish","format-standard","has-post-thumbnail","hentry","category-regional"],"aioseo_notices":[],"jetpack_featured_media_url":"https:\/\/i0.wp.com\/minutobahia24h.com.br\/wp-content\/uploads\/2025\/07\/Sem-titulo-143.jpg?fit=513%2C640&ssl=1","jetpack_sharing_enabled":true,"_links":{"self":[{"href":"https:\/\/minutobahia24h.com.br\/index.php?rest_route=\/wp\/v2\/posts\/32072","targetHints":{"allow":["GET"]}}],"collection":[{"href":"https:\/\/minutobahia24h.com.br\/index.php?rest_route=\/wp\/v2\/posts"}],"about":[{"href":"https:\/\/minutobahia24h.com.br\/index.php?rest_route=\/wp\/v2\/types\/post"}],"author":[{"embeddable":true,"href":"https:\/\/minutobahia24h.com.br\/index.php?rest_route=\/wp\/v2\/users\/2"}],"replies":[{"embeddable":true,"href":"https:\/\/minutobahia24h.com.br\/index.php?rest_route=%2Fwp%2Fv2%2Fcomments&post=32072"}],"version-history":[{"count":1,"href":"https:\/\/minutobahia24h.com.br\/index.php?rest_route=\/wp\/v2\/posts\/32072\/revisions"}],"predecessor-version":[{"id":32074,"href":"https:\/\/minutobahia24h.com.br\/index.php?rest_route=\/wp\/v2\/posts\/32072\/revisions\/32074"}],"wp:featuredmedia":[{"embeddable":true,"href":"https:\/\/minutobahia24h.com.br\/index.php?rest_route=\/wp\/v2\/media\/32073"}],"wp:attachment":[{"href":"https:\/\/minutobahia24h.com.br\/index.php?rest_route=%2Fwp%2Fv2%2Fmedia&parent=32072"}],"wp:term":[{"taxonomy":"category","embeddable":true,"href":"https:\/\/minutobahia24h.com.br\/index.php?rest_route=%2Fwp%2Fv2%2Fcategories&post=32072"},{"taxonomy":"post_tag","embeddable":true,"href":"https:\/\/minutobahia24h.com.br\/index.php?rest_route=%2Fwp%2Fv2%2Ftags&post=32072"}],"curies":[{"name":"wp","href":"https:\/\/api.w.org\/{rel}","templated":true}]}}