{"id":32066,"date":"2025-07-11T07:29:53","date_gmt":"2025-07-11T10:29:53","guid":{"rendered":"https:\/\/minutobahia24h.com.br\/?p=32066"},"modified":"2025-07-11T07:29:55","modified_gmt":"2025-07-11T10:29:55","slug":"cine-ferbasa-chega-a-andorinha-em-agosto-com-sessoes-gratuitas-de-cinema-e-muita-diversao","status":"publish","type":"post","link":"https:\/\/minutobahia24h.com.br\/?p=32066","title":{"rendered":"Cine Ferbasa Chega a Andorinha em Agosto com Sess\u00f5es Gratuitas de Cinema e Muita Divers\u00e3o"},"content":{"rendered":"<div class=\"wp-block-image\">\n<figure class=\"aligncenter size-full\"><img data-recalc-dims=\"1\" fetchpriority=\"high\" decoding=\"async\" width=\"640\" height=\"459\" src=\"https:\/\/i0.wp.com\/minutobahia24h.com.br\/wp-content\/uploads\/2025\/07\/Sem-titulo-141.jpg?resize=640%2C459&#038;ssl=1\" alt=\"\" class=\"wp-image-32067\" srcset=\"https:\/\/i0.wp.com\/minutobahia24h.com.br\/wp-content\/uploads\/2025\/07\/Sem-titulo-141.jpg?w=640&amp;ssl=1 640w, https:\/\/i0.wp.com\/minutobahia24h.com.br\/wp-content\/uploads\/2025\/07\/Sem-titulo-141.jpg?resize=300%2C215&amp;ssl=1 300w, https:\/\/i0.wp.com\/minutobahia24h.com.br\/wp-content\/uploads\/2025\/07\/Sem-titulo-141.jpg?resize=120%2C86&amp;ssl=1 120w, https:\/\/i0.wp.com\/minutobahia24h.com.br\/wp-content\/uploads\/2025\/07\/Sem-titulo-141.jpg?resize=350%2C250&amp;ssl=1 350w\" sizes=\"(max-width: 640px) 100vw, 640px\" \/><\/figure>\n<\/div>\n\n\n<p>O projeto&nbsp;<strong>Cine Ferbasa<\/strong>&nbsp;j\u00e1 tem data para come\u00e7ar a percorrer o interior da Bahia, e Andorinha est\u00e1 na rota! A partir de&nbsp;<strong>07<\/strong>&nbsp;de julho,&nbsp;<strong>10<\/strong>&nbsp;munic\u00edpios receber\u00e3o o caminh\u00e3o-cinema que, em 2025, completa&nbsp;<strong>10 anos<\/strong>&nbsp;de atua\u00e7\u00e3o levando cinema, cultura e entretenimento a comunidades que n\u00e3o t\u00eam acesso a salas de exibi\u00e7\u00e3o.<\/p>\n\n\n\n<p>Andorinha ser\u00e1 contemplada nos dias&nbsp;<strong>04<\/strong>&nbsp;e&nbsp;<strong>05<\/strong>&nbsp;de agosto, com exibi\u00e7\u00f5es totalmente gratuitas, incluindo pipoca e refrigerante para o p\u00fablico. A estrutura \u00e9 montada em um caminh\u00e3o adaptado que se transforma em uma confort\u00e1vel sala de cinema, com capacidade para 80 pessoas, poltronas acolchoadas, ar-condicionado e acessibilidade para pessoas com dificuldades de locomo\u00e7\u00e3o.<\/p>\n\n\n\n<p>Ser\u00e3o cinco sess\u00f5es di\u00e1rias, nos hor\u00e1rios de&nbsp;<strong>8h<\/strong>,&nbsp;<strong>10h<\/strong>,&nbsp;<strong>14h<\/strong>,&nbsp;<strong>16h<\/strong>&nbsp;e&nbsp;<strong>19h<\/strong>, com filmes para todas as idades. Este ano, o Cine Ferbasa traz sucessos como Meu Malvado Favorito 4, Divertidamente 2, A Pequena Sereia e Moana 2.<\/p>\n\n\n\n<p>Al\u00e9m de Andorinha, tamb\u00e9m est\u00e3o no roteiro as cidades de Marac\u00e1s, Planaltino, Entre Rios, Catu, Pojuca, Conde, Euclides da Cunha, Campo Formoso e Iti\u00faba.<\/p>\n\n\n\n<p>\u201c<em>Esta \u00e9 uma forma de democratizar o acesso \u00e0 magia do cinema. Com isso, refor\u00e7amos o compromisso da Ferbasa com o desenvolvimento sociocultural das comunidades onde atua<\/em>\u201d, destaca&nbsp;<strong>Carolina Carvalho<\/strong>, coordenadora de Comunica\u00e7\u00e3o da Companhia.<\/p>\n\n\n\n<p>\ud83d\udcc5&nbsp;<strong>Confira a data em que o Cine Ferbasa estar\u00e1 em Andorinha:<\/strong><\/p>\n\n\n\n<p><strong>07\/jul<\/strong>&nbsp;Segunda-Feira \u2013 Marac\u00e1s<\/p>\n\n\n\n<p><strong>08\/jul<\/strong>&nbsp;Ter\u00e7a-Feira \u2013 Marac\u00e1s<\/p>\n\n\n\n<p><strong>10\/jul<\/strong>&nbsp;Quinta-Feira \u2013 Planaltino<\/p>\n\n\n\n<p><strong>11\/jul<\/strong>&nbsp;Sexta-Feira \u2013 Planaltino<\/p>\n\n\n\n<p><strong>14\/jul<\/strong>&nbsp;Segunda-Feira \u2013 Entre Rios<\/p>\n\n\n\n<p><strong>15\/jul<\/strong>&nbsp;Ter\u00e7a-Feira \u2013 Entre Rios<\/p>\n\n\n\n<p><strong>17\/jul<\/strong>&nbsp;Quinta-Feira \u2013 Catu<\/p>\n\n\n\n<p><strong>18\/jul<\/strong>&nbsp;Sexta-Feira \u2013 Catu<\/p>\n\n\n\n<p><strong>21\/jul<\/strong>&nbsp;Segunda-Feira \u2013 Pojuca<\/p>\n\n\n\n<p><strong>22\/jul<\/strong>&nbsp;Ter\u00e7a-Feira \u2013 Pojuca<\/p>\n\n\n\n<p><strong>28\/jul<\/strong>&nbsp;Segunda-Feira \u2013 Conde<\/p>\n\n\n\n<p><strong>29\/jul<\/strong>&nbsp;Ter\u00e7a-Feira \u2013 Conde<\/p>\n\n\n\n<p><strong>31\/jul<\/strong>&nbsp;Quinta-Feira \u2013 Euclides da Cunha<\/p>\n\n\n\n<p><strong>01\/ago<\/strong>&nbsp;Sexta-Feira \u2013 Euclides da Cunha<\/p>\n\n\n\n<p><strong>04\/ago<\/strong>&nbsp;Segunda-Feira \u2013 Andorinha<\/p>\n\n\n\n<p><strong>05\/ago<\/strong>&nbsp;Ter\u00e7a-Feira \u2013 Andorinha<\/p>\n\n\n\n<p><strong>07\/ago<\/strong>&nbsp;Quinta-Feira \u2013 Campo Formoso<\/p>\n\n\n\n<p><strong>08\/ago<\/strong>&nbsp;Sexta-Feira \u2013 Campo Formoso<\/p>\n\n\n\n<p><strong>10\/ago<\/strong>&nbsp;Domingo \u2013 Iti\u00faba<\/p>\n\n\n\n<p><strong>11\/ago<\/strong>&nbsp;Segunda-Feira \u2013 Iti\u00faba<\/p>\n\n\n\n<p>andorinhanews<\/p>\n","protected":false},"excerpt":{"rendered":"<p>O projeto&nbsp;Cine Ferbasa&nbsp;j\u00e1 tem data para come\u00e7ar a percorrer o interior da Bahia, e Andorinha est\u00e1 na rota! A partir de&nbsp;07&nbsp;de julho,&nbsp;10&nbsp;munic\u00edpios receber\u00e3o o caminh\u00e3o-cinema que, em 2025, completa&nbsp;10 anos&nbsp;de atua\u00e7\u00e3o levando cinema, cultura e entretenimento a comunidades que n\u00e3o t\u00eam acesso a salas de exibi\u00e7\u00e3o. Andorinha ser\u00e1 contemplada nos dias&nbsp;04&nbsp;e&nbsp;05&nbsp;de agosto, com exibi\u00e7\u00f5es totalmente [&hellip;]<\/p>\n","protected":false},"author":2,"featured_media":32067,"comment_status":"open","ping_status":"open","sticky":false,"template":"","format":"standard","meta":{"_jetpack_memberships_contains_paid_content":false,"footnotes":""},"categories":[3],"tags":[],"class_list":["post-32066","post","type-post","status-publish","format-standard","has-post-thumbnail","hentry","category-regional"],"aioseo_notices":[],"jetpack_featured_media_url":"https:\/\/i0.wp.com\/minutobahia24h.com.br\/wp-content\/uploads\/2025\/07\/Sem-titulo-141.jpg?fit=640%2C459&ssl=1","jetpack_sharing_enabled":true,"_links":{"self":[{"href":"https:\/\/minutobahia24h.com.br\/index.php?rest_route=\/wp\/v2\/posts\/32066","targetHints":{"allow":["GET"]}}],"collection":[{"href":"https:\/\/minutobahia24h.com.br\/index.php?rest_route=\/wp\/v2\/posts"}],"about":[{"href":"https:\/\/minutobahia24h.com.br\/index.php?rest_route=\/wp\/v2\/types\/post"}],"author":[{"embeddable":true,"href":"https:\/\/minutobahia24h.com.br\/index.php?rest_route=\/wp\/v2\/users\/2"}],"replies":[{"embeddable":true,"href":"https:\/\/minutobahia24h.com.br\/index.php?rest_route=%2Fwp%2Fv2%2Fcomments&post=32066"}],"version-history":[{"count":1,"href":"https:\/\/minutobahia24h.com.br\/index.php?rest_route=\/wp\/v2\/posts\/32066\/revisions"}],"predecessor-version":[{"id":32068,"href":"https:\/\/minutobahia24h.com.br\/index.php?rest_route=\/wp\/v2\/posts\/32066\/revisions\/32068"}],"wp:featuredmedia":[{"embeddable":true,"href":"https:\/\/minutobahia24h.com.br\/index.php?rest_route=\/wp\/v2\/media\/32067"}],"wp:attachment":[{"href":"https:\/\/minutobahia24h.com.br\/index.php?rest_route=%2Fwp%2Fv2%2Fmedia&parent=32066"}],"wp:term":[{"taxonomy":"category","embeddable":true,"href":"https:\/\/minutobahia24h.com.br\/index.php?rest_route=%2Fwp%2Fv2%2Fcategories&post=32066"},{"taxonomy":"post_tag","embeddable":true,"href":"https:\/\/minutobahia24h.com.br\/index.php?rest_route=%2Fwp%2Fv2%2Ftags&post=32066"}],"curies":[{"name":"wp","href":"https:\/\/api.w.org\/{rel}","templated":true}]}}