{"id":31972,"date":"2025-07-09T08:18:32","date_gmt":"2025-07-09T11:18:32","guid":{"rendered":"https:\/\/minutobahia24h.com.br\/?p=31972"},"modified":"2025-07-09T08:18:33","modified_gmt":"2025-07-09T11:18:33","slug":"terra-gira-mais-rapido-nesta-quarta-feira-e-encurta-a-duracao-do-dia","status":"publish","type":"post","link":"https:\/\/minutobahia24h.com.br\/?p=31972","title":{"rendered":"Terra gira mais r\u00e1pido nesta quarta-feira e encurta a dura\u00e7\u00e3o do dia"},"content":{"rendered":"<div class=\"wp-block-image\">\n<figure class=\"aligncenter size-full\"><img data-recalc-dims=\"1\" fetchpriority=\"high\" decoding=\"async\" width=\"600\" height=\"420\" src=\"https:\/\/i0.wp.com\/minutobahia24h.com.br\/wp-content\/uploads\/2025\/07\/Sem-titulo-114.jpg?resize=600%2C420&#038;ssl=1\" alt=\"\" class=\"wp-image-31973\" srcset=\"https:\/\/i0.wp.com\/minutobahia24h.com.br\/wp-content\/uploads\/2025\/07\/Sem-titulo-114.jpg?w=600&amp;ssl=1 600w, https:\/\/i0.wp.com\/minutobahia24h.com.br\/wp-content\/uploads\/2025\/07\/Sem-titulo-114.jpg?resize=300%2C210&amp;ssl=1 300w\" sizes=\"(max-width: 600px) 100vw, 600px\" \/><figcaption class=\"wp-element-caption\">Foto: NASA<br><\/figcaption><\/figure>\n<\/div>\n\n\n<p>A Terra vai girar ligeiramente mais r\u00e1pido nesta quarta-feira (9), encurtando a dura\u00e7\u00e3o do dia em 1,30 milissegundo, segundo estimativas do Servi\u00e7o Internacional de Sistemas de Refer\u00eancia e Rota\u00e7\u00e3o da Terra (IERS) e do Observat\u00f3rio Naval dos Estados Unidos. O fen\u00f4meno marca o primeiro de tr\u00eas dias especialmente curtos previstos para este ano, com os pr\u00f3ximos picos ocorrendo em 22 de julho e 5 de agosto.<\/p>\n\n\n\n<p>\u00c9 a quinta vez consecutiva que esse encurtamento ocorre no mesmo per\u00edodo entre julho e agosto, contrariando a tend\u00eancia hist\u00f3rica de desacelera\u00e7\u00e3o da rota\u00e7\u00e3o do planeta. Embora a varia\u00e7\u00e3o seja impercept\u00edvel para os seres humanos, ela chama a aten\u00e7\u00e3o de cientistas que monitoram com precis\u00e3o o tempo e os movimentos da Terra.<\/p>\n\n\n\n<p>De acordo com a plataforma Time and Date, esse aumento pontual na rota\u00e7\u00e3o pode ser influenciado por uma s\u00e9rie de fatores, como mudan\u00e7as no n\u00edvel do mar, movimenta\u00e7\u00f5es internas da crosta terrestre e at\u00e9 eventos s\u00edsmicos. No entanto, o principal elemento respons\u00e1vel pela desacelera\u00e7\u00e3o da rota\u00e7\u00e3o ao longo dos s\u00e9culos \u00e9 a intera\u00e7\u00e3o gravitacional com a Lua, que se afasta gradualmente da Terra, exigindo um ajuste no equil\u00edbrio angular do planeta. Essa desacelera\u00e7\u00e3o \u00e9 estimada em cerca de 1,8 milissegundo por s\u00e9culo.<\/p>\n\n\n\n<p>Ao longo da hist\u00f3ria geol\u00f3gica, a dura\u00e7\u00e3o dos dias j\u00e1 foi bem diferente. H\u00e1 registros de que, em certos per\u00edodos, um ano chegou a ter entre 372 e 490 dias, o que indica que os dias eram mais curtos do que as atuais 24 horas.<\/p>\n\n\n\n<p>Apesar de n\u00e3o causar impactos diretos no cotidiano, o fen\u00f4meno \u00e9 monitorado de perto por ag\u00eancias e institui\u00e7\u00f5es cient\u00edficas, pois afeta a contagem precisa do tempo e pode influenciar tecnologias sens\u00edveis, como sistemas de navega\u00e7\u00e3o por sat\u00e9lite e comunica\u00e7\u00f5es globais.<\/p>\n\n\n\n<p>Bahia.ba<\/p>\n","protected":false},"excerpt":{"rendered":"<p>A Terra vai girar ligeiramente mais r\u00e1pido nesta quarta-feira (9), encurtando a dura\u00e7\u00e3o do dia em 1,30 milissegundo, segundo estimativas do Servi\u00e7o Internacional de Sistemas de Refer\u00eancia e Rota\u00e7\u00e3o da Terra (IERS) e do Observat\u00f3rio Naval dos Estados Unidos. O fen\u00f4meno marca o primeiro de tr\u00eas dias especialmente curtos previstos para este ano, com os [&hellip;]<\/p>\n","protected":false},"author":2,"featured_media":31973,"comment_status":"open","ping_status":"open","sticky":false,"template":"","format":"standard","meta":{"_jetpack_memberships_contains_paid_content":false,"footnotes":""},"categories":[15],"tags":[],"class_list":["post-31972","post","type-post","status-publish","format-standard","has-post-thumbnail","hentry","category-mundo"],"aioseo_notices":[],"jetpack_featured_media_url":"https:\/\/i0.wp.com\/minutobahia24h.com.br\/wp-content\/uploads\/2025\/07\/Sem-titulo-114.jpg?fit=600%2C420&ssl=1","jetpack_sharing_enabled":true,"_links":{"self":[{"href":"https:\/\/minutobahia24h.com.br\/index.php?rest_route=\/wp\/v2\/posts\/31972","targetHints":{"allow":["GET"]}}],"collection":[{"href":"https:\/\/minutobahia24h.com.br\/index.php?rest_route=\/wp\/v2\/posts"}],"about":[{"href":"https:\/\/minutobahia24h.com.br\/index.php?rest_route=\/wp\/v2\/types\/post"}],"author":[{"embeddable":true,"href":"https:\/\/minutobahia24h.com.br\/index.php?rest_route=\/wp\/v2\/users\/2"}],"replies":[{"embeddable":true,"href":"https:\/\/minutobahia24h.com.br\/index.php?rest_route=%2Fwp%2Fv2%2Fcomments&post=31972"}],"version-history":[{"count":1,"href":"https:\/\/minutobahia24h.com.br\/index.php?rest_route=\/wp\/v2\/posts\/31972\/revisions"}],"predecessor-version":[{"id":31974,"href":"https:\/\/minutobahia24h.com.br\/index.php?rest_route=\/wp\/v2\/posts\/31972\/revisions\/31974"}],"wp:featuredmedia":[{"embeddable":true,"href":"https:\/\/minutobahia24h.com.br\/index.php?rest_route=\/wp\/v2\/media\/31973"}],"wp:attachment":[{"href":"https:\/\/minutobahia24h.com.br\/index.php?rest_route=%2Fwp%2Fv2%2Fmedia&parent=31972"}],"wp:term":[{"taxonomy":"category","embeddable":true,"href":"https:\/\/minutobahia24h.com.br\/index.php?rest_route=%2Fwp%2Fv2%2Fcategories&post=31972"},{"taxonomy":"post_tag","embeddable":true,"href":"https:\/\/minutobahia24h.com.br\/index.php?rest_route=%2Fwp%2Fv2%2Ftags&post=31972"}],"curies":[{"name":"wp","href":"https:\/\/api.w.org\/{rel}","templated":true}]}}