{"id":31966,"date":"2025-07-09T08:15:42","date_gmt":"2025-07-09T11:15:42","guid":{"rendered":"https:\/\/minutobahia24h.com.br\/?p=31966"},"modified":"2025-07-09T08:15:43","modified_gmt":"2025-07-09T11:15:43","slug":"ministra-confirma-aumento-do-salario-minimo-confira-o-valor","status":"publish","type":"post","link":"https:\/\/minutobahia24h.com.br\/?p=31966","title":{"rendered":"Ministra confirma aumento do sal\u00e1rio m\u00ednimo; confira o valor"},"content":{"rendered":"<div class=\"wp-block-image\">\n<figure class=\"aligncenter size-full\"><img data-recalc-dims=\"1\" fetchpriority=\"high\" decoding=\"async\" width=\"495\" height=\"279\" src=\"https:\/\/i0.wp.com\/minutobahia24h.com.br\/wp-content\/uploads\/2025\/07\/Sem-titulo-112.jpg?resize=495%2C279&#038;ssl=1\" alt=\"\" class=\"wp-image-31967\" srcset=\"https:\/\/i0.wp.com\/minutobahia24h.com.br\/wp-content\/uploads\/2025\/07\/Sem-titulo-112.jpg?w=495&amp;ssl=1 495w, https:\/\/i0.wp.com\/minutobahia24h.com.br\/wp-content\/uploads\/2025\/07\/Sem-titulo-112.jpg?resize=300%2C169&amp;ssl=1 300w\" sizes=\"(max-width: 495px) 100vw, 495px\" \/><figcaption class=\"wp-element-caption\">Sal\u00e1rio deve passar por reajuste em 2026 &#8211; Foto: Marcello Casal Jr. | Ag\u00eancia Brasil<br><\/figcaption><\/figure>\n<\/div>\n\n\n<p>A ministra do Planejamento e Or\u00e7amento, Simone Tebet (MDB), confirmou, nesta ter\u00e7a-feira, 8, que o sal\u00e1rio m\u00ednimo deve passar por um novo reajuste em 2026. Atualmente, a remunera\u00e7\u00e3o est\u00e1 no valor de R$ 1.518,00.<\/p>\n\n\n\n<p>Segundo Tebet, que esteve em audi\u00eancia p\u00fablica realizada pela Comiss\u00e3o Mista de Or\u00e7amento (CMO) do Congresso, o sal\u00e1rio pode ser fixado em R$ 1.630,00 no pr\u00f3ximo ano. Segundo a ministra, esse ser\u00e1 o vencimento de maior valor real dos \u00faltimos 50 anos no pa\u00eds.<\/p>\n\n\n\n<p>\u201c\u00c9 o maior sal\u00e1rio m\u00ednimo dos \u00faltimos 50 anos em termos reais\u201d, destacou a ministra, que ainda apresentou a expectativa or\u00e7ament\u00e1rio do governo Luiz In\u00e1cio Lula da Silva (PT) para o pr\u00f3ximo ano, com a promessa de que ser\u00e1 cumprido o chamado &#8216;arcabou\u00e7o fiscal&#8217;.<\/p>\n\n\n\n<p><strong>Tebet prega justi\u00e7a tribut\u00e1ria<\/strong><\/p>\n\n\n\n<p>Em meio ao impasse em torno do aumento do Imposto sobre Opera\u00e7\u00f5es Financeiras (IOF), protagonizado pelo Executivo e pelo Congresso, Tebet ainda pregou a necessidade do pa\u00eds promover o que ela considera &#8216;justi\u00e7a tribut\u00e1ria&#8217;.<\/p>\n\n\n\n<p>\u201cJ\u00e1 mexemos muito com o andar de baixo. Nunca se conseguiu mexer com o andar de cima\u201d, destacou Tebet, que ainda ressaltou o impacto da reforma tribut\u00e1ria.<\/p>\n\n\n\n<p>\u201cCom serenidade e com di\u00e1logo, deixando as diferen\u00e7as partid\u00e1rias e ideol\u00f3gicas de lado, e pensando mais naquilo que nos une do que naquilo que nos diferencia, n\u00f3s temos solu\u00e7\u00f5es para todos os reais problemas do Brasil\u201d, defendeu.<\/p>\n\n\n\n<p>Fonte: A Tarde<\/p>\n","protected":false},"excerpt":{"rendered":"<p>A ministra do Planejamento e Or\u00e7amento, Simone Tebet (MDB), confirmou, nesta ter\u00e7a-feira, 8, que o sal\u00e1rio m\u00ednimo deve passar por um novo reajuste em 2026. Atualmente, a remunera\u00e7\u00e3o est\u00e1 no valor de R$ 1.518,00. Segundo Tebet, que esteve em audi\u00eancia p\u00fablica realizada pela Comiss\u00e3o Mista de Or\u00e7amento (CMO) do Congresso, o sal\u00e1rio pode ser fixado [&hellip;]<\/p>\n","protected":false},"author":2,"featured_media":31967,"comment_status":"open","ping_status":"open","sticky":false,"template":"","format":"standard","meta":{"_jetpack_memberships_contains_paid_content":false,"footnotes":""},"categories":[19],"tags":[],"class_list":["post-31966","post","type-post","status-publish","format-standard","has-post-thumbnail","hentry","category-economia"],"aioseo_notices":[],"jetpack_featured_media_url":"https:\/\/i0.wp.com\/minutobahia24h.com.br\/wp-content\/uploads\/2025\/07\/Sem-titulo-112.jpg?fit=495%2C279&ssl=1","jetpack_sharing_enabled":true,"_links":{"self":[{"href":"https:\/\/minutobahia24h.com.br\/index.php?rest_route=\/wp\/v2\/posts\/31966","targetHints":{"allow":["GET"]}}],"collection":[{"href":"https:\/\/minutobahia24h.com.br\/index.php?rest_route=\/wp\/v2\/posts"}],"about":[{"href":"https:\/\/minutobahia24h.com.br\/index.php?rest_route=\/wp\/v2\/types\/post"}],"author":[{"embeddable":true,"href":"https:\/\/minutobahia24h.com.br\/index.php?rest_route=\/wp\/v2\/users\/2"}],"replies":[{"embeddable":true,"href":"https:\/\/minutobahia24h.com.br\/index.php?rest_route=%2Fwp%2Fv2%2Fcomments&post=31966"}],"version-history":[{"count":1,"href":"https:\/\/minutobahia24h.com.br\/index.php?rest_route=\/wp\/v2\/posts\/31966\/revisions"}],"predecessor-version":[{"id":31968,"href":"https:\/\/minutobahia24h.com.br\/index.php?rest_route=\/wp\/v2\/posts\/31966\/revisions\/31968"}],"wp:featuredmedia":[{"embeddable":true,"href":"https:\/\/minutobahia24h.com.br\/index.php?rest_route=\/wp\/v2\/media\/31967"}],"wp:attachment":[{"href":"https:\/\/minutobahia24h.com.br\/index.php?rest_route=%2Fwp%2Fv2%2Fmedia&parent=31966"}],"wp:term":[{"taxonomy":"category","embeddable":true,"href":"https:\/\/minutobahia24h.com.br\/index.php?rest_route=%2Fwp%2Fv2%2Fcategories&post=31966"},{"taxonomy":"post_tag","embeddable":true,"href":"https:\/\/minutobahia24h.com.br\/index.php?rest_route=%2Fwp%2Fv2%2Ftags&post=31966"}],"curies":[{"name":"wp","href":"https:\/\/api.w.org\/{rel}","templated":true}]}}