{"id":31963,"date":"2025-07-09T08:14:10","date_gmt":"2025-07-09T11:14:10","guid":{"rendered":"https:\/\/minutobahia24h.com.br\/?p=31963"},"modified":"2025-07-09T08:14:11","modified_gmt":"2025-07-09T11:14:11","slug":"preco-do-icloud-vai-aumentar-amanha-no-brasil-veja-novos-valores","status":"publish","type":"post","link":"https:\/\/minutobahia24h.com.br\/?p=31963","title":{"rendered":"Pre\u00e7o do iCloud+ vai aumentar amanh\u00e3 no Brasil; veja novos valores"},"content":{"rendered":"\n<p>O pre\u00e7o do\u00a0<a class=\"\" href=\"https:\/\/www.techtudo.com.br\/tudo-sobre\/icloud\/\">iCloud<\/a>+, servi\u00e7o em nuvem da\u00a0<a class=\"\" href=\"https:\/\/www.techtudo.com.br\/tudo-sobre\/apple\/\">Apple<\/a>, vai aumentar a partir desta quarta-feira (9).\u00a0<a class=\"\" href=\"https:\/\/www.techtudo.com.br\/noticias\/2025\/05\/tem-iphone-icloud-e-apple-one-ficam-mais-caros-no-brasil-veja-preco-edapps.ghtml\">A altera\u00e7\u00e3o foi anunciada em maio<\/a>\u00a0deste ano na p\u00e1gina oficial da\u00a0<a class=\"\" href=\"https:\/\/www.techtudo.com.br\/guia\/2023\/09\/fintechs-startups-e-big-techs-entenda-significados-e-exemplos-no-mundo-edsoftwares.ghtml\">big tech<\/a>, com planos que variam de R$ 5,90 a R$ 399,90. O novo pre\u00e7o representa um acr\u00e9scimo de at\u00e9 33% em rela\u00e7\u00e3o aos valores antigos. Al\u00e9m disso, o\u00a0<a class=\"\" href=\"https:\/\/www.techtudo.com.br\/guia\/2025\/02\/apple-one-conheca-precos-quais-sao-os-beneficios-e-se-vale-a-pena-edapps.ghtml\">Apple One<\/a>, pacote unificado que inclui\u00a0<a class=\"\" href=\"https:\/\/www.techtudo.com.br\/tudo-sobre\/apple-music\/\">Apple Music<\/a>,\u00a0<a class=\"\" href=\"https:\/\/www.techtudo.com.br\/tudo-sobre\/appla-tv\/\">Apple TV+<\/a>, entre outros, tamb\u00e9m ficar\u00e1 mais caro, mantendo somente o valor do plano individual. Vale lembrar que esses servi\u00e7os n\u00e3o sofriam altera\u00e7\u00f5es h\u00e1 dois anos, tendo sido o \u00faltimo ajuste em 2023. Confira, a seguir, mais detalhes sobre a novidade.<\/p>\n\n\n<div class=\"wp-block-image\">\n<figure class=\"aligncenter size-full\"><img data-recalc-dims=\"1\" fetchpriority=\"high\" decoding=\"async\" width=\"800\" height=\"450\" src=\"https:\/\/i0.wp.com\/minutobahia24h.com.br\/wp-content\/uploads\/2025\/07\/Sem-titulo-111.jpg?resize=800%2C450&#038;ssl=1\" alt=\"\" class=\"wp-image-31964\" srcset=\"https:\/\/i0.wp.com\/minutobahia24h.com.br\/wp-content\/uploads\/2025\/07\/Sem-titulo-111.jpg?w=1000&amp;ssl=1 1000w, https:\/\/i0.wp.com\/minutobahia24h.com.br\/wp-content\/uploads\/2025\/07\/Sem-titulo-111.jpg?resize=300%2C169&amp;ssl=1 300w, https:\/\/i0.wp.com\/minutobahia24h.com.br\/wp-content\/uploads\/2025\/07\/Sem-titulo-111.jpg?resize=768%2C432&amp;ssl=1 768w, https:\/\/i0.wp.com\/minutobahia24h.com.br\/wp-content\/uploads\/2025\/07\/Sem-titulo-111.jpg?resize=750%2C422&amp;ssl=1 750w\" sizes=\"(max-width: 800px) 100vw, 800px\" \/><figcaption class=\"wp-element-caption\">iCloud+ teve reajustes com aumento de at\u00e9 33% nos planos \u2014 Foto: Reprodu\u00e7\u00e3o\/Shutterstock<br><\/figcaption><\/figure>\n<\/div>\n\n\n<h2 class=\"wp-block-heading\">Quais s\u00e3o os novos pre\u00e7os do iCloud+?<\/h2>\n\n\n\n<p>Agora, os valores do iCloud+ partem de R$&nbsp;5,90 (50GB) podendo chegar a R$&nbsp;399,90 (12TB) por m\u00eas, representando um aumento entre 20% (no plano mais b\u00e1sico) a quase 34% (no mais caro). Com isso, os novos valores vigentes do servi\u00e7o de nuvem da Apple s\u00e3o:<\/p>\n\n\n\n<p>Novos pre\u00e7os do iCloud+<\/p>\n\n\n\n<figure class=\"wp-block-table\"><table class=\"has-fixed-layout\"><tbody><tr><td>Armazenamento<\/td><td>Valor atual (\/m\u00eas)<\/td><td>Valor antigo (\/m\u00eas)<\/td><\/tr><tr><td>50 GB<\/td><td>R$ 5,90<\/td><td>R$ 4,90<\/td><\/tr><tr><td>200 GB<\/td><td>R$ 19,90<\/td><td>R$ 14,90<\/td><\/tr><tr><td>2 TB<\/td><td>R$ 66,90<\/td><td>R$ 49,90<\/td><\/tr><tr><td>6 TB<\/td><td>R$ 199,90<\/td><td>R$ 149,90<\/td><\/tr><tr><td>12 TB<\/td><td>R$ 399,90<\/td><td>R$ 299,90<\/td><\/tr><\/tbody><\/table><\/figure>\n\n\n\n<p>Fonte: 9to5mac<\/p>\n\n\n\n<h2 class=\"wp-block-heading\">Quais s\u00e3o os novos pre\u00e7os do Apple One?<\/h2>\n\n\n\n<p>A Apple One n\u00e3o teve um aumento t\u00e3o significativo quanto os planos do iCloud+. Os pre\u00e7os subiram cerca de 11%, sendo que o pacote mais acess\u00edvel, o individual, manteve o seu valor. Os novos valores do pacote de assinatura s\u00e3o:<\/p>\n\n\n\n<p>Novos pre\u00e7os do Apple One<\/p>\n\n\n\n<figure class=\"wp-block-table\"><table class=\"has-fixed-layout\"><tbody><tr><td>Plano<\/td><td>Valor atual<\/td><td>Valor antigo<\/td><\/tr><tr><td>Individual<\/td><td>R$ 42,90<\/td><td>R$ 42,90<\/td><\/tr><tr><td>Familiar<\/td><td>R$ 59,90<\/td><td>R$ 54,90<\/td><\/tr><tr><td>Premium<\/td><td>R$ 99,90<\/td><td>R$ 89,90<\/td><\/tr><\/tbody><\/table><\/figure>\n\n\n\n<p>Fonte: 9to5mac<\/p>\n\n\n\n<h2 class=\"wp-block-heading\">Motivos do aumento dos servi\u00e7os da Apple<\/h2>\n\n\n\n<p>O \u00faltimo aumento do iCloud+ aconteceu em junho de 2023, quando o pacote inicial aumentou de R$&nbsp;3,90 para R$&nbsp;4,90, o pre\u00e7o praticado at\u00e9 ent\u00e3o. J\u00e1 o Apple One n\u00e3o tinha seus valores reajustados desde outubro de 2022. A empresa ainda n\u00e3o se pronunciou sobre a altera\u00e7\u00e3o nos pre\u00e7os, no entanto, sites estrangeiros atribuem esta medida especialmente \u00e0 alta na cota\u00e7\u00e3o do d\u00f3lar. Isso porque a moeda estava em torno R$&nbsp;4,75 em junho de 2023 e, atualmente, beira R$&nbsp;5,60. Al\u00e9m disso, outros rumores apontam que a motiva\u00e7\u00e3o pode estar relacionada ao aumento no Imposto sobre Opera\u00e7\u00f5es Financeiras (IOF), anunciado pelo governo federal.<\/p>\n\n\n\n<figure class=\"wp-block-image\"><img data-recalc-dims=\"1\" height=\"534\" width=\"800\" decoding=\"async\" src=\"https:\/\/i0.wp.com\/s2-techtudo.glbimg.com\/V7PObSUPJDh_iwbu4zFH4k-vQx8%3D\/0x0%3A1024x683\/984x0\/smart\/filters%3Astrip_icc%28%29\/i.s3.glbimg.com\/v1\/AUTH_08fbf48bc0524877943fe86e43087e7a\/internal_photos\/bs\/2025\/i\/R\/SRXBRpTQqJ5I30jXDAdg\/shutterstock-2081949370-1024x683.jpg?resize=800%2C534&#038;ssl=1\" alt=\"Aumento nos servi\u00e7os da Apple podem ser motivados pela alta na cota\u00e7\u00e3o do d\u00f3lar \u2014 Foto: Reprodu\u00e7\u00e3o\/Shutterstock\"\/><figcaption class=\"wp-element-caption\">Aumento nos servi\u00e7os da Apple podem ser motivados pela alta na cota\u00e7\u00e3o do d\u00f3lar \u2014 Foto: Reprodu\u00e7\u00e3o\/Shutterstock<\/figcaption><\/figure>\n\n\n\n<p><em>Com informa\u00e7\u00f5es de&nbsp;<\/em><a class=\"\" href=\"https:\/\/9to5mac.com\/2025\/05\/26\/apple-hikes-icloud-and-apple-one-subscription-prices-in-brazil\/\" target=\"_blank\" rel=\"noreferrer noopener\"><em>9to5mac<\/em><\/a><\/p>\n","protected":false},"excerpt":{"rendered":"<p>O pre\u00e7o do\u00a0iCloud+, servi\u00e7o em nuvem da\u00a0Apple, vai aumentar a partir desta quarta-feira (9).\u00a0A altera\u00e7\u00e3o foi anunciada em maio\u00a0deste ano na p\u00e1gina oficial da\u00a0big tech, com planos que variam de R$ 5,90 a R$ 399,90. O novo pre\u00e7o representa um acr\u00e9scimo de at\u00e9 33% em rela\u00e7\u00e3o aos valores antigos. Al\u00e9m disso, o\u00a0Apple One, pacote unificado [&hellip;]<\/p>\n","protected":false},"author":2,"featured_media":31964,"comment_status":"open","ping_status":"open","sticky":false,"template":"","format":"standard","meta":{"_jetpack_memberships_contains_paid_content":false,"footnotes":""},"categories":[16],"tags":[],"class_list":["post-31963","post","type-post","status-publish","format-standard","has-post-thumbnail","hentry","category-tecnologia"],"aioseo_notices":[],"jetpack_featured_media_url":"https:\/\/i0.wp.com\/minutobahia24h.com.br\/wp-content\/uploads\/2025\/07\/Sem-titulo-111.jpg?fit=1000%2C563&ssl=1","jetpack_sharing_enabled":true,"_links":{"self":[{"href":"https:\/\/minutobahia24h.com.br\/index.php?rest_route=\/wp\/v2\/posts\/31963","targetHints":{"allow":["GET"]}}],"collection":[{"href":"https:\/\/minutobahia24h.com.br\/index.php?rest_route=\/wp\/v2\/posts"}],"about":[{"href":"https:\/\/minutobahia24h.com.br\/index.php?rest_route=\/wp\/v2\/types\/post"}],"author":[{"embeddable":true,"href":"https:\/\/minutobahia24h.com.br\/index.php?rest_route=\/wp\/v2\/users\/2"}],"replies":[{"embeddable":true,"href":"https:\/\/minutobahia24h.com.br\/index.php?rest_route=%2Fwp%2Fv2%2Fcomments&post=31963"}],"version-history":[{"count":1,"href":"https:\/\/minutobahia24h.com.br\/index.php?rest_route=\/wp\/v2\/posts\/31963\/revisions"}],"predecessor-version":[{"id":31965,"href":"https:\/\/minutobahia24h.com.br\/index.php?rest_route=\/wp\/v2\/posts\/31963\/revisions\/31965"}],"wp:featuredmedia":[{"embeddable":true,"href":"https:\/\/minutobahia24h.com.br\/index.php?rest_route=\/wp\/v2\/media\/31964"}],"wp:attachment":[{"href":"https:\/\/minutobahia24h.com.br\/index.php?rest_route=%2Fwp%2Fv2%2Fmedia&parent=31963"}],"wp:term":[{"taxonomy":"category","embeddable":true,"href":"https:\/\/minutobahia24h.com.br\/index.php?rest_route=%2Fwp%2Fv2%2Fcategories&post=31963"},{"taxonomy":"post_tag","embeddable":true,"href":"https:\/\/minutobahia24h.com.br\/index.php?rest_route=%2Fwp%2Fv2%2Ftags&post=31963"}],"curies":[{"name":"wp","href":"https:\/\/api.w.org\/{rel}","templated":true}]}}