{"id":31948,"date":"2025-07-09T07:29:08","date_gmt":"2025-07-09T10:29:08","guid":{"rendered":"https:\/\/minutobahia24h.com.br\/?p=31948"},"modified":"2025-07-09T07:29:09","modified_gmt":"2025-07-09T10:29:09","slug":"ufpe-anuncia-cortes-para-manter-funcionamento-ate-o-fim-de-2025","status":"publish","type":"post","link":"https:\/\/minutobahia24h.com.br\/?p=31948","title":{"rendered":"UFPE anuncia cortes para manter funcionamento at\u00e9 o fim de 2025"},"content":{"rendered":"<div class=\"wp-block-image\">\n<figure class=\"aligncenter size-full is-resized\"><img data-recalc-dims=\"1\" fetchpriority=\"high\" decoding=\"async\" width=\"248\" height=\"365\" src=\"https:\/\/i0.wp.com\/minutobahia24h.com.br\/wp-content\/uploads\/2025\/07\/Sem-titulo-107.jpg?resize=248%2C365&#038;ssl=1\" alt=\"\" class=\"wp-image-31949\" style=\"width:294px;height:auto\" srcset=\"https:\/\/i0.wp.com\/minutobahia24h.com.br\/wp-content\/uploads\/2025\/07\/Sem-titulo-107.jpg?w=248&amp;ssl=1 248w, https:\/\/i0.wp.com\/minutobahia24h.com.br\/wp-content\/uploads\/2025\/07\/Sem-titulo-107.jpg?resize=204%2C300&amp;ssl=1 204w\" sizes=\"(max-width: 248px) 100vw, 248px\" \/><\/figure>\n<\/div>\n\n\n<p>O Reitor da Universidade Federal de Pernambuco (UFPE), Alfredo Gomes, anunciou nesta ter\u00e7a-feira (8) uma s\u00e9rie de cortes no or\u00e7amento da institui\u00e7\u00e3o com o objetivo de garantir seu funcionamento at\u00e9 o final de 2025. A medida afetar\u00e1 diretamente mais de 40 mil estudantes de gradua\u00e7\u00e3o e p\u00f3s-gradua\u00e7\u00e3o, al\u00e9m de impactar professores e servidores.<\/p>\n\n\n\n<p><em>\u201cS\u00f3 temos or\u00e7amento previsto at\u00e9 outubro de 2025\u201d<\/em>, afirmou o reitor durante coletiva de imprensa, ao lado do vice-reitor Moacyr Ara\u00fajo.<\/p>\n\n\n\n<p>Entre as a\u00e7\u00f5es previstas est\u00e3o: suspens\u00e3o de editais e contratos; interrup\u00e7\u00e3o de atividades de campo (exceto as obrigat\u00f3rias nos curr\u00edculos); redu\u00e7\u00e3o de servi\u00e7os de manuten\u00e7\u00e3o, como reparo em ar-condicionados, po\u00e7os e esgoto. Apesar das restri\u00e7\u00f5es, as bolsas de assist\u00eancia estudantil est\u00e3o mantidas. Segundo Alfredo, monitorias, bolsas de pesquisa e demais aux\u00edlios voltados \u00e0 perman\u00eancia dos alunos seguir\u00e3o como prioridade.<\/p>\n\n\n\n<p><em>\u201cN\u00e3o vamos reduzir as bolsas de assist\u00eancia estudantil. Elas s\u00e3o uma prioridade m\u00e1xima para a UFPE\u201d<\/em>, refor\u00e7ou o reitor.<\/p>\n\n\n\n<p>Em 2025, a UFPE recebeu R$ 170 milh\u00f5es do or\u00e7amento da Uni\u00e3o, valor inferior ao registrado em 2014, quando a universidade teve R$ 233 milh\u00f5es. De acordo com o reitor, seriam necess\u00e1rios R$ 23,9 milh\u00f5es a mais para manter todas as atividades em pleno funcionamento at\u00e9 dezembro.<\/p>\n\n\n\n<p>No primeiro semestre, a UFPE recebeu R$ 7,9 milh\u00f5es em recomposi\u00e7\u00e3o or\u00e7ament\u00e1ria por parte do Minist\u00e9rio da Educa\u00e7\u00e3o (MEC), valor considerado insuficiente.<em>&nbsp;\u201cTemos uma estrutura de 377 pr\u00e9dios, e o or\u00e7amento atual n\u00e3o cobre as necessidades m\u00ednimas at\u00e9 o fim do ano\u201d,<\/em>&nbsp;explicou.<\/p>\n\n\n\n<p>O campus de Sert\u00e2nia, no Sert\u00e3o de Pernambuco, segue com obras e planejamento sem impacto dos cortes. Segundo Alfredo, o projeto conta com or\u00e7amento pr\u00f3prio. Em nota oficial, o Minist\u00e9rio da Educa\u00e7\u00e3o declarou que mant\u00e9m di\u00e1logo com as reitorias das universidades federais e que tem atuado desde 2023 para recompor o or\u00e7amento das institui\u00e7\u00f5es.<\/p>\n\n\n\n<p><em>\u201cA recomposi\u00e7\u00e3o \u00e9 necess\u00e1ria devido \u00e0s grandes perdas sofridas pelas universidades federais, especialmente entre 2020 e 2022\u201d,<\/em>&nbsp;afirmou o minist\u00e9rio.<\/p>\n\n\n\n<p>A pasta tamb\u00e9m destacou que as universidades t\u00eam autonomia administrativa e financeira, conforme previsto na Constitui\u00e7\u00e3o Federal. <\/p>\n\n\n\n<p>(Fonte: Folha de Pernambuco)<\/p>\n","protected":false},"excerpt":{"rendered":"<p>O Reitor da Universidade Federal de Pernambuco (UFPE), Alfredo Gomes, anunciou nesta ter\u00e7a-feira (8) uma s\u00e9rie de cortes no or\u00e7amento da institui\u00e7\u00e3o com o objetivo de garantir seu funcionamento at\u00e9 o final de 2025. A medida afetar\u00e1 diretamente mais de 40 mil estudantes de gradua\u00e7\u00e3o e p\u00f3s-gradua\u00e7\u00e3o, al\u00e9m de impactar professores e servidores. \u201cS\u00f3 temos [&hellip;]<\/p>\n","protected":false},"author":2,"featured_media":31949,"comment_status":"open","ping_status":"open","sticky":false,"template":"","format":"standard","meta":{"_jetpack_memberships_contains_paid_content":false,"footnotes":""},"categories":[46],"tags":[],"class_list":["post-31948","post","type-post","status-publish","format-standard","has-post-thumbnail","hentry","category-noticia"],"aioseo_notices":[],"jetpack_featured_media_url":"https:\/\/i0.wp.com\/minutobahia24h.com.br\/wp-content\/uploads\/2025\/07\/Sem-titulo-107.jpg?fit=248%2C365&ssl=1","jetpack_sharing_enabled":true,"_links":{"self":[{"href":"https:\/\/minutobahia24h.com.br\/index.php?rest_route=\/wp\/v2\/posts\/31948","targetHints":{"allow":["GET"]}}],"collection":[{"href":"https:\/\/minutobahia24h.com.br\/index.php?rest_route=\/wp\/v2\/posts"}],"about":[{"href":"https:\/\/minutobahia24h.com.br\/index.php?rest_route=\/wp\/v2\/types\/post"}],"author":[{"embeddable":true,"href":"https:\/\/minutobahia24h.com.br\/index.php?rest_route=\/wp\/v2\/users\/2"}],"replies":[{"embeddable":true,"href":"https:\/\/minutobahia24h.com.br\/index.php?rest_route=%2Fwp%2Fv2%2Fcomments&post=31948"}],"version-history":[{"count":1,"href":"https:\/\/minutobahia24h.com.br\/index.php?rest_route=\/wp\/v2\/posts\/31948\/revisions"}],"predecessor-version":[{"id":31950,"href":"https:\/\/minutobahia24h.com.br\/index.php?rest_route=\/wp\/v2\/posts\/31948\/revisions\/31950"}],"wp:featuredmedia":[{"embeddable":true,"href":"https:\/\/minutobahia24h.com.br\/index.php?rest_route=\/wp\/v2\/media\/31949"}],"wp:attachment":[{"href":"https:\/\/minutobahia24h.com.br\/index.php?rest_route=%2Fwp%2Fv2%2Fmedia&parent=31948"}],"wp:term":[{"taxonomy":"category","embeddable":true,"href":"https:\/\/minutobahia24h.com.br\/index.php?rest_route=%2Fwp%2Fv2%2Fcategories&post=31948"},{"taxonomy":"post_tag","embeddable":true,"href":"https:\/\/minutobahia24h.com.br\/index.php?rest_route=%2Fwp%2Fv2%2Ftags&post=31948"}],"curies":[{"name":"wp","href":"https:\/\/api.w.org\/{rel}","templated":true}]}}