{"id":31933,"date":"2025-07-09T07:08:59","date_gmt":"2025-07-09T10:08:59","guid":{"rendered":"https:\/\/minutobahia24h.com.br\/?p=31933"},"modified":"2025-07-09T07:09:01","modified_gmt":"2025-07-09T10:09:01","slug":"famosa-pelas-cachoeiras-vila-de-itaitu-realiza-2o-festival-de-inverno-no-fim-de-julho","status":"publish","type":"post","link":"https:\/\/minutobahia24h.com.br\/?p=31933","title":{"rendered":"Famosa pelas cachoeiras, Vila de Itaitu realiza 2\u00ba Festival de Inverno no fim de julho"},"content":{"rendered":"<div class=\"wp-block-image\">\n<figure class=\"aligncenter size-full\"><img data-recalc-dims=\"1\" fetchpriority=\"high\" decoding=\"async\" width=\"750\" height=\"375\" src=\"https:\/\/i0.wp.com\/minutobahia24h.com.br\/wp-content\/uploads\/2025\/07\/Sem-titulo-102.jpg?resize=750%2C375&#038;ssl=1\" alt=\"\" class=\"wp-image-31934\" srcset=\"https:\/\/i0.wp.com\/minutobahia24h.com.br\/wp-content\/uploads\/2025\/07\/Sem-titulo-102.jpg?w=750&amp;ssl=1 750w, https:\/\/i0.wp.com\/minutobahia24h.com.br\/wp-content\/uploads\/2025\/07\/Sem-titulo-102.jpg?resize=300%2C150&amp;ssl=1 300w, https:\/\/i0.wp.com\/minutobahia24h.com.br\/wp-content\/uploads\/2025\/07\/Sem-titulo-102.jpg?resize=360%2C180&amp;ssl=1 360w\" sizes=\"(max-width: 750px) 100vw, 750px\" \/><\/figure>\n<\/div>\n\n\n<p>Distrito tur\u00edstico de Jacobina e cercada de cachoeiras, a Vila de Itaitu realiza, neste m\u00eas, a segunda edi\u00e7\u00e3o do Festival de Inverno de Itaitu. O evento est\u00e1 programado para os dias 18 a 20 de julho, sexta a domingo, com uma programa\u00e7\u00e3o totalmente gratuita que envolve atra\u00e7\u00f5es musicais, exposi\u00e7\u00f5es de arte, gastronomia, feira de economia popular e solid\u00e1ria al\u00e9m de oficinas e palestras sobre temas culturais e ambientais.<\/p>\n\n\n<div class=\"wp-block-image\">\n<figure class=\"aligncenter\" id=\"attachment_323625\"><img decoding=\"async\" src=\"https:\/\/i0.wp.com\/www.calilanoticias.com\/wp-content\/uploads\/2025\/07\/WhatsApp-Image-2025-07-08-at-12.20.06.jpeg?resize=698%2C465&amp;ssl=1\" alt=\"\" class=\"wp-image-323625\"\/><figcaption class=\"wp-element-caption\">Divulga\u00e7\u00e3o<\/figcaption><\/figure>\n<\/div>\n\n\n<p>Com o tema \u2018\u00c1gua que une, arte que transforma\u2019, o evento realizado por um coletivo independente, vinculado \u00e0 Associa\u00e7\u00e3o de Guias e Condutores de Itaitu (ACAGI), busca celebrar a heran\u00e7a cultural da regi\u00e3o e estimular o turismo sustent\u00e1vel para o desenvolvimento econ\u00f4mico da pequena comunidade de cerca de 800 habitantes. Cercada por mais de 40 cachoeiras, dentre elas V\u00e9u de Noiva, Pinhanc\u00f3 e Arapongas, a vila fica a pouco mais de 330 km de Salvador, capital baiana.<\/p>\n\n\n\n<p>Por: Hilza Cordeiro | Berrad\u00earo Comunica\u00e7\u00e3o<\/p>\n","protected":false},"excerpt":{"rendered":"<p>Distrito tur\u00edstico de Jacobina e cercada de cachoeiras, a Vila de Itaitu realiza, neste m\u00eas, a segunda edi\u00e7\u00e3o do Festival de Inverno de Itaitu. O evento est\u00e1 programado para os dias 18 a 20 de julho, sexta a domingo, com uma programa\u00e7\u00e3o totalmente gratuita que envolve atra\u00e7\u00f5es musicais, exposi\u00e7\u00f5es de arte, gastronomia, feira de economia [&hellip;]<\/p>\n","protected":false},"author":2,"featured_media":31934,"comment_status":"open","ping_status":"open","sticky":false,"template":"","format":"standard","meta":{"_jetpack_memberships_contains_paid_content":false,"footnotes":""},"categories":[3],"tags":[],"class_list":["post-31933","post","type-post","status-publish","format-standard","has-post-thumbnail","hentry","category-regional"],"aioseo_notices":[],"jetpack_featured_media_url":"https:\/\/i0.wp.com\/minutobahia24h.com.br\/wp-content\/uploads\/2025\/07\/Sem-titulo-102.jpg?fit=750%2C375&ssl=1","jetpack_sharing_enabled":true,"_links":{"self":[{"href":"https:\/\/minutobahia24h.com.br\/index.php?rest_route=\/wp\/v2\/posts\/31933","targetHints":{"allow":["GET"]}}],"collection":[{"href":"https:\/\/minutobahia24h.com.br\/index.php?rest_route=\/wp\/v2\/posts"}],"about":[{"href":"https:\/\/minutobahia24h.com.br\/index.php?rest_route=\/wp\/v2\/types\/post"}],"author":[{"embeddable":true,"href":"https:\/\/minutobahia24h.com.br\/index.php?rest_route=\/wp\/v2\/users\/2"}],"replies":[{"embeddable":true,"href":"https:\/\/minutobahia24h.com.br\/index.php?rest_route=%2Fwp%2Fv2%2Fcomments&post=31933"}],"version-history":[{"count":1,"href":"https:\/\/minutobahia24h.com.br\/index.php?rest_route=\/wp\/v2\/posts\/31933\/revisions"}],"predecessor-version":[{"id":31935,"href":"https:\/\/minutobahia24h.com.br\/index.php?rest_route=\/wp\/v2\/posts\/31933\/revisions\/31935"}],"wp:featuredmedia":[{"embeddable":true,"href":"https:\/\/minutobahia24h.com.br\/index.php?rest_route=\/wp\/v2\/media\/31934"}],"wp:attachment":[{"href":"https:\/\/minutobahia24h.com.br\/index.php?rest_route=%2Fwp%2Fv2%2Fmedia&parent=31933"}],"wp:term":[{"taxonomy":"category","embeddable":true,"href":"https:\/\/minutobahia24h.com.br\/index.php?rest_route=%2Fwp%2Fv2%2Fcategories&post=31933"},{"taxonomy":"post_tag","embeddable":true,"href":"https:\/\/minutobahia24h.com.br\/index.php?rest_route=%2Fwp%2Fv2%2Ftags&post=31933"}],"curies":[{"name":"wp","href":"https:\/\/api.w.org\/{rel}","templated":true}]}}