{"id":31930,"date":"2025-07-09T07:07:44","date_gmt":"2025-07-09T10:07:44","guid":{"rendered":"https:\/\/minutobahia24h.com.br\/?p=31930"},"modified":"2025-07-09T07:07:46","modified_gmt":"2025-07-09T10:07:46","slug":"tj-suspende-juri-de-cabo-pm-acusado-de-homicidio-em-queimadas-e-relatora-sugere-que-o-julgamento-aconteca-em-coite","status":"publish","type":"post","link":"https:\/\/minutobahia24h.com.br\/?p=31930","title":{"rendered":"TJ suspende j\u00fari de cabo PM acusado de homic\u00eddio em Queimadas e relatora sugere que o julgamento aconte\u00e7a em Coit\u00e9"},"content":{"rendered":"<div class=\"wp-block-image\">\n<figure class=\"aligncenter size-full\"><img data-recalc-dims=\"1\" fetchpriority=\"high\" decoding=\"async\" width=\"698\" height=\"498\" src=\"https:\/\/i0.wp.com\/minutobahia24h.com.br\/wp-content\/uploads\/2025\/07\/Sem-titulo-101.jpg?resize=698%2C498&#038;ssl=1\" alt=\"\" class=\"wp-image-31931\" srcset=\"https:\/\/i0.wp.com\/minutobahia24h.com.br\/wp-content\/uploads\/2025\/07\/Sem-titulo-101.jpg?w=698&amp;ssl=1 698w, https:\/\/i0.wp.com\/minutobahia24h.com.br\/wp-content\/uploads\/2025\/07\/Sem-titulo-101.jpg?resize=300%2C214&amp;ssl=1 300w, https:\/\/i0.wp.com\/minutobahia24h.com.br\/wp-content\/uploads\/2025\/07\/Sem-titulo-101.jpg?resize=120%2C86&amp;ssl=1 120w, https:\/\/i0.wp.com\/minutobahia24h.com.br\/wp-content\/uploads\/2025\/07\/Sem-titulo-101.jpg?resize=350%2C250&amp;ssl=1 350w\" sizes=\"(max-width: 698px) 100vw, 698px\" \/><\/figure>\n<\/div>\n\n\n<p>O Tribunal de Justi\u00e7a da Bahia suspendeu o j\u00fari popular do cabo da Pol\u00edcia Militar Edmilson Bispo da Silva, marcado para acontecer na pr\u00f3xima quinta-feira (10). A decis\u00e3o foi assinada no final da tarde da \u00faltima segunda-feira (7) pelo juiz Armando Duarte Mesquita J\u00fanior, titular da comarca do munic\u00edpio de Queimadas. O PM \u00e9 acusado de homic\u00eddio duplamente qualificado e furto. A v\u00edtima foi o trabalhador rural Alberto dos Santos Pereira. As informa\u00e7\u00f5es s\u00e3o do Portal do Cas\u00e9.<\/p>\n\n\n<div class=\"wp-block-image\">\n<figure class=\"aligncenter\" id=\"attachment_323612\"><img decoding=\"async\" src=\"https:\/\/i0.wp.com\/www.calilanoticias.com\/wp-content\/uploads\/2025\/07\/bispo-1751980749.jpg?resize=605%2C409&amp;ssl=1\" alt=\"\" class=\"wp-image-323612\"\/><figcaption class=\"wp-element-caption\">Cabo PM Bispo<\/figcaption><\/figure>\n<\/div>\n\n\n<p>Segundo o Portal, o j\u00fari foi suspenso porque a Segunda Turma Criminal, formada por desembargadores do Tribunal de Justi\u00e7a da Bahia, vota o pedido de desaforamento, formulado pelo Minist\u00e9rio P\u00fablico. Na pr\u00e1tica, o \u00f3rg\u00e3o pede que o julgamento popular n\u00e3o seja realizado em Queimadas.<\/p>\n\n\n\n<p>Os desembargadores ainda n\u00e3o tinham conclu\u00eddo seus votos at\u00e9 o final da tarde de segunda. O site apurou que a relatora, Inez Maria Miranda, votou pela mudan\u00e7a de cidade. Ela entendeu que o j\u00fari deve acontecer em Concei\u00e7\u00e3o do Coit\u00e9 porque, entre outras raz\u00f5es, \u201ca pequena densidade populacional fragilizam a expectativa de forma\u00e7\u00e3o de um Conselho de Senten\u00e7a livre de press\u00f5es ou influ\u00eancias indevidas\u201d.<\/p>\n\n\n\n<p>A promotoria de Justi\u00e7a pediu o desaforamento porque entendeu que a fun\u00e7\u00e3o \u201cexercida pelo representado (policial militar), pode lhe dar acesso \u00e0 lista de jurados sorteados para a sess\u00e3o plen\u00e1ria e ao endere\u00e7o de testemunhas, podendo causar temor a essas partes\u201d.<\/p>\n\n\n\n<p>CRIME<\/p>\n\n\n\n<p><a href=\"https:\/\/www.calilanoticias.com\/2023\/07\/jovem-de-20-anos-e-morto-a-tiros-em-estrada-vicinal\"><strong>O caso gerou bastante repercuss\u00e3o na regi\u00e3o sisaleira da Bahia.<\/strong><\/a>&nbsp;Edmilson Bispo est\u00e1 preso desde setembro de 2023. A den\u00fancia do Minist\u00e9rio P\u00fablico aponta que, no dia do assassinato, 20 de julho de 2023, Alberto estava saindo da lavoura, com seu irm\u00e3o, quando foi surpreendido por dois homens, que estavam em um ve\u00edculo. O cabo Bispo teria mandado ambos correrem e atirou. Alberto morreu na hora, enquanto o outro rapaz conseguiu escapar.<\/p>\n\n\n<div class=\"wp-block-image\">\n<figure class=\"aligncenter\" id=\"attachment_323613\"><img decoding=\"async\" src=\"https:\/\/i0.wp.com\/www.calilanoticias.com\/wp-content\/uploads\/2025\/07\/Alberto-.jpg?resize=684%2C426&amp;ssl=1\" alt=\"\" class=\"wp-image-323613\"\/><figcaption class=\"wp-element-caption\">V\u00edtima<\/figcaption><\/figure>\n<\/div>\n\n\n<p>A motiva\u00e7\u00e3o seria um acerto de contas. O MP sustenta que a v\u00edtima havia chegado h\u00e1 pouco tempo na Bahia, ap\u00f3s passar anos trabalhando em lavouras de caf\u00e9 em Minas Gerais. Nos festejos de Queimadas, que tradicionalmente acontecem no m\u00eas de maio, ele se desentendeu com o PM. O cabo teria ficado com raiva e resolveu descontar. Depois do homic\u00eddio, o celular da v\u00edtima foi levado e n\u00e3o foi achado.<\/p>\n\n\n\n<p>Ap\u00f3s duas audi\u00eancias de instru\u00e7\u00e3o e julgamento, que ocorreram em 2024, o juiz Armando J\u00fanior resolveu pronunciar o policial militar a j\u00fari popular. Entre setembro de 2023 e julho de 2025, inst\u00e2ncias diferentes negaram a soltura do PM.<\/p>\n\n\n\n<p>calilanoticias<\/p>\n","protected":false},"excerpt":{"rendered":"<p>O Tribunal de Justi\u00e7a da Bahia suspendeu o j\u00fari popular do cabo da Pol\u00edcia Militar Edmilson Bispo da Silva, marcado para acontecer na pr\u00f3xima quinta-feira (10). A decis\u00e3o foi assinada no final da tarde da \u00faltima segunda-feira (7) pelo juiz Armando Duarte Mesquita J\u00fanior, titular da comarca do munic\u00edpio de Queimadas. O PM \u00e9 acusado [&hellip;]<\/p>\n","protected":false},"author":2,"featured_media":31931,"comment_status":"open","ping_status":"open","sticky":false,"template":"","format":"standard","meta":{"_jetpack_memberships_contains_paid_content":false,"footnotes":""},"categories":[3],"tags":[],"class_list":["post-31930","post","type-post","status-publish","format-standard","has-post-thumbnail","hentry","category-regional"],"aioseo_notices":[],"jetpack_featured_media_url":"https:\/\/i0.wp.com\/minutobahia24h.com.br\/wp-content\/uploads\/2025\/07\/Sem-titulo-101.jpg?fit=698%2C498&ssl=1","jetpack_sharing_enabled":true,"_links":{"self":[{"href":"https:\/\/minutobahia24h.com.br\/index.php?rest_route=\/wp\/v2\/posts\/31930","targetHints":{"allow":["GET"]}}],"collection":[{"href":"https:\/\/minutobahia24h.com.br\/index.php?rest_route=\/wp\/v2\/posts"}],"about":[{"href":"https:\/\/minutobahia24h.com.br\/index.php?rest_route=\/wp\/v2\/types\/post"}],"author":[{"embeddable":true,"href":"https:\/\/minutobahia24h.com.br\/index.php?rest_route=\/wp\/v2\/users\/2"}],"replies":[{"embeddable":true,"href":"https:\/\/minutobahia24h.com.br\/index.php?rest_route=%2Fwp%2Fv2%2Fcomments&post=31930"}],"version-history":[{"count":1,"href":"https:\/\/minutobahia24h.com.br\/index.php?rest_route=\/wp\/v2\/posts\/31930\/revisions"}],"predecessor-version":[{"id":31932,"href":"https:\/\/minutobahia24h.com.br\/index.php?rest_route=\/wp\/v2\/posts\/31930\/revisions\/31932"}],"wp:featuredmedia":[{"embeddable":true,"href":"https:\/\/minutobahia24h.com.br\/index.php?rest_route=\/wp\/v2\/media\/31931"}],"wp:attachment":[{"href":"https:\/\/minutobahia24h.com.br\/index.php?rest_route=%2Fwp%2Fv2%2Fmedia&parent=31930"}],"wp:term":[{"taxonomy":"category","embeddable":true,"href":"https:\/\/minutobahia24h.com.br\/index.php?rest_route=%2Fwp%2Fv2%2Fcategories&post=31930"},{"taxonomy":"post_tag","embeddable":true,"href":"https:\/\/minutobahia24h.com.br\/index.php?rest_route=%2Fwp%2Fv2%2Ftags&post=31930"}],"curies":[{"name":"wp","href":"https:\/\/api.w.org\/{rel}","templated":true}]}}