{"id":31927,"date":"2025-07-09T07:05:42","date_gmt":"2025-07-09T10:05:42","guid":{"rendered":"https:\/\/minutobahia24h.com.br\/?p=31927"},"modified":"2025-07-09T07:05:44","modified_gmt":"2025-07-09T10:05:44","slug":"feira-livre-de-souto-soares-recebe-nova-estrutura-e-transforma-realidade-de-agricultores-familiares","status":"publish","type":"post","link":"https:\/\/minutobahia24h.com.br\/?p=31927","title":{"rendered":"Feira Livre de Souto Soares recebe nova estrutura e transforma realidade de agricultores familiares"},"content":{"rendered":"<div class=\"wp-block-image\">\n<figure class=\"aligncenter size-large\"><img data-recalc-dims=\"1\" fetchpriority=\"high\" decoding=\"async\" width=\"800\" height=\"450\" src=\"https:\/\/i0.wp.com\/minutobahia24h.com.br\/wp-content\/uploads\/2025\/07\/Sem-titulo-100-1024x576.jpg?resize=800%2C450&#038;ssl=1\" alt=\"\" class=\"wp-image-31928\" srcset=\"https:\/\/i0.wp.com\/minutobahia24h.com.br\/wp-content\/uploads\/2025\/07\/Sem-titulo-100.jpg?resize=1024%2C576&amp;ssl=1 1024w, https:\/\/i0.wp.com\/minutobahia24h.com.br\/wp-content\/uploads\/2025\/07\/Sem-titulo-100.jpg?resize=300%2C169&amp;ssl=1 300w, https:\/\/i0.wp.com\/minutobahia24h.com.br\/wp-content\/uploads\/2025\/07\/Sem-titulo-100.jpg?resize=768%2C432&amp;ssl=1 768w, https:\/\/i0.wp.com\/minutobahia24h.com.br\/wp-content\/uploads\/2025\/07\/Sem-titulo-100.jpg?resize=1536%2C864&amp;ssl=1 1536w, https:\/\/i0.wp.com\/minutobahia24h.com.br\/wp-content\/uploads\/2025\/07\/Sem-titulo-100.jpg?resize=750%2C422&amp;ssl=1 750w, https:\/\/i0.wp.com\/minutobahia24h.com.br\/wp-content\/uploads\/2025\/07\/Sem-titulo-100.jpg?resize=1140%2C641&amp;ssl=1 1140w, https:\/\/i0.wp.com\/minutobahia24h.com.br\/wp-content\/uploads\/2025\/07\/Sem-titulo-100.jpg?w=2048&amp;ssl=1 2048w, https:\/\/i0.wp.com\/minutobahia24h.com.br\/wp-content\/uploads\/2025\/07\/Sem-titulo-100.jpg?w=1600 1600w\" sizes=\"(max-width: 800px) 100vw, 800px\" \/><\/figure>\n<\/div>\n\n\n<p>A Feira Livre de Souto Soares, no Territ\u00f3rio da Chapada Diamantina, acaba de ganhar um novo cen\u00e1rio: mais organizado, seguro e digno, tanto para quem produz quanto para quem consome. A instala\u00e7\u00e3o de uma cobertura na pra\u00e7a ao lado do Mercado Municipal e a entrega de 100 barracas padronizadas est\u00e3o mudando a forma de comercializar produtos da agricultura familiar no munic\u00edpio.<\/p>\n\n\n\n<p>Com a nova estrutura, os feirantes n\u00e3o precisam mais se preocupar com sol forte ou chuvas repentinas. J\u00e1 os consumidores encontram um ambiente mais confort\u00e1vel e acolhedor. Quem exp\u00f5e seus produtos agora conta com condi\u00e7\u00f5es mais adequadas de trabalho, o que melhora a qualidade dos alimentos ofertados e refor\u00e7a o v\u00ednculo direto entre produtores e clientes.<\/p>\n\n\n\n<p>A iniciativa \u00e9 da Companhia de Desenvolvimento e A\u00e7\u00e3o Regional (CAR), vinculada \u00e0 Secretaria de Desenvolvimento Rural (SDR<strong>)<\/strong>, e tem como objetivo fortalecer o com\u00e9rcio local, impulsionar a gera\u00e7\u00e3o de renda e garantir melhores condi\u00e7\u00f5es de trabalho para os agricultores familiares.<\/p>\n\n\n\n<p>O diretor-presidente da CAR, Jeandro Ribeiro, destaca que a\u00e7\u00f5es como essa mostram que investir em infraestrutura \u00e9 tamb\u00e9m investir em cidadania, soberania alimentar e desenvolvimento. \u201cQuando o agricultor tem onde vender com dignidade, ele produz mais, ganha mais e a comunidade cresce junto. A feira \u00e9 o cora\u00e7\u00e3o da economia local e precisa ser valorizada\u201d.<\/p>\n\n\n\n<p><strong>Mais dignidade<\/strong><\/p>\n\n\n\n<p>A feirante Maria Rita Alves Neta comemora a mudan\u00e7a. \u201cAntes, quando chovia, era um sofrimento. A gente cobria tudo com lona, molhava os produtos. Agora, estamos muito mais tranquilos para trabalhar. Isso melhora at\u00e9 a qualidade do que vendemos.\u201d<\/p>\n\n\n\n<p>As 100 novas barracas entregues contam com estrutura met\u00e1lica resistente e bancadas em MDF, facilitando a organiza\u00e7\u00e3o dos produtos e contribuindo para reduzir a a\u00e7\u00e3o de atravessadores. A iniciativa fortalece o contato direto entre quem produz e quem consome.<\/p>\n\n\n\n<p>\u201cA gente est\u00e1 vendo uma mudan\u00e7a real na nossa rotina. As barracas e a cobertura trazem conforto, seguran\u00e7a e mais dignidade para quem vive da feira\u201d, afirma a feirante Irani Viana Cedro, da Associa\u00e7\u00e3o Renascer.<\/p>\n\n\n\n<p>A Associa\u00e7\u00e3o Renascer \u00e9 um exemplo de como o investimento p\u00fablico pode gerar transforma\u00e7\u00e3o real. Com apoio da CAR, por meio do projeto Bahia que Produz e Alimenta, a associa\u00e7\u00e3o j\u00e1 acessa programas estrat\u00e9gicos como o Programa Nacional de Alimenta\u00e7\u00e3o Escolar (PNAE) e o Programa de Aquisi\u00e7\u00e3o de Alimentos (PAA).<\/p>\n\n\n\n<p>Para ampliar ainda mais esse alcance, a CAR tamb\u00e9m apoiou a contrata\u00e7\u00e3o de um agente de neg\u00f3cios, que atua diretamente com a associa\u00e7\u00e3o na prospec\u00e7\u00e3o de novos mercados. \u201cHoje estamos com a produ\u00e7\u00e3o organizada, equipamentos novos, cozinha montada, transporte e apoio t\u00e9cnico. \u00c9 outra realidade\u201d, comemora a feirante Irani.<\/p>\n\n\n\n<p>Fotos: &nbsp;Thuane Maria\/GOVBA<\/p>\n","protected":false},"excerpt":{"rendered":"<p>A Feira Livre de Souto Soares, no Territ\u00f3rio da Chapada Diamantina, acaba de ganhar um novo cen\u00e1rio: mais organizado, seguro e digno, tanto para quem produz quanto para quem consome. A instala\u00e7\u00e3o de uma cobertura na pra\u00e7a ao lado do Mercado Municipal e a entrega de 100 barracas padronizadas est\u00e3o mudando a forma de comercializar [&hellip;]<\/p>\n","protected":false},"author":2,"featured_media":31928,"comment_status":"open","ping_status":"open","sticky":false,"template":"","format":"standard","meta":{"_jetpack_memberships_contains_paid_content":false,"footnotes":""},"categories":[3],"tags":[],"class_list":["post-31927","post","type-post","status-publish","format-standard","has-post-thumbnail","hentry","category-regional"],"aioseo_notices":[],"jetpack_featured_media_url":"https:\/\/i0.wp.com\/minutobahia24h.com.br\/wp-content\/uploads\/2025\/07\/Sem-titulo-100.jpg?fit=2048%2C1152&ssl=1","jetpack_sharing_enabled":true,"_links":{"self":[{"href":"https:\/\/minutobahia24h.com.br\/index.php?rest_route=\/wp\/v2\/posts\/31927","targetHints":{"allow":["GET"]}}],"collection":[{"href":"https:\/\/minutobahia24h.com.br\/index.php?rest_route=\/wp\/v2\/posts"}],"about":[{"href":"https:\/\/minutobahia24h.com.br\/index.php?rest_route=\/wp\/v2\/types\/post"}],"author":[{"embeddable":true,"href":"https:\/\/minutobahia24h.com.br\/index.php?rest_route=\/wp\/v2\/users\/2"}],"replies":[{"embeddable":true,"href":"https:\/\/minutobahia24h.com.br\/index.php?rest_route=%2Fwp%2Fv2%2Fcomments&post=31927"}],"version-history":[{"count":1,"href":"https:\/\/minutobahia24h.com.br\/index.php?rest_route=\/wp\/v2\/posts\/31927\/revisions"}],"predecessor-version":[{"id":31929,"href":"https:\/\/minutobahia24h.com.br\/index.php?rest_route=\/wp\/v2\/posts\/31927\/revisions\/31929"}],"wp:featuredmedia":[{"embeddable":true,"href":"https:\/\/minutobahia24h.com.br\/index.php?rest_route=\/wp\/v2\/media\/31928"}],"wp:attachment":[{"href":"https:\/\/minutobahia24h.com.br\/index.php?rest_route=%2Fwp%2Fv2%2Fmedia&parent=31927"}],"wp:term":[{"taxonomy":"category","embeddable":true,"href":"https:\/\/minutobahia24h.com.br\/index.php?rest_route=%2Fwp%2Fv2%2Fcategories&post=31927"},{"taxonomy":"post_tag","embeddable":true,"href":"https:\/\/minutobahia24h.com.br\/index.php?rest_route=%2Fwp%2Fv2%2Ftags&post=31927"}],"curies":[{"name":"wp","href":"https:\/\/api.w.org\/{rel}","templated":true}]}}