{"id":31921,"date":"2025-07-09T07:02:55","date_gmt":"2025-07-09T10:02:55","guid":{"rendered":"https:\/\/minutobahia24h.com.br\/?p=31921"},"modified":"2025-07-09T07:02:58","modified_gmt":"2025-07-09T10:02:58","slug":"idosa-e-esquecida-em-sala-de-unidade-medica-de-ipiau","status":"publish","type":"post","link":"https:\/\/minutobahia24h.com.br\/?p=31921","title":{"rendered":"Idosa \u00e9 esquecida em sala de unidade m\u00e9dica de Ipia\u00fa"},"content":{"rendered":"<div class=\"wp-block-image\">\n<figure class=\"aligncenter size-large\"><img data-recalc-dims=\"1\" fetchpriority=\"high\" decoding=\"async\" width=\"800\" height=\"501\" src=\"https:\/\/i0.wp.com\/minutobahia24h.com.br\/wp-content\/uploads\/2025\/07\/Sem-titulo-98-1024x641.jpg?resize=800%2C501&#038;ssl=1\" alt=\"\" class=\"wp-image-31922\" srcset=\"https:\/\/i0.wp.com\/minutobahia24h.com.br\/wp-content\/uploads\/2025\/07\/Sem-titulo-98.jpg?resize=1024%2C641&amp;ssl=1 1024w, https:\/\/i0.wp.com\/minutobahia24h.com.br\/wp-content\/uploads\/2025\/07\/Sem-titulo-98.jpg?resize=300%2C188&amp;ssl=1 300w, https:\/\/i0.wp.com\/minutobahia24h.com.br\/wp-content\/uploads\/2025\/07\/Sem-titulo-98.jpg?resize=768%2C481&amp;ssl=1 768w, https:\/\/i0.wp.com\/minutobahia24h.com.br\/wp-content\/uploads\/2025\/07\/Sem-titulo-98.jpg?resize=750%2C469&amp;ssl=1 750w, https:\/\/i0.wp.com\/minutobahia24h.com.br\/wp-content\/uploads\/2025\/07\/Sem-titulo-98.jpg?w=1048&amp;ssl=1 1048w\" sizes=\"(max-width: 800px) 100vw, 800px\" \/><figcaption class=\"wp-element-caption\">Paciente s\u00f3 foi liberada com chegada do seguran\u00e7a da unidade &#8211;\u00a0Foto: Reprodu\u00e7\u00e3o<br><br><\/figcaption><\/figure>\n<\/div>\n\n\n<p class=\"has-text-align-justify\">Um exemplo de total descaso. Assim foi a situa\u00e7\u00e3o de uma paciente idosa de 69 anos, que ficou trancada dentro do Centro de Sa\u00fade Dr. Elv\u00eddio Ant\u00f4nio Santos, em Ipia\u00fa, Sul da Bahia, na \u00faltima segunda-feira, 7. A&nbsp;paciente relatou ser hipertensa e diab\u00e9tica, e que teria recebido atendimento por volta das 11h da manh\u00e3, momento no qual foi encaminhada para iniciar procedimento com soro. Ap\u00f3s finalizar o acesso do insumo (soro), a idosa percebeu que havia sido deixada sozinha no local, sem quaisquer profissional presente.<\/p>\n\n\n\n<p class=\"has-text-align-justify\">&#8220;Minha m\u00e3e entrou em desespero e ligou para mim, aqui em Salvador. Acionei a Pol\u00edcia Militar tamb\u00e9m conhecidos no munic\u00edpio. Deixaram minha m\u00e3e sozinha com a medica\u00e7\u00e3o no bra\u00e7o. Ap\u00f3s um tempo, o porteiro abriu a sala quase 3 horas depois&#8221;, disse a filha da idosa. Vamos tomar as provid\u00eancias necess\u00e1rias ap\u00f3s esse descaso, j\u00e1 que a Prefeitura n\u00e3o est\u00e1 dando qualquer apoio pra n\u00f3s&#8221;, disse a advogada Cintia Assun\u00e7\u00e3o, filha da paciente.<\/p>\n\n\n\n<figure class=\"wp-block-image\"><a href=\"mailto:?subject=A%20TARDE:%20Idosa%20%C3%A9%20esquecida%20em%20sala%20de%20unidade%20m%C3%A9dica%20de%20Ipia%C3%BA&amp;body=https:\/\/atarde.com.br\/_\/1333219\"><img decoding=\"async\" data-src=\"https:\/\/atarde.com.br\/themes\/atarde\/assets\/img\/icons\/email.svg\" alt=\"Compartilhar no Email\" src=\"data:image\/gif;base64,R0lGODlhAQABAAAAACH5BAEKAAEALAAAAAABAAEAAAICTAEAOw==\" class=\"lazyload\" \/><noscript><img decoding=\"async\" src=\"https:\/\/atarde.com.br\/themes\/atarde\/assets\/img\/icons\/email.svg\" alt=\"Compartilhar no Email\"\/><\/noscript><\/a><\/figure>\n\n\n\n<p>DESCASO<\/p>\n\n\n\n<h1 class=\"wp-block-heading\">Idosa \u00e9 esquecida em sala de unidade m\u00e9dica de Ipia\u00fa<\/h1>\n\n\n\n<h2 class=\"wp-block-heading\">Den\u00fancia aponta que paciente ficou quase 3 horas trancada no local<\/h2>\n\n\n\n<p>Por&nbsp;Rodrigo Tardio<\/p>\n\n\n\n<p>08\/07\/2025 &#8211; 11:41 h | Atualizada em 08\/07\/2025 &#8211; 16:31<\/p>\n\n\n\n<figure class=\"wp-block-image\"><img data-recalc-dims=\"1\" decoding=\"async\" data-src=\"https:\/\/i0.wp.com\/cdn.atarde.com.br\/img\/Artigo-Destaque\/1330000\/1200x720\/Idosa-e-esquecida-em-sala-de-unidade-medica-de-Ipi0133321900202507081141-ScaleDownProportional.webp?w=800&#038;ssl=1\" alt=\"Paciente s\u00f3 foi liberada com chegada do seguran\u00e7a da unidade\" src=\"data:image\/gif;base64,R0lGODlhAQABAAAAACH5BAEKAAEALAAAAAABAAEAAAICTAEAOw==\" class=\"lazyload\" \/><noscript><img data-recalc-dims=\"1\" decoding=\"async\" src=\"https:\/\/i0.wp.com\/cdn.atarde.com.br\/img\/Artigo-Destaque\/1330000\/1200x720\/Idosa-e-esquecida-em-sala-de-unidade-medica-de-Ipi0133321900202507081141-ScaleDownProportional.webp?w=800&#038;ssl=1\" alt=\"Paciente s\u00f3 foi liberada com chegada do seguran\u00e7a da unidade\"\/><\/noscript><\/figure>\n\n\n\n<p>Paciente s\u00f3 foi liberada com chegada do seguran\u00e7a da unidade &#8211;&nbsp;Foto: Reprodu\u00e7\u00e3o<\/p>\n\n\n\n<p>Um exemplo de total descaso. Assim foi a situa\u00e7\u00e3o de uma paciente idosa de 69 anos, que ficou trancada dentro do Centro de Sa\u00fade Dr. Elv\u00eddio Ant\u00f4nio Santos, em Ipia\u00fa, Sul da Bahia, nesta segunda-feira, 7.<\/p>\n\n\n\n<h3 class=\"wp-block-heading\">Leia Tamb\u00e9m:<\/h3>\n\n\n\n<p><a href=\"https:\/\/atarde.com.br\/brasil\/policia-comeca-a-bloquear-celulares-roubados-em-parceria-com-google-1333210\"><\/a><\/p>\n\n\n\n<h6 class=\"wp-block-heading\"><a href=\"https:\/\/atarde.com.br\/brasil\/policia-comeca-a-bloquear-celulares-roubados-em-parceria-com-google-1333210\"><\/a><a href=\"https:\/\/atarde.com.br\/brasil\/policia-comeca-a-bloquear-celulares-roubados-em-parceria-com-google-1333210\">Pol\u00edcia come\u00e7a a bloquear celulares roubados em parceria com Google<\/a><\/h6>\n\n\n\n<p><a href=\"https:\/\/atarde.com.br\/politica\/lula-derrubada-do-iof-e-inconstitucional-mas-divergencia-e-democratica-1333209\">Lula: derrubada do IOF \u00e9 inconstitucional, mas diverg\u00eancia \u00e9 democr\u00e1tica<\/a><a href=\"https:\/\/atarde.com.br\/politica\/atlasintel-argentina-dividida-da-sinal-de-alerta-a-milei-1333208\">AtlasIntel: Argentina dividida d\u00e1 sinal de alerta a Milei<\/a><\/p>\n\n\n\n<p>A&nbsp;paciente relatou ser hipertensa e diab\u00e9tica, e que teria recebido atendimento por volta das 11h da manh\u00e3, momento no qual foi encaminhada para iniciar procedimento com soro. Ap\u00f3s finalizar o acesso do insumo (soro), a idosa percebeu que havia sido deixada sozinha no local, sem quaisquer profissional presente.<\/p>\n\n\n\n<p>&#8220;Minha m\u00e3e entrou em desespero e ligou para mim, aqui em Salvador. Acionei a Pol\u00edcia Militar tamb\u00e9m conhecidos no munic\u00edpio. Deixaram minha m\u00e3e sozinha com a medica\u00e7\u00e3o no bra\u00e7o. Ap\u00f3s um tempo, o porteiro abriu a sala quase 3 horas depois&#8221;, disse a filha da idosa. Vamos tomar as provid\u00eancias necess\u00e1rias ap\u00f3s esse descaso, j\u00e1 que a Prefeitura n\u00e3o est\u00e1 dando qualquer apoio pra n\u00f3s&#8221;, disse a advogada Cintia Assun\u00e7\u00e3o, filha da paciente.<\/p>\n\n\n\n<p><a href=\"https:\/\/atarde.com.br\/municipios\/populacao-denuncia-descaso-em-servicos-da-saude-de-ipiau-1304754?d=1\" target=\"_blank\" rel=\"noreferrer noopener\">Em janeiro deste ano, pacientes que residem no munic\u00edpio<\/a>, e que precisaram do Tratamento Fora do Domic\u00edlio (TFD), denunciaram as p\u00e9ssimas condi\u00e7\u00f5es do \u00f4nibus que presta o servi\u00e7o para a gest\u00e3o da prefeita Laryssa Dias (PP).<\/p>\n\n\n\n<p>Em nota, a Prefeitura de Ipia\u00fa diz considerar o fato lament\u00e1vel e informou que vai adotar todas as providencias administrativas e legais necess\u00e1rias para a apura\u00e7\u00e3o do caso.&nbsp;A Secretaria afirmou que realiza peri\u00f3dicos treinamentos dos profissionais e vem promovendo o acolhimento dos novos servidores aprovados em recente concurso p\u00fablico, para que sejam qualificados ao exerc\u00edcio da fun\u00e7\u00e3o.<\/p>\n\n\n\n<p>A nota diz ainda, que t\u00e3o logo tomou conhecimento do ocorrido, a diretora de Aten\u00e7\u00e3o B\u00e1sica, Edilene Guimar\u00e3es se deslocou at\u00e9 unidade, onde conversou com a paciente, prestou assist\u00eancia e solidariedade e pediu desculpas pelo ocorrido.&nbsp;A Secretaria diz se colocar \u00e0 disposi\u00e7\u00e3o da paciente e familiares no sentido de auxiliar no que for poss\u00edvel.<\/p>\n\n\n\n<p>Atarde<\/p>\n","protected":false},"excerpt":{"rendered":"<p>Um exemplo de total descaso. Assim foi a situa\u00e7\u00e3o de uma paciente idosa de 69 anos, que ficou trancada dentro do Centro de Sa\u00fade Dr. Elv\u00eddio Ant\u00f4nio Santos, em Ipia\u00fa, Sul da Bahia, na \u00faltima segunda-feira, 7. A&nbsp;paciente relatou ser hipertensa e diab\u00e9tica, e que teria recebido atendimento por volta das 11h da manh\u00e3, momento [&hellip;]<\/p>\n","protected":false},"author":2,"featured_media":31922,"comment_status":"open","ping_status":"open","sticky":false,"template":"","format":"standard","meta":{"_jetpack_memberships_contains_paid_content":false,"footnotes":""},"categories":[3],"tags":[],"class_list":["post-31921","post","type-post","status-publish","format-standard","has-post-thumbnail","hentry","category-regional"],"aioseo_notices":[],"jetpack_featured_media_url":"https:\/\/i0.wp.com\/minutobahia24h.com.br\/wp-content\/uploads\/2025\/07\/Sem-titulo-98.jpg?fit=1048%2C656&ssl=1","jetpack_sharing_enabled":true,"_links":{"self":[{"href":"https:\/\/minutobahia24h.com.br\/index.php?rest_route=\/wp\/v2\/posts\/31921","targetHints":{"allow":["GET"]}}],"collection":[{"href":"https:\/\/minutobahia24h.com.br\/index.php?rest_route=\/wp\/v2\/posts"}],"about":[{"href":"https:\/\/minutobahia24h.com.br\/index.php?rest_route=\/wp\/v2\/types\/post"}],"author":[{"embeddable":true,"href":"https:\/\/minutobahia24h.com.br\/index.php?rest_route=\/wp\/v2\/users\/2"}],"replies":[{"embeddable":true,"href":"https:\/\/minutobahia24h.com.br\/index.php?rest_route=%2Fwp%2Fv2%2Fcomments&post=31921"}],"version-history":[{"count":1,"href":"https:\/\/minutobahia24h.com.br\/index.php?rest_route=\/wp\/v2\/posts\/31921\/revisions"}],"predecessor-version":[{"id":31923,"href":"https:\/\/minutobahia24h.com.br\/index.php?rest_route=\/wp\/v2\/posts\/31921\/revisions\/31923"}],"wp:featuredmedia":[{"embeddable":true,"href":"https:\/\/minutobahia24h.com.br\/index.php?rest_route=\/wp\/v2\/media\/31922"}],"wp:attachment":[{"href":"https:\/\/minutobahia24h.com.br\/index.php?rest_route=%2Fwp%2Fv2%2Fmedia&parent=31921"}],"wp:term":[{"taxonomy":"category","embeddable":true,"href":"https:\/\/minutobahia24h.com.br\/index.php?rest_route=%2Fwp%2Fv2%2Fcategories&post=31921"},{"taxonomy":"post_tag","embeddable":true,"href":"https:\/\/minutobahia24h.com.br\/index.php?rest_route=%2Fwp%2Fv2%2Ftags&post=31921"}],"curies":[{"name":"wp","href":"https:\/\/api.w.org\/{rel}","templated":true}]}}