{"id":31878,"date":"2025-07-08T08:07:42","date_gmt":"2025-07-08T11:07:42","guid":{"rendered":"https:\/\/minutobahia24h.com.br\/?p=31878"},"modified":"2025-07-08T08:07:44","modified_gmt":"2025-07-08T11:07:44","slug":"rui-costa-critica-volume-de-emendas-e-diz-que-modelo-nao-existe-em-nenhum-lugar-do-mundo","status":"publish","type":"post","link":"https:\/\/minutobahia24h.com.br\/?p=31878","title":{"rendered":"Rui Costa critica volume de emendas e diz que modelo n\u00e3o existe em nenhum lugar do mundo"},"content":{"rendered":"<div class=\"wp-block-image\">\n<figure class=\"aligncenter size-large\"><img data-recalc-dims=\"1\" fetchpriority=\"high\" decoding=\"async\" width=\"800\" height=\"416\" src=\"https:\/\/i0.wp.com\/minutobahia24h.com.br\/wp-content\/uploads\/2025\/07\/Sem-titulo-90-1024x532.jpg?resize=800%2C416&#038;ssl=1\" alt=\"\" class=\"wp-image-31879\" srcset=\"https:\/\/i0.wp.com\/minutobahia24h.com.br\/wp-content\/uploads\/2025\/07\/Sem-titulo-90.jpg?resize=1024%2C532&amp;ssl=1 1024w, https:\/\/i0.wp.com\/minutobahia24h.com.br\/wp-content\/uploads\/2025\/07\/Sem-titulo-90.jpg?resize=300%2C156&amp;ssl=1 300w, https:\/\/i0.wp.com\/minutobahia24h.com.br\/wp-content\/uploads\/2025\/07\/Sem-titulo-90.jpg?resize=768%2C399&amp;ssl=1 768w, https:\/\/i0.wp.com\/minutobahia24h.com.br\/wp-content\/uploads\/2025\/07\/Sem-titulo-90.jpg?resize=750%2C390&amp;ssl=1 750w, https:\/\/i0.wp.com\/minutobahia24h.com.br\/wp-content\/uploads\/2025\/07\/Sem-titulo-90.jpg?resize=1140%2C593&amp;ssl=1 1140w, https:\/\/i0.wp.com\/minutobahia24h.com.br\/wp-content\/uploads\/2025\/07\/Sem-titulo-90.jpg?w=1200&amp;ssl=1 1200w\" sizes=\"(max-width: 800px) 100vw, 800px\" \/><figcaption class=\"wp-element-caption\">Foto: Jose Cruz\/Ag\u00eancia Brasil<br><\/figcaption><\/figure>\n<\/div>\n\n\n<p class=\"has-text-align-justify\">O ministro da Casa Civil, Rui Costa (PT), criticou nesta segunda-feira (7) o volume de emendas parlamentares no Brasil durante entrevista ao programa Roda Viva, da TV Cultura. &#8220;A sociedade brasileira precisa discutir qual \u00e9 o modelo que vai fazer com que o Brasil construa um futuro melhor para os brasileiros. \u00c9 esse modelo em que n\u00f3s pegamos quase metade do Or\u00e7amento livre de uma na\u00e7\u00e3o e se aplica em um efeito aerossol de emendas parlamentares?&#8221;, questionou.\u00a0<\/p>\n\n\n\n<p>Ele afirmou tamb\u00e9m: &#8220;Em que lugar do mundo existe esse modelo onde se pega quase metade do Or\u00e7amento livre de uma na\u00e7\u00e3o e, ao inv\u00e9s de se aplicar em log\u00edstica, em reduzir custos estruturais, apostar em ci\u00eancia, tecnologia, educa\u00e7\u00e3o e sa\u00fade, se pulveriza?&#8221;\u00a0<\/p>\n\n\n\n<p>A declara\u00e7\u00e3o foi feita em resposta a pergunta sobre a influ\u00eancia dos repasses financeiros aos parlamentares na articula\u00e7\u00e3o de pautas entre Executivo e Legislativo.\u00a0<\/p>\n\n\n\n<p>A afirma\u00e7\u00e3o ocorre em um momento tenso na rela\u00e7\u00e3o entre o governo Lula e o Congresso Nacional. H\u00e1 duas semanas, o Legislativo derrubou decreto que aumentava as al\u00edquotas do IOF (Imposto sobre Opera\u00e7\u00f5es Financeiras).\u00a0<\/p>\n\n\n\n<p>Governistas v\u00eam tentando explorar o conflito. Eles t\u00eam inundado suas redes sociais com a ret\u00f3rica da luta entre pobres e ricos, cen\u00e1rio em que o presidente da Rep\u00fablica estaria entrando em choque contra poderosos interesses empresariais e financeiros.\u00a0<\/p>\n\n\n\n<p>No discurso capitaneado pelo PT, estimulado pelo Planalto e disseminado por perfis alinhados, a campanha \u00e9 formada em boa parte por v\u00eddeos produzidos por intelig\u00eancia artificial e tem como mote a defesa da &#8220;taxa\u00e7\u00e3o BBB&#8221;, em refer\u00eancia a &#8220;bilion\u00e1rios, bets e bancos&#8221; -grupos que formariam um poderoso lobby em parceria com o centr\u00e3o e a direita no Legislativo.<\/p>\n\n\n\n<p>Rui Costa minimizou as dificuldades no Legislativo, citou vit\u00f3rias do governo em vota\u00e7\u00f5es e disse que &#8220;n\u00e3o d\u00e1 para jogar dois anos fora&#8221; nem afirmar que &#8220;foi tudo ruim&#8221;.\u00a0<\/p>\n\n\n\n<p>O chefe da Casa Civil tamb\u00e9m afirmou que acha poss\u00edvel reestabelecer uma rela\u00e7\u00e3o com os presidentes da C\u00e2mara, Hugo Motta (Republicanos-PB), e do Senado, Davi Alcolumbre (Uni\u00e3o Brasil-AP), ap\u00f3s os desgastes.<\/p>\n\n\n\n<p>&#8220;Essa semana \u00e9 o momento de voltar a sentar com os l\u00edderes&#8221;, disse.\u00a0<\/p>\n\n\n\n<p>Na entrevista na TV Cultura, o chefe da Casa Civil tamb\u00e9m foi questionado sobre o projeto aprovado em junho no Congresso que aumentou o n\u00famero de deputados na C\u00e2mara. Ele disse que \u00e9 &#8220;pouco prov\u00e1vel&#8221; que o presidente Lula sancione a lei.\u00a0<\/p>\n\n\n\n<p>O presidente pode deixar de sancionar a nova legisla\u00e7\u00e3o -evitando um desgaste junto ao eleitorado-, o que delegaria a medida para o presidente do Congresso, o senador Davi Alcolumbre.\u00a0<\/p>\n\n\n\n<p>Rui Costa tamb\u00e9m falou sobre a rela\u00e7\u00e3o com o ministro da Fazenda, Fernando Haddad (PT), e negou atritos com o colega. &#8220;N\u00f3s podemos ter, e tivemos em algum momento, opini\u00f5es aqui e ali diferentes, o que \u00e9 natural.&#8221;\u00a0<\/p>\n\n\n\n<p>Tamb\u00e9m descartou que haja problemas de comunica\u00e7\u00e3o dele com outros ministros.<\/p>\n\n\n\n<p>BN<\/p>\n","protected":false},"excerpt":{"rendered":"<p>O ministro da Casa Civil, Rui Costa (PT), criticou nesta segunda-feira (7) o volume de emendas parlamentares no Brasil durante entrevista ao programa Roda Viva, da TV Cultura. &#8220;A sociedade brasileira precisa discutir qual \u00e9 o modelo que vai fazer com que o Brasil construa um futuro melhor para os brasileiros. \u00c9 esse modelo em [&hellip;]<\/p>\n","protected":false},"author":2,"featured_media":31879,"comment_status":"open","ping_status":"open","sticky":false,"template":"","format":"standard","meta":{"_jetpack_memberships_contains_paid_content":false,"footnotes":""},"categories":[46],"tags":[],"class_list":["post-31878","post","type-post","status-publish","format-standard","has-post-thumbnail","hentry","category-noticia"],"aioseo_notices":[],"jetpack_featured_media_url":"https:\/\/i0.wp.com\/minutobahia24h.com.br\/wp-content\/uploads\/2025\/07\/Sem-titulo-90.jpg?fit=1200%2C624&ssl=1","jetpack_sharing_enabled":true,"_links":{"self":[{"href":"https:\/\/minutobahia24h.com.br\/index.php?rest_route=\/wp\/v2\/posts\/31878","targetHints":{"allow":["GET"]}}],"collection":[{"href":"https:\/\/minutobahia24h.com.br\/index.php?rest_route=\/wp\/v2\/posts"}],"about":[{"href":"https:\/\/minutobahia24h.com.br\/index.php?rest_route=\/wp\/v2\/types\/post"}],"author":[{"embeddable":true,"href":"https:\/\/minutobahia24h.com.br\/index.php?rest_route=\/wp\/v2\/users\/2"}],"replies":[{"embeddable":true,"href":"https:\/\/minutobahia24h.com.br\/index.php?rest_route=%2Fwp%2Fv2%2Fcomments&post=31878"}],"version-history":[{"count":1,"href":"https:\/\/minutobahia24h.com.br\/index.php?rest_route=\/wp\/v2\/posts\/31878\/revisions"}],"predecessor-version":[{"id":31880,"href":"https:\/\/minutobahia24h.com.br\/index.php?rest_route=\/wp\/v2\/posts\/31878\/revisions\/31880"}],"wp:featuredmedia":[{"embeddable":true,"href":"https:\/\/minutobahia24h.com.br\/index.php?rest_route=\/wp\/v2\/media\/31879"}],"wp:attachment":[{"href":"https:\/\/minutobahia24h.com.br\/index.php?rest_route=%2Fwp%2Fv2%2Fmedia&parent=31878"}],"wp:term":[{"taxonomy":"category","embeddable":true,"href":"https:\/\/minutobahia24h.com.br\/index.php?rest_route=%2Fwp%2Fv2%2Fcategories&post=31878"},{"taxonomy":"post_tag","embeddable":true,"href":"https:\/\/minutobahia24h.com.br\/index.php?rest_route=%2Fwp%2Fv2%2Ftags&post=31878"}],"curies":[{"name":"wp","href":"https:\/\/api.w.org\/{rel}","templated":true}]}}