{"id":31835,"date":"2025-07-08T07:13:18","date_gmt":"2025-07-08T10:13:18","guid":{"rendered":"https:\/\/minutobahia24h.com.br\/?p=31835"},"modified":"2025-07-08T07:13:22","modified_gmt":"2025-07-08T10:13:22","slug":"nte-25-realiza-mudanca-para-a-sua-nova-sede","status":"publish","type":"post","link":"https:\/\/minutobahia24h.com.br\/?p=31835","title":{"rendered":"NTE 25 realiza mudan\u00e7a para a sua nova sede"},"content":{"rendered":"<div class=\"wp-block-image\">\n<figure class=\"aligncenter size-full is-resized\"><img data-recalc-dims=\"1\" fetchpriority=\"high\" decoding=\"async\" width=\"316\" height=\"239\" src=\"https:\/\/i0.wp.com\/minutobahia24h.com.br\/wp-content\/uploads\/2025\/07\/Sem-titulo-83.jpg?resize=316%2C239&#038;ssl=1\" alt=\"\" class=\"wp-image-31836\" style=\"width:414px;height:auto\" srcset=\"https:\/\/i0.wp.com\/minutobahia24h.com.br\/wp-content\/uploads\/2025\/07\/Sem-titulo-83.jpg?w=316&amp;ssl=1 316w, https:\/\/i0.wp.com\/minutobahia24h.com.br\/wp-content\/uploads\/2025\/07\/Sem-titulo-83.jpg?resize=300%2C227&amp;ssl=1 300w\" sizes=\"(max-width: 316px) 100vw, 316px\" \/><\/figure>\n<\/div>\n\n\n<p>O N\u00facleo Territorial de Educa\u00e7\u00e3o \u2013 NTE 25 informa que, entre os dias 7 e 10 de julho, estar\u00e1 realizando a mudan\u00e7a para sua nova sede, localizada na Rua Manoel Teixeira, 70, antigo pr\u00e9dio do Minist\u00e9rio P\u00fablico.<\/p>\n\n\n\n<p>A mudan\u00e7a se deve ao avan\u00e7o das obras de requalifica\u00e7\u00e3o do Col\u00e9gio Estadual, visto que a atual sede do NTE ser\u00e1 incorporada \u00e0 nova estrutura da escola.<\/p>\n\n\n\n<p>Durante o per\u00edodo de transi\u00e7\u00e3o, o atendimento ao p\u00fablico ser\u00e1 realizado exclusivamente por telefone e pelos nossos canais digitais, sem interrup\u00e7\u00f5es nos servi\u00e7os prestados.<\/p>\n\n\n\n<p>Contamos com o apoio da imprensa na divulga\u00e7\u00e3o desta informa\u00e7\u00e3o \u00e0 comunidade escolar e demais p\u00fablicos.<\/p>\n\n\n\n<p>Atenciosamente,<\/p>\n\n\n\n<p>ASCOM NTE 25<\/p>\n","protected":false},"excerpt":{"rendered":"<p>O N\u00facleo Territorial de Educa\u00e7\u00e3o \u2013 NTE 25 informa que, entre os dias 7 e 10 de julho, estar\u00e1 realizando a mudan\u00e7a para sua nova sede, localizada na Rua Manoel Teixeira, 70, antigo pr\u00e9dio do Minist\u00e9rio P\u00fablico. A mudan\u00e7a se deve ao avan\u00e7o das obras de requalifica\u00e7\u00e3o do Col\u00e9gio Estadual, visto que a atual sede [&hellip;]<\/p>\n","protected":false},"author":2,"featured_media":31836,"comment_status":"open","ping_status":"open","sticky":false,"template":"","format":"standard","meta":{"_jetpack_memberships_contains_paid_content":false,"footnotes":""},"categories":[3],"tags":[],"class_list":["post-31835","post","type-post","status-publish","format-standard","has-post-thumbnail","hentry","category-regional"],"aioseo_notices":[],"jetpack_featured_media_url":"https:\/\/i0.wp.com\/minutobahia24h.com.br\/wp-content\/uploads\/2025\/07\/Sem-titulo-83.jpg?fit=316%2C239&ssl=1","jetpack_sharing_enabled":true,"_links":{"self":[{"href":"https:\/\/minutobahia24h.com.br\/index.php?rest_route=\/wp\/v2\/posts\/31835","targetHints":{"allow":["GET"]}}],"collection":[{"href":"https:\/\/minutobahia24h.com.br\/index.php?rest_route=\/wp\/v2\/posts"}],"about":[{"href":"https:\/\/minutobahia24h.com.br\/index.php?rest_route=\/wp\/v2\/types\/post"}],"author":[{"embeddable":true,"href":"https:\/\/minutobahia24h.com.br\/index.php?rest_route=\/wp\/v2\/users\/2"}],"replies":[{"embeddable":true,"href":"https:\/\/minutobahia24h.com.br\/index.php?rest_route=%2Fwp%2Fv2%2Fcomments&post=31835"}],"version-history":[{"count":1,"href":"https:\/\/minutobahia24h.com.br\/index.php?rest_route=\/wp\/v2\/posts\/31835\/revisions"}],"predecessor-version":[{"id":31837,"href":"https:\/\/minutobahia24h.com.br\/index.php?rest_route=\/wp\/v2\/posts\/31835\/revisions\/31837"}],"wp:featuredmedia":[{"embeddable":true,"href":"https:\/\/minutobahia24h.com.br\/index.php?rest_route=\/wp\/v2\/media\/31836"}],"wp:attachment":[{"href":"https:\/\/minutobahia24h.com.br\/index.php?rest_route=%2Fwp%2Fv2%2Fmedia&parent=31835"}],"wp:term":[{"taxonomy":"category","embeddable":true,"href":"https:\/\/minutobahia24h.com.br\/index.php?rest_route=%2Fwp%2Fv2%2Fcategories&post=31835"},{"taxonomy":"post_tag","embeddable":true,"href":"https:\/\/minutobahia24h.com.br\/index.php?rest_route=%2Fwp%2Fv2%2Ftags&post=31835"}],"curies":[{"name":"wp","href":"https:\/\/api.w.org\/{rel}","templated":true}]}}