{"id":31829,"date":"2025-07-08T07:09:36","date_gmt":"2025-07-08T10:09:36","guid":{"rendered":"https:\/\/minutobahia24h.com.br\/?p=31829"},"modified":"2025-07-08T07:09:37","modified_gmt":"2025-07-08T10:09:37","slug":"manifesto-denuncia-administracao-do-presidio-de-juazeiro-por-recorrente-negligencia-e-claro-abuso-de-autoridade","status":"publish","type":"post","link":"https:\/\/minutobahia24h.com.br\/?p=31829","title":{"rendered":"Manifesto denuncia administra\u00e7\u00e3o do Pres\u00eddio de Juazeiro por \u201crecorrente neglig\u00eancia e claro abuso de autoridade\u201d"},"content":{"rendered":"<div class=\"wp-block-image\">\n<figure class=\"aligncenter size-full\"><img data-recalc-dims=\"1\" fetchpriority=\"high\" decoding=\"async\" width=\"679\" height=\"667\" src=\"https:\/\/i0.wp.com\/minutobahia24h.com.br\/wp-content\/uploads\/2025\/07\/Sem-titulo-81.jpg?resize=679%2C667&#038;ssl=1\" alt=\"\" class=\"wp-image-31830\" srcset=\"https:\/\/i0.wp.com\/minutobahia24h.com.br\/wp-content\/uploads\/2025\/07\/Sem-titulo-81.jpg?w=679&amp;ssl=1 679w, https:\/\/i0.wp.com\/minutobahia24h.com.br\/wp-content\/uploads\/2025\/07\/Sem-titulo-81.jpg?resize=300%2C295&amp;ssl=1 300w, https:\/\/i0.wp.com\/minutobahia24h.com.br\/wp-content\/uploads\/2025\/07\/Sem-titulo-81.jpg?resize=75%2C75&amp;ssl=1 75w\" sizes=\"(max-width: 679px) 100vw, 679px\" \/><\/figure>\n<\/div>\n\n\n<p>Em manifesto encaminhado \u00e0 redeGN, nesta segunda-feira (7), o escrit\u00f3rio de advocacia, Alves Ribeiro, que tem como titulares os advogados Mariana Ribeiro e Oseias Alves, repudiaram o que consideram \u201c<em>Recorrente neglig\u00eancia e ao claro abuso de autoridade<\/em>\u201d o que,&nbsp;segundo eles, vem sendo praticado no Pres\u00eddio de Juazeiro-BA.<\/p>\n\n\n\n<p>De acordo com a nota, \u201c<em>o estabelecimento prisional recebeu alvar\u00e1 de soltura expedido pelo ju\u00edzo competente, determinando a imediata liberta\u00e7\u00e3o de um r\u00e9u que, at\u00e9 ent\u00e3o, se encontrava preso preventivamente. Passadas mais de 50 horas, chegamos a esta segunda-feira, 07 de julho de 2025, \u00e0s 12 h, sem que a ordem judicial tenha sido cumprida<\/em>\u201d, anotaram, destacando ainda que casos desse tipo tem sido recorrente.<\/p>\n\n\n\n<p>Na nota os advogados destacaram ainda que \u201c<em>ao entrar em contato com pres\u00eddio para pleitear o cumprimento da decis\u00e3o, fui recebido com grosseria, aus\u00eancia total de cordialidade e flagrante falta de preparo por parte de alguns servidores. Tal postura demonstra n\u00e3o apenas incompet\u00eancia administrativa, mas tamb\u00e9m profundo desrespeito ao exerc\u00edcio da advocacia, essencial \u00e0 administra\u00e7\u00e3o da justi\u00e7a (art. 133 da Constitui\u00e7\u00e3o Federal)<\/em>\u201d, anotaram.<\/p>\n\n\n\n<p><strong>Confira a nota na \u00edntegra:<\/strong><\/p>\n\n\n\n<p>\u201c<em>Prezados(as) leitores(as), Na qualidade de advogado \u2014 e, acima de tudo, de cidad\u00e3o comprometida com o Estado Democr\u00e1tico de Direito \u2014 venho manifestar meu mais veemente rep\u00fadio \u00e0 recorrente neglig\u00eancia e ao claro abuso de autoridade praticados pelo Pres\u00eddio de Juazeiro-BA.&nbsp;<\/em><\/p>\n\n\n\n<p><em>Na \u00faltima sexta-feira, 04 de julho de 2025, \u00e0s 10 h, o estabelecimento prisional recebeu alvar\u00e1 de soltura expedido pelo ju\u00edzo competente, determinando a imediata liberta\u00e7\u00e3o de um r\u00e9u que, at\u00e9 ent\u00e3o, se encontrava preso preventivamente.&nbsp;<br>Passadas mais de 50 horas, chegamos a esta segunda-feira, 07 de julho de 2025, \u00e0s 12 h, sem que a ordem judicial tenha sido cumprida. Este lament\u00e1vel atraso n\u00e3o \u00e9 fato isolado: trata-se de mais um cap\u00edtulo de um hist\u00f3rico de descaso sistem\u00e1tico \u00e0 autoridade do Poder Judici\u00e1rio e ao direito fundamental \u00e0 liberdade.<\/em><\/p>\n\n\n\n<p><em>Cumpre ainda registrar que, ao entrar em contato com pres\u00eddio para pleitear o cumprimento da decis\u00e3o, fui recebido com grosseria, aus\u00eancia total de cordialidade e flagrante falta de preparo por parte de alguns servidores. Tal postura demonstra n\u00e3o apenas incompet\u00eancia administrativa, mas tamb\u00e9m profundo desrespeito ao exerc\u00edcio da advocacia, essencial \u00e0 administra\u00e7\u00e3o da justi\u00e7a (art. 133 da Constitui\u00e7\u00e3o Federal). A agressividade verbal e a recusa em fornecer informa\u00e7\u00f5es transparentes agravam o cen\u00e1rio de viola\u00e7\u00e3o de direitos \u2014 tanto do custodiado quanto de sua defesa t\u00e9cnica.&nbsp;<\/em><\/p>\n\n\n\n<p><em>N\u00e3o se trata apenas de um problema administrativo, mas de flagrante viola\u00e7\u00e3o dos direitos humanos e do princ\u00edpio da dignidade da pessoa humana. Manter algu\u00e9m encarcerado al\u00e9m do tempo legal equivale a pris\u00e3o ilegal, pass\u00edvel de responsabiliza\u00e7\u00e3o c\u00edvel, administrativa e criminal dos agentes envolvidos.&nbsp;<\/em><\/p>\n\n\n\n<p><em>\u00c0 popula\u00e7\u00e3o de Juazeiro e regi\u00e3o, reitero que o sil\u00eancio diante de casos assim significa avalizar pr\u00e1ticas que corroem a confian\u00e7a nas institui\u00e7\u00f5es. \u00c9 nosso dever coletivo fiscalizar e exigir que o direito prevale\u00e7a sobre a arbitrariedade.&nbsp;<br>Oseias Alves e Mariana Ribeiro \u2013 advogados<\/em>.\u201d<\/p>\n\n\n\n<p>A redeGN aguarda uma manifesta\u00e7\u00e3o da dire\u00e7\u00e3o do pres\u00eddio em Juazeiro sobre a den\u00fancia.<\/p>\n\n\n\n<p>Da reda\u00e7\u00e3o redeGN<\/p>\n","protected":false},"excerpt":{"rendered":"<p>Em manifesto encaminhado \u00e0 redeGN, nesta segunda-feira (7), o escrit\u00f3rio de advocacia, Alves Ribeiro, que tem como titulares os advogados Mariana Ribeiro e Oseias Alves, repudiaram o que consideram \u201cRecorrente neglig\u00eancia e ao claro abuso de autoridade\u201d o que,&nbsp;segundo eles, vem sendo praticado no Pres\u00eddio de Juazeiro-BA. De acordo com a nota, \u201co estabelecimento prisional [&hellip;]<\/p>\n","protected":false},"author":2,"featured_media":31830,"comment_status":"open","ping_status":"open","sticky":false,"template":"","format":"standard","meta":{"_jetpack_memberships_contains_paid_content":false,"footnotes":""},"categories":[3],"tags":[],"class_list":["post-31829","post","type-post","status-publish","format-standard","has-post-thumbnail","hentry","category-regional"],"aioseo_notices":[],"jetpack_featured_media_url":"https:\/\/i0.wp.com\/minutobahia24h.com.br\/wp-content\/uploads\/2025\/07\/Sem-titulo-81.jpg?fit=679%2C667&ssl=1","jetpack_sharing_enabled":true,"_links":{"self":[{"href":"https:\/\/minutobahia24h.com.br\/index.php?rest_route=\/wp\/v2\/posts\/31829","targetHints":{"allow":["GET"]}}],"collection":[{"href":"https:\/\/minutobahia24h.com.br\/index.php?rest_route=\/wp\/v2\/posts"}],"about":[{"href":"https:\/\/minutobahia24h.com.br\/index.php?rest_route=\/wp\/v2\/types\/post"}],"author":[{"embeddable":true,"href":"https:\/\/minutobahia24h.com.br\/index.php?rest_route=\/wp\/v2\/users\/2"}],"replies":[{"embeddable":true,"href":"https:\/\/minutobahia24h.com.br\/index.php?rest_route=%2Fwp%2Fv2%2Fcomments&post=31829"}],"version-history":[{"count":1,"href":"https:\/\/minutobahia24h.com.br\/index.php?rest_route=\/wp\/v2\/posts\/31829\/revisions"}],"predecessor-version":[{"id":31831,"href":"https:\/\/minutobahia24h.com.br\/index.php?rest_route=\/wp\/v2\/posts\/31829\/revisions\/31831"}],"wp:featuredmedia":[{"embeddable":true,"href":"https:\/\/minutobahia24h.com.br\/index.php?rest_route=\/wp\/v2\/media\/31830"}],"wp:attachment":[{"href":"https:\/\/minutobahia24h.com.br\/index.php?rest_route=%2Fwp%2Fv2%2Fmedia&parent=31829"}],"wp:term":[{"taxonomy":"category","embeddable":true,"href":"https:\/\/minutobahia24h.com.br\/index.php?rest_route=%2Fwp%2Fv2%2Fcategories&post=31829"},{"taxonomy":"post_tag","embeddable":true,"href":"https:\/\/minutobahia24h.com.br\/index.php?rest_route=%2Fwp%2Fv2%2Ftags&post=31829"}],"curies":[{"name":"wp","href":"https:\/\/api.w.org\/{rel}","templated":true}]}}