{"id":31826,"date":"2025-07-08T07:08:02","date_gmt":"2025-07-08T10:08:02","guid":{"rendered":"https:\/\/minutobahia24h.com.br\/?p=31826"},"modified":"2025-07-08T07:08:10","modified_gmt":"2025-07-08T10:08:10","slug":"animacao-nordestina-leva-a-caatinga-para-o-centro-do-debate-ambiental","status":"publish","type":"post","link":"https:\/\/minutobahia24h.com.br\/?p=31826","title":{"rendered":"Anima\u00e7\u00e3o nordestina leva a Caatinga para o centro do debate ambiental"},"content":{"rendered":"<div class=\"wp-block-image\">\n<figure class=\"aligncenter size-full\"><img data-recalc-dims=\"1\" fetchpriority=\"high\" decoding=\"async\" width=\"733\" height=\"1024\" src=\"https:\/\/i0.wp.com\/minutobahia24h.com.br\/wp-content\/uploads\/2025\/07\/Sem-titulo-80.jpg?resize=733%2C1024&#038;ssl=1\" alt=\"\" class=\"wp-image-31827\" srcset=\"https:\/\/i0.wp.com\/minutobahia24h.com.br\/wp-content\/uploads\/2025\/07\/Sem-titulo-80.jpg?w=733&amp;ssl=1 733w, https:\/\/i0.wp.com\/minutobahia24h.com.br\/wp-content\/uploads\/2025\/07\/Sem-titulo-80.jpg?resize=215%2C300&amp;ssl=1 215w, https:\/\/i0.wp.com\/minutobahia24h.com.br\/wp-content\/uploads\/2025\/07\/Sem-titulo-80.jpg?resize=360%2C504&amp;ssl=1 360w\" sizes=\"(max-width: 733px) 100vw, 733px\" \/><figcaption class=\"wp-element-caption\">Foto: Ascom\/ Divulga\u00e7\u00e3o<br><\/figcaption><\/figure>\n<\/div>\n\n\n<p>O ambientalista e produtor cultural Victor Flores acaba de lan\u00e7ar o m\u00e9dia-metragem de anima\u00e7\u00e3o Tita: Semente do Sol, durante o Festival Internacional de Cinema Infantil (FICI), considerado o maior e mais tradicional evento de cinema voltado ao p\u00fablico infantojuvenil no Brasil. A edi\u00e7\u00e3o deste ano acontece no Rio de Janeiro e disponibiliza parte da programa\u00e7\u00e3o de forma online e gratuita.<\/p>\n\n\n\n<p>Com dire\u00e7\u00e3o de Eduardo Padr\u00e3o, roteiro de Erickson Marinho e produ\u00e7\u00e3o da Viu Cine, Semente do Sol apresenta uma hist\u00f3ria com tem\u00e1tica ambiental urgente. Ap\u00f3s um sonho apocal\u00edptico envolvendo uma explos\u00e3o de calor, a jovem Tita re\u00fane amigos da fauna nordestina e embarca em uma jornada at\u00e9 a Amaz\u00f4nia. A miss\u00e3o: levar o conhecimento ancestral e as plantas resistentes da Caatinga como forma de ajudar na preserva\u00e7\u00e3o do bioma amaz\u00f4nico.<\/p>\n\n\n\n<p>Voltado para crian\u00e7as e fam\u00edlias, o filme prop\u00f5e reflex\u00f5es sobre mudan\u00e7as clim\u00e1ticas, desmatamento e restaura\u00e7\u00e3o ambiental de forma l\u00fadica, educativa e acess\u00edvel. A produ\u00e7\u00e3o foi viabilizada com recursos da Lei de Incentivo \u00e0 Cultura do Governo Federal, por meio do Minist\u00e9rio da Cultura, e conta com patroc\u00ednio da Bayer.<\/p>\n\n\n\n<p>Para Victor Flores, o projeto busca incluir o semi\u00e1rido no debate ambiental global: \u201c<em>Neste ano a COP ser\u00e1 realizada na Amaz\u00f4nia, mas o nosso objetivo \u00e9 fazer a Caatinga entrar no debate ambiental internacional, valorizando o nosso bioma para que possamos preservar e avan\u00e7ar em educa\u00e7\u00e3o ambiental. O cinema \u00e9 uma ferramenta poderosa nesse sentido<\/em>\u201d, afirma.<\/p>\n\n\n\n<p>Criado em 2003, o FICI promove o acesso democr\u00e1tico ao audiovisual com sess\u00f5es presenciais, oficinas e debates. A anima\u00e7\u00e3o&nbsp;<em>Tita: Semente do Sol<\/em>&nbsp;est\u00e1 dispon\u00edvel gratuitamente at\u00e9 o dia 27 de julho na plataforma oficial do festival, sendo uma excelente op\u00e7\u00e3o para o per\u00edodo de f\u00e9rias escolares. Assista ao filme e saiba mais sobre o festival no site oficial:&nbsp;<a href=\"http:\/\/fici.com.br\/\">fici.com.br<\/a><\/p>\n\n\n\n<p>carlosbritto<\/p>\n","protected":false},"excerpt":{"rendered":"<p>O ambientalista e produtor cultural Victor Flores acaba de lan\u00e7ar o m\u00e9dia-metragem de anima\u00e7\u00e3o Tita: Semente do Sol, durante o Festival Internacional de Cinema Infantil (FICI), considerado o maior e mais tradicional evento de cinema voltado ao p\u00fablico infantojuvenil no Brasil. A edi\u00e7\u00e3o deste ano acontece no Rio de Janeiro e disponibiliza parte da programa\u00e7\u00e3o [&hellip;]<\/p>\n","protected":false},"author":2,"featured_media":31827,"comment_status":"open","ping_status":"open","sticky":false,"template":"","format":"standard","meta":{"_jetpack_memberships_contains_paid_content":false,"footnotes":""},"categories":[46],"tags":[],"class_list":["post-31826","post","type-post","status-publish","format-standard","has-post-thumbnail","hentry","category-noticia"],"aioseo_notices":[],"jetpack_featured_media_url":"https:\/\/i0.wp.com\/minutobahia24h.com.br\/wp-content\/uploads\/2025\/07\/Sem-titulo-80.jpg?fit=733%2C1024&ssl=1","jetpack_sharing_enabled":true,"_links":{"self":[{"href":"https:\/\/minutobahia24h.com.br\/index.php?rest_route=\/wp\/v2\/posts\/31826","targetHints":{"allow":["GET"]}}],"collection":[{"href":"https:\/\/minutobahia24h.com.br\/index.php?rest_route=\/wp\/v2\/posts"}],"about":[{"href":"https:\/\/minutobahia24h.com.br\/index.php?rest_route=\/wp\/v2\/types\/post"}],"author":[{"embeddable":true,"href":"https:\/\/minutobahia24h.com.br\/index.php?rest_route=\/wp\/v2\/users\/2"}],"replies":[{"embeddable":true,"href":"https:\/\/minutobahia24h.com.br\/index.php?rest_route=%2Fwp%2Fv2%2Fcomments&post=31826"}],"version-history":[{"count":1,"href":"https:\/\/minutobahia24h.com.br\/index.php?rest_route=\/wp\/v2\/posts\/31826\/revisions"}],"predecessor-version":[{"id":31828,"href":"https:\/\/minutobahia24h.com.br\/index.php?rest_route=\/wp\/v2\/posts\/31826\/revisions\/31828"}],"wp:featuredmedia":[{"embeddable":true,"href":"https:\/\/minutobahia24h.com.br\/index.php?rest_route=\/wp\/v2\/media\/31827"}],"wp:attachment":[{"href":"https:\/\/minutobahia24h.com.br\/index.php?rest_route=%2Fwp%2Fv2%2Fmedia&parent=31826"}],"wp:term":[{"taxonomy":"category","embeddable":true,"href":"https:\/\/minutobahia24h.com.br\/index.php?rest_route=%2Fwp%2Fv2%2Fcategories&post=31826"},{"taxonomy":"post_tag","embeddable":true,"href":"https:\/\/minutobahia24h.com.br\/index.php?rest_route=%2Fwp%2Fv2%2Ftags&post=31826"}],"curies":[{"name":"wp","href":"https:\/\/api.w.org\/{rel}","templated":true}]}}